{"id":3407,"date":"2015-08-04T04:03:15","date_gmt":"2015-08-04T04:03:15","guid":{"rendered":"https:\/\/armstrongyregion.com.ar\/diario\/?p=3407"},"modified":"2015-08-04T04:03:15","modified_gmt":"2015-08-04T04:03:15","slug":"deliberando-candidato-a-parlamentario-del-mercosur-y-senador-electo-dto-belgrano","status":"publish","type":"post","link":"https:\/\/armstrongyregion.com.ar\/diario\/deliberando-candidato-a-parlamentario-del-mercosur-y-senador-electo-dto-belgrano\/","title":{"rendered":"Deliberando. Candidato a Parlamentario del Mercosur y Senador electo Dto. Belgrano."},"content":{"rendered":"<p><a href=\"http:\/\/armstrongyregion.com.ar\/diario\/wp-content\/uploads\/2015\/08\/DSC04585.jpg\"><img loading=\"lazy\" decoding=\"async\" class=\"alignnone size-medium wp-image-3408\" src=\"http:\/\/armstrongyregion.com.ar\/diario\/wp-content\/uploads\/2015\/08\/DSC04585-300x191.jpg\" alt=\"Guillermo-Cornaglia-Deliberando-Armstrong-y-region-\" width=\"300\" height=\"191\" srcset=\"https:\/\/armstrongyregion.com.ar\/diario\/wp-content\/uploads\/2015\/08\/DSC04585-300x191.jpg 300w, https:\/\/armstrongyregion.com.ar\/diario\/wp-content\/uploads\/2015\/08\/DSC04585.jpg 768w\" sizes=\"auto, (max-width: 300px) 100vw, 300px\" \/><\/a>Este martes en \u00abDeliberando\u00bb dialogaremos con Diego Mansilla, Candidato a Diputado\u00a0 Parlamentario del Mercosur. Cu\u00e1l ser\u00e1 el trabajo que desarrollara \u00a0en beneficio de toda la regi\u00f3n en caso de resultar electo. Visitas a cada rinc\u00f3n de la provincia y el compromiso de fortalecer todo lo conseguido en estos a\u00f1os y el trabajo por todo lo que falta.<\/p>\n<p>Guillermo Cornaglia, actual Pte Comunal de Bouquet, nos informar\u00e1 sobre los recursos que deja en esta comuna, proyectos y obras a continuar.<\/p>\n<p>A partir del 10 de diciembre, asumir\u00e1 a la senadur\u00eda de la pcia. cu\u00e1l ser\u00e1 su impronta, reuniones realizadas hasta el momento con diversas instituciones del Departamento.<\/p>\n<p>Todo este martes en DELIBERANDO, a las 21hs.\u00a0 con la conducci\u00f3n de la licenciada Graciela de la Casa y Oscar Crispino.<\/p>\n<p>&nbsp;<\/p>\n","protected":false},"excerpt":{"rendered":"<p>Este martes en \u00abDeliberando\u00bb dialogaremos con Diego Mansilla, Candidato a Diputado\u00a0 Parlamentario del Mercosur. Cu\u00e1l ser\u00e1 el trabajo que desarrollara \u00a0en beneficio de toda la regi\u00f3n en caso de resultar electo. Visitas a cada rinc\u00f3n de la provincia y el compromiso de fortalecer todo lo conseguido en estos a\u00f1os y el trabajo por todo lo <a href=\"https:\/\/armstrongyregion.com.ar\/diario\/deliberando-candidato-a-parlamentario-del-mercosur-y-senador-electo-dto-belgrano\/\" title=\"Read more\" >&#8230;<\/a><\/p>\n","protected":false},"author":2,"featured_media":3408,"comment_status":"open","ping_status":"open","sticky":false,"template":"","format":"standard","meta":{"_jetpack_memberships_contains_paid_content":false,"footnotes":"","jetpack_publicize_message":"","jetpack_publicize_feature_enabled":true,"jetpack_social_post_already_shared":false,"jetpack_social_options":{"image_generator_settings":{"template":"highway","default_image_id":0,"enabled":false},"version":2}},"categories":[8,1,2,7,3],"tags":[33,873,600,53,44,1274,1071,2436,2435,238,13],"class_list":["post-3407","post","type-post","status-publish","format-standard","has-post-thumbnail","hentry","category-deliberando","category-diario-armstrong","category-locales","category-politica","category-region","tag-a","tag-belgrano","tag-candidato","tag-del","tag-deliberando-2","tag-dto","tag-electo","tag-mercosur","tag-parlamentario","tag-senador","tag-y"],"jetpack_publicize_connections":[],"jetpack_featured_media_url":"https:\/\/armstrongyregion.com.ar\/diario\/wp-content\/uploads\/2015\/08\/DSC04585.jpg","jetpack_shortlink":"https:\/\/wp.me\/p62QDO-SX","jetpack_sharing_enabled":true,"amp_enabled":true,"_links":{"self":[{"href":"https:\/\/armstrongyregion.com.ar\/diario\/wp-json\/wp\/v2\/posts\/3407","targetHints":{"allow":["GET"]}}],"collection":[{"href":"https:\/\/armstrongyregion.com.ar\/diario\/wp-json\/wp\/v2\/posts"}],"about":[{"href":"https:\/\/armstrongyregion.com.ar\/diario\/wp-json\/wp\/v2\/types\/post"}],"author":[{"embeddable":true,"href":"https:\/\/armstrongyregion.com.ar\/diario\/wp-json\/wp\/v2\/users\/2"}],"replies":[{"embeddable":true,"href":"https:\/\/armstrongyregion.com.ar\/diario\/wp-json\/wp\/v2\/comments?post=3407"}],"version-history":[{"count":0,"href":"https:\/\/armstrongyregion.com.ar\/diario\/wp-json\/wp\/v2\/posts\/3407\/revisions"}],"wp:featuredmedia":[{"embeddable":true,"href":"https:\/\/armstrongyregion.com.ar\/diario\/wp-json\/wp\/v2\/media\/3408"}],"wp:attachment":[{"href":"https:\/\/armstrongyregion.com.ar\/diario\/wp-json\/wp\/v2\/media?parent=3407"}],"wp:term":[{"taxonomy":"category","embeddable":true,"href":"https:\/\/armstrongyregion.com.ar\/diario\/wp-json\/wp\/v2\/categories?post=3407"},{"taxonomy":"post_tag","embeddable":true,"href":"https:\/\/armstrongyregion.com.ar\/diario\/wp-json\/wp\/v2\/tags?post=3407"}],"curies":[{"name":"wp","href":"https:\/\/api.w.org\/{rel}","templated":true}]}}