{"id":3404,"date":"2015-08-04T03:10:01","date_gmt":"2015-08-04T03:10:01","guid":{"rendered":"https:\/\/armstrongyregion.com.ar\/diario\/?p=3404"},"modified":"2015-08-04T03:10:01","modified_gmt":"2015-08-04T03:10:01","slug":"hermes-binner-de-recorrida-por-canada-de-gomez-y-armstrong","status":"publish","type":"post","link":"https:\/\/armstrongyregion.com.ar\/diario\/hermes-binner-de-recorrida-por-canada-de-gomez-y-armstrong\/","title":{"rendered":"Hermes Binner de recorrida por Ca\u00f1ada de G\u00f3mez y Armstrong."},"content":{"rendered":"<p><a href=\"http:\/\/armstrongyregion.com.ar\/diario\/wp-content\/uploads\/2015\/08\/foto1-6.jpg\"><img loading=\"lazy\" decoding=\"async\" class=\"alignnone size-medium wp-image-3405\" src=\"http:\/\/armstrongyregion.com.ar\/diario\/wp-content\/uploads\/2015\/08\/foto1-6-300x200.jpg\" alt=\"Binner-Armstrong-y-Region-\" width=\"300\" height=\"200\" srcset=\"https:\/\/armstrongyregion.com.ar\/diario\/wp-content\/uploads\/2015\/08\/foto1-6-300x200.jpg 300w, https:\/\/armstrongyregion.com.ar\/diario\/wp-content\/uploads\/2015\/08\/foto1-6-1024x682.jpg 1024w, https:\/\/armstrongyregion.com.ar\/diario\/wp-content\/uploads\/2015\/08\/foto1-6.jpg 1280w\" sizes=\"auto, (max-width: 300px) 100vw, 300px\" \/><\/a>Binner: \u00abNo nos seducen las luces de Buenos Aires, nos desvela defender Santa Fe\u201d<\/p>\n<p>En la ma\u00f1ana del lunes 3 de agosto, el diputado y candidato a senador nacional, Hermes Binner, asegur\u00f3 que a \u201clos dirigentes del Frente Progresista, C\u00edvico y Social nos diferenciamos porque no vamos a Buenos Aires para que nos seduzcan las luces del centro sino para defender los intereses de Santa Fe\u201d.<\/p>\n<p>En una recorrida por Ca\u00f1ada de G\u00f3mez y Armstrong, el legislador afirm\u00f3: \u201cCuando vemos que alg\u00fan candidato desconoce la deuda que tiene la Naci\u00f3n con Santa Fe, le decimos que no solo est\u00e1 mintiendo sino que est\u00e1 perjudicando a nuestra provincia, a su erario p\u00fablico, y en definitiva a sus pobladores\u201d.<\/p>\n<p>\u201cDel di\u00e1logo siempre surgen propuestas e ideas nuevas, pero ponemos un l\u00edmite que es la defensa de los intereses de los santafesinos, porque para eso nos eligieron, para eso vamos a llegar junto con Marta Speranza al Senado de la Naci\u00f3n\u201d, asegur\u00f3 Binner.<\/p>\n<p>El legislador asegur\u00f3 que \u201clos santafesinos ya no quieren senadores mudos o que respondan a los intereses de la Casa Rosada, quieren representantes honestos, activos y que conozcan las necesidades de la provincia. Por eso la propuesta del Frente Progresista, C\u00edvico y Social va a ser la m\u00e1s votada\u201d, afirm\u00f3.<\/p>\n<p>\u201cTenemos trayectoria, conocemos la provincia, la hemos gobernado sin ning\u00fan caso de corrupci\u00f3n, algo que no todos pueden mostrar como lo hacemos desde el Frente Progresista\u201d, asegur\u00f3 Binner.<\/p>\n<p>En Armstrong, Binner estuvo con el intendente Pablo Verdecchia y en Ca\u00f1ada con los concejales Luciano Travaglino y Mat\u00edas Chale. Tambi\u00e9n estuvieron presentes los candidatos a Diputados Nacionales Hugo Marcucci, M\u00f3nica Peralta, Pablo Lamberto, Juan Cruz C\u00e1ndido y Ayel\u00e9n Baracat.<\/p>\n","protected":false},"excerpt":{"rendered":"<p>Binner: \u00abNo nos seducen las luces de Buenos Aires, nos desvela defender Santa Fe\u201d En la ma\u00f1ana del lunes 3 de agosto, el diputado y candidato a senador nacional, Hermes Binner, asegur\u00f3 que a \u201clos dirigentes del Frente Progresista, C\u00edvico y Social nos diferenciamos porque no vamos a Buenos Aires para que nos seduzcan las <a href=\"https:\/\/armstrongyregion.com.ar\/diario\/hermes-binner-de-recorrida-por-canada-de-gomez-y-armstrong\/\" title=\"Read more\" >&#8230;<\/a><\/p>\n","protected":false},"author":2,"featured_media":3405,"comment_status":"open","ping_status":"open","sticky":false,"template":"","format":"standard","meta":{"_jetpack_memberships_contains_paid_content":false,"footnotes":"","jetpack_publicize_message":"","jetpack_publicize_feature_enabled":true,"jetpack_social_post_already_shared":false,"jetpack_social_options":{"image_generator_settings":{"template":"highway","default_image_id":0,"enabled":false},"version":2}},"categories":[1,2,7,3],"tags":[20,1272,163,19,164,1271,60,2434,13],"class_list":["post-3404","post","type-post","status-publish","format-standard","has-post-thumbnail","hentry","category-diario-armstrong","category-locales","category-politica","category-region","tag-armstrong","tag-binner","tag-canada","tag-de","tag-gomez","tag-hermes","tag-por","tag-recorrida","tag-y"],"jetpack_publicize_connections":[],"jetpack_featured_media_url":"https:\/\/armstrongyregion.com.ar\/diario\/wp-content\/uploads\/2015\/08\/foto1-6.jpg","jetpack_shortlink":"https:\/\/wp.me\/p62QDO-SU","jetpack_sharing_enabled":true,"amp_enabled":true,"_links":{"self":[{"href":"https:\/\/armstrongyregion.com.ar\/diario\/wp-json\/wp\/v2\/posts\/3404","targetHints":{"allow":["GET"]}}],"collection":[{"href":"https:\/\/armstrongyregion.com.ar\/diario\/wp-json\/wp\/v2\/posts"}],"about":[{"href":"https:\/\/armstrongyregion.com.ar\/diario\/wp-json\/wp\/v2\/types\/post"}],"author":[{"embeddable":true,"href":"https:\/\/armstrongyregion.com.ar\/diario\/wp-json\/wp\/v2\/users\/2"}],"replies":[{"embeddable":true,"href":"https:\/\/armstrongyregion.com.ar\/diario\/wp-json\/wp\/v2\/comments?post=3404"}],"version-history":[{"count":0,"href":"https:\/\/armstrongyregion.com.ar\/diario\/wp-json\/wp\/v2\/posts\/3404\/revisions"}],"wp:featuredmedia":[{"embeddable":true,"href":"https:\/\/armstrongyregion.com.ar\/diario\/wp-json\/wp\/v2\/media\/3405"}],"wp:attachment":[{"href":"https:\/\/armstrongyregion.com.ar\/diario\/wp-json\/wp\/v2\/media?parent=3404"}],"wp:term":[{"taxonomy":"category","embeddable":true,"href":"https:\/\/armstrongyregion.com.ar\/diario\/wp-json\/wp\/v2\/categories?post=3404"},{"taxonomy":"post_tag","embeddable":true,"href":"https:\/\/armstrongyregion.com.ar\/diario\/wp-json\/wp\/v2\/tags?post=3404"}],"curies":[{"name":"wp","href":"https:\/\/api.w.org\/{rel}","templated":true}]}}