{"id":34020,"date":"2022-04-20T00:54:11","date_gmt":"2022-04-20T00:54:11","guid":{"rendered":"https:\/\/armstrongyregion.com.ar\/diario\/?p=34020"},"modified":"2022-04-20T00:54:12","modified_gmt":"2022-04-20T00:54:12","slug":"blanco-el-gobierno-de-perotti-no-esta-a-la-altura-de-la-gravedad-del-problema-de-la-inseguridad","status":"publish","type":"post","link":"https:\/\/armstrongyregion.com.ar\/diario\/blanco-el-gobierno-de-perotti-no-esta-a-la-altura-de-la-gravedad-del-problema-de-la-inseguridad\/","title":{"rendered":"Blanco; \u00abEl gobierno de Perotti no est\u00e1 a la altura de la gravedad del problema de la inseguridad\u00bb."},"content":{"rendered":"\n<figure class=\"wp-block-image size-large\"><img loading=\"lazy\" decoding=\"async\" width=\"600\" height=\"360\" src=\"http:\/\/armstrongyregion.com.ar\/diario\/wp-content\/uploads\/2022\/04\/blanco-.jpg\" alt=\"\" class=\"wp-image-34021\" srcset=\"https:\/\/armstrongyregion.com.ar\/diario\/wp-content\/uploads\/2022\/04\/blanco-.jpg 600w, https:\/\/armstrongyregion.com.ar\/diario\/wp-content\/uploads\/2022\/04\/blanco--300x180.jpg 300w\" sizes=\"auto, (max-width: 600px) 100vw, 600px\" \/><\/figure>\n\n\n\n<p>\n\nAs\u00ed se refiri\u00f3 el diputado provincial tras una nueva reuni\u00f3n de la Junta Provincial de Seguridad. \u201cNo obtuvimos respuestas sobre lo que est\u00e1 sucediendo\u201d, dijo._<br>El diputado socialista, Joaqu\u00edn Blanco, particip\u00f3 del segundo encuentro de la Junta Provincial de Seguridad. \u201cQued\u00f3 demostrado la debilidad que tiene el Gobierno de Santa Fe para hacer frente a la creciente problem\u00e1tica de la inseguridad en todo el territorio. No hay plan ni reacci\u00f3n ante todo lo que ocurre\u201d, critic\u00f3.<br>\u201cEsta segunda reuni\u00f3n nos dej\u00f3 muy preocupados. Lamentablemente estamos igual o peor que en febrero. Todas las propuestas que se hicieron en la \u00faltima reuni\u00f3n no tuvieron continuidad por parte del gobierno de Perotti\u201d, expres\u00f3 Blanco y remarc\u00f3 la ausencia del gobernador y de la vice. \u201cDeja a las claras la importancia que le brindan a este espacio donde nos encontramos todos los poderes del estado para trabajar en soluciones\u201d, critic\u00f3.<br>El diputado hizo referencia a una \u201ccuesti\u00f3n actitudinal, falta de reacci\u00f3n y de convencimiento\u201d sobre lo que intenta hacer el gobierno ante la escalada de violencia. \u201cHay excusas, tiempos que no llegan y cr\u00edticas internas sobre c\u00f3mo abordar, por ejemplo, el tema de la sobrepoblaci\u00f3n carcelaria o de las fugas que se est\u00e1n produciendo en comisar\u00edas producto de esa sobrepoblaci\u00f3n. No obtuvimos ninguna respuesta clara sobre esto, ya no hay capacidad de reacci\u00f3n sobre lo que est\u00e1 sucediendo\u201d, agreg\u00f3.<br>\u201cEn los \u00faltimos 10 d\u00edas, hubo tres fugas de comisar\u00edas (el 9, el 10 y el 19 del corriente mes) en Santa Fe, Santo Tom\u00e9 y P\u00e9rez. En Rosario, este lunes por la noche, tuvimos que lamentar cuatro muertes en 40 minutos, que suman 15 v\u00edctimas fatales en la \u00faltima semana. El gobierno no est\u00e1 a la altura de la gravedad del tema\u201d, asever\u00f3 el diputado provincial.<br>Por otro lado, hizo referencia a la poca coordinaci\u00f3n entre Provincia y Naci\u00f3n. \u201cEl ministro Lagna reconoci\u00f3 que todav\u00eda no pudo tener una reuni\u00f3n con An\u00edbal Fern\u00e1ndez por la llegada de los mil gendarmes que prometieron para fines de marzo. Sigue demorada la construcci\u00f3n de la c\u00e1rcel federal en Coronda que vienen anunciando hace muchos a\u00f1os. No hay plan ni di\u00e1logo\u201d, a\u00f1adi\u00f3 el diputado.<br>Tambi\u00e9n se refiri\u00f3 a la situaci\u00f3n en Rosario: \u201cEs preocupante la falta de pol\u00edticas para combatir el delito. Desde la oposici\u00f3n planteamos un plan de pacificaci\u00f3n para la ciudad con fuerzas provinciales y federales, con pol\u00edticas de prevenci\u00f3n en los lugares m\u00e1s calientes. Sin el estado presente en los barrios, la escalada de violencia va a seguir creciendo\u201d.<br>\u201cDesde el bloque socialista insistimos con una serie de propuestas concretas para revertir lo que est\u00e1 pasando. Debemos seguir profundizando estos espacios porque no hay otra salida que no sea el di\u00e1logo entre poderes\u201d, finaliz\u00f3 Blanco.\n\n<\/p>\n","protected":false},"excerpt":{"rendered":"<p>As\u00ed se refiri\u00f3 el diputado provincial tras una nueva reuni\u00f3n de la Junta Provincial de Seguridad. \u201cNo obtuvimos respuestas sobre lo que est\u00e1 sucediendo\u201d, dijo._El diputado socialista, Joaqu\u00edn Blanco, particip\u00f3 del segundo encuentro de la Junta Provincial de Seguridad. \u201cQued\u00f3 demostrado la debilidad que tiene el Gobierno de Santa Fe para hacer frente a la <a href=\"https:\/\/armstrongyregion.com.ar\/diario\/blanco-el-gobierno-de-perotti-no-esta-a-la-altura-de-la-gravedad-del-problema-de-la-inseguridad\/\" title=\"Read more\" >&#8230;<\/a><\/p>\n","protected":false},"author":1,"featured_media":34021,"comment_status":"open","ping_status":"open","sticky":false,"template":"","format":"image","meta":{"_jetpack_memberships_contains_paid_content":false,"footnotes":"","jetpack_publicize_message":"","jetpack_publicize_feature_enabled":true,"jetpack_social_post_already_shared":true,"jetpack_social_options":{"image_generator_settings":{"template":"highway","default_image_id":0,"enabled":false},"version":2}},"categories":[8,1,2,7,3],"tags":[],"class_list":["post-34020","post","type-post","status-publish","format-image","has-post-thumbnail","hentry","category-deliberando","category-diario-armstrong","category-locales","category-politica","category-region","post_format-post-format-image"],"jetpack_publicize_connections":[],"jetpack_featured_media_url":"https:\/\/armstrongyregion.com.ar\/diario\/wp-content\/uploads\/2022\/04\/blanco-.jpg","jetpack_shortlink":"https:\/\/wp.me\/p62QDO-8QI","jetpack_sharing_enabled":true,"amp_enabled":true,"_links":{"self":[{"href":"https:\/\/armstrongyregion.com.ar\/diario\/wp-json\/wp\/v2\/posts\/34020","targetHints":{"allow":["GET"]}}],"collection":[{"href":"https:\/\/armstrongyregion.com.ar\/diario\/wp-json\/wp\/v2\/posts"}],"about":[{"href":"https:\/\/armstrongyregion.com.ar\/diario\/wp-json\/wp\/v2\/types\/post"}],"author":[{"embeddable":true,"href":"https:\/\/armstrongyregion.com.ar\/diario\/wp-json\/wp\/v2\/users\/1"}],"replies":[{"embeddable":true,"href":"https:\/\/armstrongyregion.com.ar\/diario\/wp-json\/wp\/v2\/comments?post=34020"}],"version-history":[{"count":1,"href":"https:\/\/armstrongyregion.com.ar\/diario\/wp-json\/wp\/v2\/posts\/34020\/revisions"}],"predecessor-version":[{"id":34022,"href":"https:\/\/armstrongyregion.com.ar\/diario\/wp-json\/wp\/v2\/posts\/34020\/revisions\/34022"}],"wp:featuredmedia":[{"embeddable":true,"href":"https:\/\/armstrongyregion.com.ar\/diario\/wp-json\/wp\/v2\/media\/34021"}],"wp:attachment":[{"href":"https:\/\/armstrongyregion.com.ar\/diario\/wp-json\/wp\/v2\/media?parent=34020"}],"wp:term":[{"taxonomy":"category","embeddable":true,"href":"https:\/\/armstrongyregion.com.ar\/diario\/wp-json\/wp\/v2\/categories?post=34020"},{"taxonomy":"post_tag","embeddable":true,"href":"https:\/\/armstrongyregion.com.ar\/diario\/wp-json\/wp\/v2\/tags?post=34020"}],"curies":[{"name":"wp","href":"https:\/\/api.w.org\/{rel}","templated":true}]}}