{"id":33973,"date":"2022-04-14T17:27:01","date_gmt":"2022-04-14T17:27:01","guid":{"rendered":"https:\/\/armstrongyregion.com.ar\/diario\/?p=33973"},"modified":"2022-04-14T17:27:02","modified_gmt":"2022-04-14T17:27:02","slug":"clara-garcia-el-productor-santafesino-busca-crecer-y-generar-empleo-pero-la-inestabilidad-lo-dificulta","status":"publish","type":"post","link":"https:\/\/armstrongyregion.com.ar\/diario\/clara-garcia-el-productor-santafesino-busca-crecer-y-generar-empleo-pero-la-inestabilidad-lo-dificulta\/","title":{"rendered":"Clara Garc\u00eda: \u00abEl productor santafesino busca crecer y generar empleo, pero la inestabilidad lo dificulta\u00bb."},"content":{"rendered":"\n<figure class=\"wp-block-image size-large\"><img loading=\"lazy\" decoding=\"async\" width=\"640\" height=\"426\" src=\"http:\/\/armstrongyregion.com.ar\/diario\/wp-content\/uploads\/2022\/04\/Clarita-Garcia-14-04.jpg\" alt=\"\" class=\"wp-image-33974\" srcset=\"https:\/\/armstrongyregion.com.ar\/diario\/wp-content\/uploads\/2022\/04\/Clarita-Garcia-14-04.jpg 640w, https:\/\/armstrongyregion.com.ar\/diario\/wp-content\/uploads\/2022\/04\/Clarita-Garcia-14-04-300x200.jpg 300w\" sizes=\"auto, (max-width: 640px) 100vw, 640px\" \/><\/figure>\n\n\n\n<p>\n\nDe recorrida por el interior de la provincia,&nbsp; en di\u00e1logo con intendentes y empresarios, la diputada se refiri\u00f3 al impacto de la inflaci\u00f3n y advirti\u00f3 que hay industrias \u201cque no disponen de la energ\u00eda el\u00e9ctrica o los combustibles que necesitan; a la vez, no tenemos biocombustibles, cuya producci\u00f3n podr\u00eda estar generando empleo de manera m\u00e1s sustentable para el ambiente\u201d._<br>La diputada provincial Clara Garc\u00eda (Socialistas-Frente Progresista) afirm\u00f3 que \u201cel empresario santafesino quiere crecer para dar m\u00e1s trabajo y hoy eso es lo que se le dificulta\u201d. De recorrida por el interior de la provincia, por los departamento San Javier y Garay, se\u00f1al\u00f3: \u201cVemos emprendimientos industriales que no disponen de la energ\u00eda el\u00e9ctrica o de los combustibles que necesitan; a la vez, no tenemos el biocombustible cuya producci\u00f3n podr\u00eda estar generando empleo de manera m\u00e1s sustentable para el ambiente\u201d, contrapuso en declaraciones period\u00edsticas.<br>La dirigente socialista, llev\u00f3 adelante una extensa agenda que comenz\u00f3 por la ma\u00f1ana en la ciudad de Santa Fe, y continu\u00f3 durante el d\u00eda con encuentros con las m\u00e1ximas autoridades de los gobiernos locales de San Javier, Cayast\u00e1, Romang y Alejandra, Mario Migno, Mar\u00eda Ver\u00f3nica Devia, Sergio Ramseyer y Oscar Dolzani respectivamente.<br>\u201cAdem\u00e1s, acabamos de conocer un \u00edndice de inflaci\u00f3n de 6,7% -prosigui\u00f3-, un porcentaje que para muchos pa\u00edses es el de todo un a\u00f1o y para la Argentina es solo para un mes. M\u00e1s que una batalla contra la inflaci\u00f3n, como dijo el presidente (Alberto Fern\u00e1ndez), hay que bajar las armas. La pol\u00edtica debe dejar de lado las peleas para encontrar, en una mesa de trabajo seria, la confianza para que nuestro sector empresario pueda tener certezas, dejar atr\u00e1s los temores y las expectativas negativas hacia el futuro. Y sobre todo \u2013puntualiz\u00f3-, para que nuestra gente no sufra cada d\u00eda con los precios que aumentan y los sueldos que no alcanzan\u201d.<br>Garc\u00eda visit\u00f3 a la maderera La Regi\u00f3n y un criadero de pac\u00fa en la zona de Colonia California. \u201cEstamos recorriendo el interior productivo de Santa Fe, en este caso la costa santafesina, tomando contacto con el empresario pyme, familiar y esforzado, que tiene la camiseta puesta y tanto trabaja para superar las dificultades\u201d, describi\u00f3.&nbsp;La legisladora resalt\u00f3 la importania de las actividades que permiten \u201caprovechar lo que la naturaleza brinda y agregar valor, unir producci\u00f3n con investigaci\u00f3n y llegar a modelos sustentables que generen trabajo. A los gobiernos les toca garantizar inversiones, que tengamos rutas en buenas condiciones, la energ\u00eda suficiente, que no falte el gasoil. Pero sin acuerdos pol\u00edticos no se solucionan los problemas estructurales, como la inflaci\u00f3n, la pobreza, la inseguridad\u201d.&nbsp;<br>Durante su visita a San Javier, la legisladora se reuni\u00f3 con el intendente Mario Migno en la sede municipal, y luego recorri\u00f3 la costanera de la ciudad. All\u00ed, a partir del financiamiento externo aprobado por la Legislatura la semana pasada, se construir\u00e1n 4 kil\u00f3metros de defensas sobre el r\u00edo San Javier, junto con una avenida costanera que incluir\u00e1 amplias zonas de parque. \u201cEsta obra significar\u00e1 un salto de calidad muy importante para los sanjavierinos porque permitir\u00e1 terminar con la erosi\u00f3n y el peligro que la situaci\u00f3n actual representa, y avanzar con un proyecto que ven\u00eda de la gesti\u00f3n provincial anterior, con una avenida costanera muy jerarquizada como paseo p\u00fablico. Es un proyecto que, adem\u00e1s, va a reforzar el potencial tur\u00edstico de la zona\u201d, destac\u00f3 la diputada.&nbsp;<br>Luego Garc\u00eda se dirigi\u00f3 a Alejandra, donde estuvo con el presidente comunal, Oscar Dolzani; y recorri\u00f3 obras concretadas con fondos propios de la Comuna, como la costanera y la defensa y la p\u00e9rgola en el centro de la localidad. Tambi\u00e9n pas\u00f3 por el camping y salud\u00f3 a integrantes de la Pe\u00f1a \u201cCua Pir\u00e1\u201d quienes, junto al gobierno local, organizan el 9\u00ba Concurso de Pesca Variada el 28 de mayo pr\u00f3ximo.&nbsp;<br>En tanto, al cierre de su gira, la diputada se reuni\u00f3 en Romang con el titular del Ejecutivo local, Sergio Ramseyer.&nbsp;<br>Por la ma\u00f1ana, hab\u00eda estado en Cayast\u00e1, donde fue recibida por la presidenta comunal, Mar\u00eda Ver\u00f3nica Devia.\n\n<\/p>\n","protected":false},"excerpt":{"rendered":"<p>De recorrida por el interior de la provincia,&nbsp; en di\u00e1logo con intendentes y empresarios, la diputada se refiri\u00f3 al impacto de la inflaci\u00f3n y advirti\u00f3 que hay industrias \u201cque no disponen de la energ\u00eda el\u00e9ctrica o los combustibles que necesitan; a la vez, no tenemos biocombustibles, cuya producci\u00f3n podr\u00eda estar generando empleo de manera m\u00e1s <a href=\"https:\/\/armstrongyregion.com.ar\/diario\/clara-garcia-el-productor-santafesino-busca-crecer-y-generar-empleo-pero-la-inestabilidad-lo-dificulta\/\" title=\"Read more\" >&#8230;<\/a><\/p>\n","protected":false},"author":1,"featured_media":33974,"comment_status":"open","ping_status":"open","sticky":false,"template":"","format":"image","meta":{"_jetpack_memberships_contains_paid_content":false,"footnotes":"","jetpack_publicize_message":"","jetpack_publicize_feature_enabled":true,"jetpack_social_post_already_shared":true,"jetpack_social_options":{"image_generator_settings":{"template":"highway","default_image_id":0,"enabled":false},"version":2}},"categories":[8,1,2,7],"tags":[],"class_list":["post-33973","post","type-post","status-publish","format-image","has-post-thumbnail","hentry","category-deliberando","category-diario-armstrong","category-locales","category-politica","post_format-post-format-image"],"jetpack_publicize_connections":[],"jetpack_featured_media_url":"https:\/\/armstrongyregion.com.ar\/diario\/wp-content\/uploads\/2022\/04\/Clarita-Garcia-14-04.jpg","jetpack_shortlink":"https:\/\/wp.me\/p62QDO-8PX","jetpack_sharing_enabled":true,"amp_enabled":true,"_links":{"self":[{"href":"https:\/\/armstrongyregion.com.ar\/diario\/wp-json\/wp\/v2\/posts\/33973","targetHints":{"allow":["GET"]}}],"collection":[{"href":"https:\/\/armstrongyregion.com.ar\/diario\/wp-json\/wp\/v2\/posts"}],"about":[{"href":"https:\/\/armstrongyregion.com.ar\/diario\/wp-json\/wp\/v2\/types\/post"}],"author":[{"embeddable":true,"href":"https:\/\/armstrongyregion.com.ar\/diario\/wp-json\/wp\/v2\/users\/1"}],"replies":[{"embeddable":true,"href":"https:\/\/armstrongyregion.com.ar\/diario\/wp-json\/wp\/v2\/comments?post=33973"}],"version-history":[{"count":1,"href":"https:\/\/armstrongyregion.com.ar\/diario\/wp-json\/wp\/v2\/posts\/33973\/revisions"}],"predecessor-version":[{"id":33975,"href":"https:\/\/armstrongyregion.com.ar\/diario\/wp-json\/wp\/v2\/posts\/33973\/revisions\/33975"}],"wp:featuredmedia":[{"embeddable":true,"href":"https:\/\/armstrongyregion.com.ar\/diario\/wp-json\/wp\/v2\/media\/33974"}],"wp:attachment":[{"href":"https:\/\/armstrongyregion.com.ar\/diario\/wp-json\/wp\/v2\/media?parent=33973"}],"wp:term":[{"taxonomy":"category","embeddable":true,"href":"https:\/\/armstrongyregion.com.ar\/diario\/wp-json\/wp\/v2\/categories?post=33973"},{"taxonomy":"post_tag","embeddable":true,"href":"https:\/\/armstrongyregion.com.ar\/diario\/wp-json\/wp\/v2\/tags?post=33973"}],"curies":[{"name":"wp","href":"https:\/\/api.w.org\/{rel}","templated":true}]}}