{"id":33969,"date":"2022-04-14T17:08:47","date_gmt":"2022-04-14T17:08:47","guid":{"rendered":"https:\/\/armstrongyregion.com.ar\/diario\/?p=33969"},"modified":"2022-04-14T17:08:48","modified_gmt":"2022-04-14T17:08:48","slug":"luzzi-a-ciudades-del-sur-de-santa-fe-de-700-o-1300-habitantes-les-aprobaron-proyectos-por-mas-de-20-millones-y-a-armstrong-no","status":"publish","type":"post","link":"https:\/\/armstrongyregion.com.ar\/diario\/luzzi-a-ciudades-del-sur-de-santa-fe-de-700-o-1300-habitantes-les-aprobaron-proyectos-por-mas-de-20-millones-y-a-armstrong-no\/","title":{"rendered":"Luzzi: \u201cA ciudades del sur de Santa Fe de 700 o 1300 habitantes les aprobaron proyectos por mas de 20 millones y a Armstrong no\u201d"},"content":{"rendered":"\n<figure class=\"wp-block-image size-large\"><img loading=\"lazy\" decoding=\"async\" width=\"447\" height=\"378\" src=\"http:\/\/armstrongyregion.com.ar\/diario\/wp-content\/uploads\/2022\/04\/Luzzi-14-04-guille.jpg\" alt=\"\" class=\"wp-image-33970\" srcset=\"https:\/\/armstrongyregion.com.ar\/diario\/wp-content\/uploads\/2022\/04\/Luzzi-14-04-guille.jpg 447w, https:\/\/armstrongyregion.com.ar\/diario\/wp-content\/uploads\/2022\/04\/Luzzi-14-04-guille-300x254.jpg 300w\" sizes=\"auto, (max-width: 447px) 100vw, 447px\" \/><\/figure>\n\n\n\n<p>\nEn la ultima sesi\u00f3n ordinaria el bloque de Renovaci\u00f3n por\nArmstrong, present\u00f3 una minuta de comunicaci\u00f3n sobre la falta de\niluminaci\u00f3n y mejorado de calle Elisa.<\/p>\n\n\n\n<p>Guillermo Luzzi,  referente del bloque oficialista, en dialogo con los medios locales dijo: \u201cCreo que los concejales de la oposici\u00f3n ya sab\u00edan que el 3 de mayo del corriente tendremos la grata noticia de que se va a licitar esa obra\u00bb. <\/p>\n\n\n\n<p>Luego el edil hizo una cronolog\u00eda, \u00bb En marzo o abril del 2021 se presenta este proyecto en el Plan Incluir el cual contemplaba calle Elisa completa, con cord\u00f3n cuneta y tres calles m\u00e1s, El Olivo, Pedro Ferrero e Hip\u00f3lito Irigoyen y cuando se pidi\u00f3 la presentaci\u00f3n desde la provincia, no hab\u00eda un monto aclarado. Vale remarcar que todas ciudades similares a la nuestra hab\u00edan pedido  25 millones de pesos o m\u00e1s; Armstrong tenia un monto de 20 millones, tuvimos una respuesta tard\u00eda y nos informaron que para que se apruebe el proyecto deb\u00edamos reducir ese monto a la mitad as\u00ed que bueno desde el ejecutivo se modifico y pudimos ejecutar calle Elisa\u201d.  <\/p>\n\n\n\n<p>Siguiendo la misma l\u00ednea de discurso Luzzi a\u00f1adi\u00f3: \u201cEn marzo de este a\u00f1o tuvimos una respuesta positiva de que el Plan Incluir ingresa, el detalle es que en un a\u00f1o los 10 millones de pesos, con la inflaci\u00f3n que tenemos se acotaron, pero de igual manera se llevar\u00e1 a cabo esta obra. Este es un anuncio espectacular, se har\u00e1 cord\u00f3n cuneta e iluminaci\u00f3n de punta a punta\u201d.  <\/p>\n\n\n\n<p>Cuando el periodismo repregunto  porque no sali\u00f3 el proyecto completo, el concejal respondi\u00f3: \u201cEso deber\u00edan de consultarlo al gobernador. Porque a ciudades del sur de Santa Fe, de 700 u 800 habitantes les aprobaron proyectos con fondos de 20 millones y mas tambi\u00e9n y aqu\u00ed nos dijeron que no. Pero bueno el municipio sigue creciendo de igual manera\u201d.  <\/p>\n","protected":false},"excerpt":{"rendered":"<p>En la ultima sesi\u00f3n ordinaria el bloque de Renovaci\u00f3n por Armstrong, present\u00f3 una minuta de comunicaci\u00f3n sobre la falta de iluminaci\u00f3n y mejorado de calle Elisa. Guillermo Luzzi, referente del bloque oficialista, en dialogo con los medios locales dijo: \u201cCreo que los concejales de la oposici\u00f3n ya sab\u00edan que el 3 de mayo del corriente <a href=\"https:\/\/armstrongyregion.com.ar\/diario\/luzzi-a-ciudades-del-sur-de-santa-fe-de-700-o-1300-habitantes-les-aprobaron-proyectos-por-mas-de-20-millones-y-a-armstrong-no\/\" title=\"Read more\" >&#8230;<\/a><\/p>\n","protected":false},"author":1,"featured_media":33970,"comment_status":"open","ping_status":"open","sticky":false,"template":"","format":"image","meta":{"_jetpack_memberships_contains_paid_content":false,"footnotes":"","jetpack_publicize_message":"","jetpack_publicize_feature_enabled":true,"jetpack_social_post_already_shared":true,"jetpack_social_options":{"image_generator_settings":{"template":"highway","default_image_id":0,"enabled":false},"version":2}},"categories":[8,1,2,7,3],"tags":[],"class_list":["post-33969","post","type-post","status-publish","format-image","has-post-thumbnail","hentry","category-deliberando","category-diario-armstrong","category-locales","category-politica","category-region","post_format-post-format-image"],"jetpack_publicize_connections":[],"jetpack_featured_media_url":"https:\/\/armstrongyregion.com.ar\/diario\/wp-content\/uploads\/2022\/04\/Luzzi-14-04-guille.jpg","jetpack_shortlink":"https:\/\/wp.me\/p62QDO-8PT","jetpack_sharing_enabled":true,"amp_enabled":true,"_links":{"self":[{"href":"https:\/\/armstrongyregion.com.ar\/diario\/wp-json\/wp\/v2\/posts\/33969","targetHints":{"allow":["GET"]}}],"collection":[{"href":"https:\/\/armstrongyregion.com.ar\/diario\/wp-json\/wp\/v2\/posts"}],"about":[{"href":"https:\/\/armstrongyregion.com.ar\/diario\/wp-json\/wp\/v2\/types\/post"}],"author":[{"embeddable":true,"href":"https:\/\/armstrongyregion.com.ar\/diario\/wp-json\/wp\/v2\/users\/1"}],"replies":[{"embeddable":true,"href":"https:\/\/armstrongyregion.com.ar\/diario\/wp-json\/wp\/v2\/comments?post=33969"}],"version-history":[{"count":1,"href":"https:\/\/armstrongyregion.com.ar\/diario\/wp-json\/wp\/v2\/posts\/33969\/revisions"}],"predecessor-version":[{"id":33971,"href":"https:\/\/armstrongyregion.com.ar\/diario\/wp-json\/wp\/v2\/posts\/33969\/revisions\/33971"}],"wp:featuredmedia":[{"embeddable":true,"href":"https:\/\/armstrongyregion.com.ar\/diario\/wp-json\/wp\/v2\/media\/33970"}],"wp:attachment":[{"href":"https:\/\/armstrongyregion.com.ar\/diario\/wp-json\/wp\/v2\/media?parent=33969"}],"wp:term":[{"taxonomy":"category","embeddable":true,"href":"https:\/\/armstrongyregion.com.ar\/diario\/wp-json\/wp\/v2\/categories?post=33969"},{"taxonomy":"post_tag","embeddable":true,"href":"https:\/\/armstrongyregion.com.ar\/diario\/wp-json\/wp\/v2\/tags?post=33969"}],"curies":[{"name":"wp","href":"https:\/\/api.w.org\/{rel}","templated":true}]}}