{"id":33939,"date":"2022-04-13T01:47:34","date_gmt":"2022-04-13T01:47:34","guid":{"rendered":"https:\/\/armstrongyregion.com.ar\/diario\/?p=33939"},"modified":"2022-04-13T01:47:35","modified_gmt":"2022-04-13T01:47:35","slug":"armstrong-volvemos-a-encontrarnos-en-la-feria","status":"publish","type":"post","link":"https:\/\/armstrongyregion.com.ar\/diario\/armstrong-volvemos-a-encontrarnos-en-la-feria\/","title":{"rendered":"Armstrong. Volvemos a encontrarnos en la Feria."},"content":{"rendered":"\n<figure class=\"wp-block-image size-large\"><img loading=\"lazy\" decoding=\"async\" width=\"588\" height=\"592\" src=\"http:\/\/armstrongyregion.com.ar\/diario\/wp-content\/uploads\/2022\/04\/feria_17_de_abril_2022_ok_.jpg\" alt=\"\" class=\"wp-image-33940\" srcset=\"https:\/\/armstrongyregion.com.ar\/diario\/wp-content\/uploads\/2022\/04\/feria_17_de_abril_2022_ok_.jpg 588w, https:\/\/armstrongyregion.com.ar\/diario\/wp-content\/uploads\/2022\/04\/feria_17_de_abril_2022_ok_-298x300.jpg 298w, https:\/\/armstrongyregion.com.ar\/diario\/wp-content\/uploads\/2022\/04\/feria_17_de_abril_2022_ok_-150x150.jpg 150w\" sizes=\"auto, (max-width: 588px) 100vw, 588px\" \/><\/figure>\n\n\n\n<p>La Municipalidad de Armstrong invita a participar de un nuevo encuentro con la Feria Sabores y Colores Locales que se realizar\u00e1 el domingo 17 de abril desde las 14 hs. en el parque recreativo Bracito Fuerte.<\/p>\n\n\n\n<p>Emprendedores de nuestra ciudad y de la regi\u00f3n ofreciendo productos de panificaci\u00f3n, reposter\u00eda, manualidades, reciclado, maquillaje art\u00edstico, artesan\u00eda en telas, cueros, madera, cemento, amigurrumis, tejidos, impresiones 3D, trabajos de aerograf\u00eda y transferencia, y porta macetas de cemento pintadas con&nbsp; aer\u00f3grafo.<\/p>\n\n\n\n<p>Se podr\u00e1 disfrutar de la presentaci\u00f3n del grupo de cumbia cruzada \u201cCumbia, Pasi\u00f3n y Confianza\u201d, habr\u00e1 sorteos, y la calesita \u201cEl Profe\u201d recibir\u00e1 a los m\u00e1s peque\u00f1os.<\/p>\n\n\n\n<p>Ac\u00e9rquese con su familia para admirar y apoyar la creatividad, el arte y el trabajo de la mano de obra local.<\/p>\n\n\n\n<p>Servicio de buffet a cargo de los emprendedores. Se suspende por lluvia.<\/p>\n","protected":false},"excerpt":{"rendered":"<p>La Municipalidad de Armstrong invita a participar de un nuevo encuentro con la Feria Sabores y Colores Locales que se realizar\u00e1 el domingo 17 de abril desde las 14 hs. en el parque recreativo Bracito Fuerte. Emprendedores de nuestra ciudad y de la regi\u00f3n ofreciendo productos de panificaci\u00f3n, reposter\u00eda, manualidades, reciclado, maquillaje art\u00edstico, artesan\u00eda en <a href=\"https:\/\/armstrongyregion.com.ar\/diario\/armstrong-volvemos-a-encontrarnos-en-la-feria\/\" title=\"Read more\" >&#8230;<\/a><\/p>\n","protected":false},"author":1,"featured_media":33940,"comment_status":"open","ping_status":"open","sticky":false,"template":"","format":"image","meta":{"_jetpack_memberships_contains_paid_content":false,"footnotes":"","jetpack_publicize_message":"","jetpack_publicize_feature_enabled":true,"jetpack_social_post_already_shared":true,"jetpack_social_options":{"image_generator_settings":{"template":"highway","default_image_id":0,"enabled":false},"version":2}},"categories":[6,8,1,2],"tags":[],"class_list":["post-33939","post","type-post","status-publish","format-image","has-post-thumbnail","hentry","category-cultura-entretenimiento","category-deliberando","category-diario-armstrong","category-locales","post_format-post-format-image"],"jetpack_publicize_connections":[],"jetpack_featured_media_url":"https:\/\/armstrongyregion.com.ar\/diario\/wp-content\/uploads\/2022\/04\/feria_17_de_abril_2022_ok_.jpg","jetpack_shortlink":"https:\/\/wp.me\/p62QDO-8Pp","jetpack_sharing_enabled":true,"amp_enabled":true,"_links":{"self":[{"href":"https:\/\/armstrongyregion.com.ar\/diario\/wp-json\/wp\/v2\/posts\/33939","targetHints":{"allow":["GET"]}}],"collection":[{"href":"https:\/\/armstrongyregion.com.ar\/diario\/wp-json\/wp\/v2\/posts"}],"about":[{"href":"https:\/\/armstrongyregion.com.ar\/diario\/wp-json\/wp\/v2\/types\/post"}],"author":[{"embeddable":true,"href":"https:\/\/armstrongyregion.com.ar\/diario\/wp-json\/wp\/v2\/users\/1"}],"replies":[{"embeddable":true,"href":"https:\/\/armstrongyregion.com.ar\/diario\/wp-json\/wp\/v2\/comments?post=33939"}],"version-history":[{"count":1,"href":"https:\/\/armstrongyregion.com.ar\/diario\/wp-json\/wp\/v2\/posts\/33939\/revisions"}],"predecessor-version":[{"id":33941,"href":"https:\/\/armstrongyregion.com.ar\/diario\/wp-json\/wp\/v2\/posts\/33939\/revisions\/33941"}],"wp:featuredmedia":[{"embeddable":true,"href":"https:\/\/armstrongyregion.com.ar\/diario\/wp-json\/wp\/v2\/media\/33940"}],"wp:attachment":[{"href":"https:\/\/armstrongyregion.com.ar\/diario\/wp-json\/wp\/v2\/media?parent=33939"}],"wp:term":[{"taxonomy":"category","embeddable":true,"href":"https:\/\/armstrongyregion.com.ar\/diario\/wp-json\/wp\/v2\/categories?post=33939"},{"taxonomy":"post_tag","embeddable":true,"href":"https:\/\/armstrongyregion.com.ar\/diario\/wp-json\/wp\/v2\/tags?post=33939"}],"curies":[{"name":"wp","href":"https:\/\/api.w.org\/{rel}","templated":true}]}}