{"id":33862,"date":"2022-04-08T04:09:53","date_gmt":"2022-04-08T04:09:53","guid":{"rendered":"https:\/\/armstrongyregion.com.ar\/diario\/?p=33862"},"modified":"2022-04-08T04:09:54","modified_gmt":"2022-04-08T04:09:54","slug":"el-senador-cornaglia-se-reunio-con-el-ministro-de-seguridad","status":"publish","type":"post","link":"https:\/\/armstrongyregion.com.ar\/diario\/el-senador-cornaglia-se-reunio-con-el-ministro-de-seguridad\/","title":{"rendered":"El Senador Cornaglia se reuni\u00f3 con el ministro de seguridad."},"content":{"rendered":"\n<figure class=\"wp-block-image size-large\"><img loading=\"lazy\" decoding=\"async\" width=\"480\" height=\"270\" src=\"http:\/\/armstrongyregion.com.ar\/diario\/wp-content\/uploads\/2022\/04\/GC-2022-04-07-Fb-Reuni\u00f3n-con-Lagna-1.jpg\" alt=\"\" class=\"wp-image-33863\" srcset=\"https:\/\/armstrongyregion.com.ar\/diario\/wp-content\/uploads\/2022\/04\/GC-2022-04-07-Fb-Reuni\u00f3n-con-Lagna-1.jpg 480w, https:\/\/armstrongyregion.com.ar\/diario\/wp-content\/uploads\/2022\/04\/GC-2022-04-07-Fb-Reuni\u00f3n-con-Lagna-1-300x169.jpg 300w\" sizes=\"auto, (max-width: 480px) 100vw, 480px\" \/><\/figure>\n\n\n\n<h2 class=\"wp-block-heading\"><strong>El encuentro se desarroll\u00f3 en la C\u00e1mara de Senadores y participaron del mismo todos los miembros del bloque legislativo que integra el representante del departamento Belgrano.<\/strong><\/h2>\n\n\n\n<p>El senador provincial Guillermo Cornaglia y sus pares del Bloque Juan Domingo Per\u00f3n se reunieron con el ministro de Seguridad de Santa Fe, Jorge Lagna, a los fines de transmitirle la preocupaci\u00f3n de las vecinas y vecinos de cada uno de los departamentos que representan.<\/p>\n\n\n\n<p>\u201cHablamos sobre el estado de los patrulleros, de la necesidad de m\u00e1s agentes en nuestras comisar\u00edas y la posibilidad de acondicionarlas ediliciamente a trav\u00e9s de un programa nuevo del Ministerio de Seguridad, por lo que pedimos que se tengan en cuenta las dependencias de la Unidad Regional III\u201d, cont\u00f3 Guillermo Cornaglia.<br><\/p>\n\n\n\n<p>El legislador por el departamento Belgrano explic\u00f3 que la reuni\u00f3n con el ministro de Seguridad es un encuentro m\u00e1s de los que tienen habitualmente con funcionarios y ministros del Gobierno de Santa Fe con el objetivo de transmitir la problem\u00e1tica de los 19 departamentos de la provincia. \u201cLa seguridad es un tema muy sensible para las y los santafesinos. Nosotros hacemos llegar nuestras preocupaciones y las necesidades de nuestras comunidades\u201d, concluy\u00f3 Cornaglia.<\/p>\n","protected":false},"excerpt":{"rendered":"<p>El encuentro se desarroll\u00f3 en la C\u00e1mara de Senadores y participaron del mismo todos los miembros del bloque legislativo que integra el representante del departamento Belgrano. El senador provincial Guillermo Cornaglia y sus pares del Bloque Juan Domingo Per\u00f3n se reunieron con el ministro de Seguridad de Santa Fe, Jorge Lagna, a los fines de <a href=\"https:\/\/armstrongyregion.com.ar\/diario\/el-senador-cornaglia-se-reunio-con-el-ministro-de-seguridad\/\" title=\"Read more\" >&#8230;<\/a><\/p>\n","protected":false},"author":1,"featured_media":33863,"comment_status":"open","ping_status":"open","sticky":false,"template":"","format":"image","meta":{"_jetpack_memberships_contains_paid_content":false,"footnotes":"","jetpack_publicize_message":"","jetpack_publicize_feature_enabled":true,"jetpack_social_post_already_shared":true,"jetpack_social_options":{"image_generator_settings":{"template":"highway","default_image_id":0,"enabled":false},"version":2}},"categories":[8,1,2,7,3],"tags":[],"class_list":["post-33862","post","type-post","status-publish","format-image","has-post-thumbnail","hentry","category-deliberando","category-diario-armstrong","category-locales","category-politica","category-region","post_format-post-format-image"],"jetpack_publicize_connections":[],"jetpack_featured_media_url":"https:\/\/armstrongyregion.com.ar\/diario\/wp-content\/uploads\/2022\/04\/GC-2022-04-07-Fb-Reuni\u00f3n-con-Lagna-1.jpg","jetpack_shortlink":"https:\/\/wp.me\/p62QDO-8Oa","jetpack_sharing_enabled":true,"amp_enabled":true,"_links":{"self":[{"href":"https:\/\/armstrongyregion.com.ar\/diario\/wp-json\/wp\/v2\/posts\/33862","targetHints":{"allow":["GET"]}}],"collection":[{"href":"https:\/\/armstrongyregion.com.ar\/diario\/wp-json\/wp\/v2\/posts"}],"about":[{"href":"https:\/\/armstrongyregion.com.ar\/diario\/wp-json\/wp\/v2\/types\/post"}],"author":[{"embeddable":true,"href":"https:\/\/armstrongyregion.com.ar\/diario\/wp-json\/wp\/v2\/users\/1"}],"replies":[{"embeddable":true,"href":"https:\/\/armstrongyregion.com.ar\/diario\/wp-json\/wp\/v2\/comments?post=33862"}],"version-history":[{"count":1,"href":"https:\/\/armstrongyregion.com.ar\/diario\/wp-json\/wp\/v2\/posts\/33862\/revisions"}],"predecessor-version":[{"id":33864,"href":"https:\/\/armstrongyregion.com.ar\/diario\/wp-json\/wp\/v2\/posts\/33862\/revisions\/33864"}],"wp:featuredmedia":[{"embeddable":true,"href":"https:\/\/armstrongyregion.com.ar\/diario\/wp-json\/wp\/v2\/media\/33863"}],"wp:attachment":[{"href":"https:\/\/armstrongyregion.com.ar\/diario\/wp-json\/wp\/v2\/media?parent=33862"}],"wp:term":[{"taxonomy":"category","embeddable":true,"href":"https:\/\/armstrongyregion.com.ar\/diario\/wp-json\/wp\/v2\/categories?post=33862"},{"taxonomy":"post_tag","embeddable":true,"href":"https:\/\/armstrongyregion.com.ar\/diario\/wp-json\/wp\/v2\/tags?post=33862"}],"curies":[{"name":"wp","href":"https:\/\/api.w.org\/{rel}","templated":true}]}}