{"id":33832,"date":"2022-04-06T21:50:52","date_gmt":"2022-04-06T21:50:52","guid":{"rendered":"https:\/\/armstrongyregion.com.ar\/diario\/?p=33832"},"modified":"2022-04-06T22:51:47","modified_gmt":"2022-04-06T22:51:47","slug":"el-concejo-deliberante-homenajeo-a-ex-combatientes-de-la-guerra-de-malvinas","status":"publish","type":"post","link":"https:\/\/armstrongyregion.com.ar\/diario\/el-concejo-deliberante-homenajeo-a-ex-combatientes-de-la-guerra-de-malvinas\/","title":{"rendered":"El Concejo Deliberante homenaje\u00f3 a ex combatientes de la guerra de Malvinas."},"content":{"rendered":"\n<figure class=\"wp-block-image size-large\"><img loading=\"lazy\" decoding=\"async\" width=\"498\" height=\"280\" src=\"http:\/\/armstrongyregion.com.ar\/diario\/wp-content\/uploads\/2022\/04\/reconocimiento-1-.jpg\" alt=\"\" class=\"wp-image-33833\" srcset=\"https:\/\/armstrongyregion.com.ar\/diario\/wp-content\/uploads\/2022\/04\/reconocimiento-1-.jpg 498w, https:\/\/armstrongyregion.com.ar\/diario\/wp-content\/uploads\/2022\/04\/reconocimiento-1--300x169.jpg 300w\" sizes=\"auto, (max-width: 498px) 100vw, 498px\" \/><\/figure>\n\n\n\n<h2 class=\"wp-block-heading\"> El martes, el Concejo Deliberante homenaje\u00f3 a los h\u00e9roes locales y a sus familias.  <\/h2>\n\n\n\n<figure class=\"wp-block-image size-large\"><img loading=\"lazy\" decoding=\"async\" width=\"945\" height=\"643\" src=\"http:\/\/armstrongyregion.com.ar\/diario\/wp-content\/uploads\/2022\/04\/reconocimiento-2.jpg\" alt=\"\" class=\"wp-image-33834\" srcset=\"https:\/\/armstrongyregion.com.ar\/diario\/wp-content\/uploads\/2022\/04\/reconocimiento-2.jpg 945w, https:\/\/armstrongyregion.com.ar\/diario\/wp-content\/uploads\/2022\/04\/reconocimiento-2-300x204.jpg 300w, https:\/\/armstrongyregion.com.ar\/diario\/wp-content\/uploads\/2022\/04\/reconocimiento-2-768x523.jpg 768w\" sizes=\"auto, (max-width: 945px) 100vw, 945px\" \/><\/figure>\n\n\n\n<p> El \u00faltimo martes tuvo lugar un breve acto, previo a la sesi\u00f3n ordinaria del per\u00edodo legislativo,  donde el Concejo Deliberante de Armstrong reconoci\u00f3 a  nuestros ex combatientes de la guerra de Malvinas y a sus familiares. Se les entrego un diploma con una frase alusiva a Roberto Moser, Julio Mayorga, Daniel Chiarla y a los familiares de Claudio Giaretti, nuestro h\u00e9roe nacional.<\/p>\n\n\n\n<p> El Pte. Del Concejo Alejandro Pertusati expres\u00f3: \u201cCuando revisamos la agenda de este 2022, acordamos todos los concejales que este reconocimiento a veteranos deb\u00eda ser de total importancia en este 40\u00b0 aniversario de la Guerra de Malvinas, los mismos asistieron hoy acompa\u00f1ados por sus familiares, en el caso de nuestro h\u00e9roe nacional Claudio Giaretti vino su hermano\u201d.  <\/p>\n\n\n\n<p>\nPertusati\na\u00f1adi\u00f3: \u201cEl\nacto fue muy emotivo, el objetivo es que se sientan reconocidos por\nla sociedad armstronense, porque realmente es lo que se merecen, como\nbien dijeron ellos, el ejercicio de la memoria hacerlo a diario es\nmuy importante, para que no quede en el olvido el hero\u00edsmo, la\nvalent\u00eda,\ny todo lo que han dado. Ese pedazo argentino-armstronense que ha\nquedado alla en\nMalvinas, sea\nsiempre recordado\u201d.<\/p>\n\n\n\n<figure class=\"wp-block-image size-large\"><img loading=\"lazy\" decoding=\"async\" width=\"389\" height=\"378\" src=\"http:\/\/armstrongyregion.com.ar\/diario\/wp-content\/uploads\/2022\/04\/reconocimiento-6.jpg\" alt=\"\" class=\"wp-image-33841\" srcset=\"https:\/\/armstrongyregion.com.ar\/diario\/wp-content\/uploads\/2022\/04\/reconocimiento-6.jpg 389w, https:\/\/armstrongyregion.com.ar\/diario\/wp-content\/uploads\/2022\/04\/reconocimiento-6-300x292.jpg 300w\" sizes=\"auto, (max-width: 389px) 100vw, 389px\" \/><\/figure>\n\n\n\n<p> Al t\u00e9rmino del reconocimiento, el hermano de Claudio Giaretti, solicito al concejo que se eval\u00fae la posibilidad de anexar al escudo institucional de la ciudad, una gr\u00e1fica-imagen en relaci\u00f3n al soldado armstronense que dio la vida por la patria. Todos los ediles accedieron a evaluar esa posibilidad y a trabajar en ello.<\/p>\n\n\n\n<figure class=\"wp-block-image size-large\"><img loading=\"lazy\" decoding=\"async\" width=\"504\" height=\"378\" src=\"http:\/\/armstrongyregion.com.ar\/diario\/wp-content\/uploads\/2022\/04\/reconocimiento3.jpg\" alt=\"\" class=\"wp-image-33835\" srcset=\"https:\/\/armstrongyregion.com.ar\/diario\/wp-content\/uploads\/2022\/04\/reconocimiento3.jpg 504w, https:\/\/armstrongyregion.com.ar\/diario\/wp-content\/uploads\/2022\/04\/reconocimiento3-300x225.jpg 300w\" sizes=\"auto, (max-width: 504px) 100vw, 504px\" \/><\/figure>\n\n\n\n<p> Al ser consultados sobre este homenaje, los concejales Luz Marina Fisher (Partido Justicialista) y Emiliano Gramigna (Renovaci\u00f3n por Armstrong), ambos coincidieron en que fue un acto de pedido de perd\u00f3n, de palabras emotivas, abrazos, sonrisas y fotos. La y los concejales que tomaron la palabra coincidieron en la necesidad de hablar de Malvinas m\u00e1s all\u00e1 del aniversario; en reconocerlos como h\u00e9roes de carne y hueso. H\u00e9roes de una guerra injusta y muy dolorosa, que cargaron durante muchos a\u00f1os un dolor silenciado, olvidado, sin memoria, sin fotos.<\/p>\n\n\n\n<figure class=\"wp-block-image size-large\"><img loading=\"lazy\" decoding=\"async\" width=\"486\" height=\"344\" src=\"http:\/\/armstrongyregion.com.ar\/diario\/wp-content\/uploads\/2022\/04\/reconocimiento-5.jpg\" alt=\"\" class=\"wp-image-33836\" srcset=\"https:\/\/armstrongyregion.com.ar\/diario\/wp-content\/uploads\/2022\/04\/reconocimiento-5.jpg 486w, https:\/\/armstrongyregion.com.ar\/diario\/wp-content\/uploads\/2022\/04\/reconocimiento-5-300x212.jpg 300w\" sizes=\"auto, (max-width: 486px) 100vw, 486px\" \/><\/figure>\n\n\n\n<p> El reconocimiento del concejo deliberante, apunta a \u201cmantener viva la memoria de los ex combatientes armstronenses que defendieron los intereses nacionales en la guerra de las Islas Malvinas de 1982 y honrar a quienes a\u00fan viven entre nosotros.<\/p>\n\n\n\n<p> \u201cDistinguirlos es una manera de agradecer todo lo que hicieron, vivieron y dejaron en Malvinas, y a su vez mantener viva la historia en nuestra ciudad, esto se trata de una peque\u00f1a muestra del orgullo y de gratitud en nombre de todos los armstronenses, por todo lo que hicieron por nuestra patria\u201d, finaliz\u00f3 Pertusati. <\/p>\n","protected":false},"excerpt":{"rendered":"<p>El martes, el Concejo Deliberante homenaje\u00f3 a los h\u00e9roes locales y a sus familias. El \u00faltimo martes tuvo lugar un breve acto, previo a la sesi\u00f3n ordinaria del per\u00edodo legislativo, donde el Concejo Deliberante de Armstrong reconoci\u00f3 a nuestros ex combatientes de la guerra de Malvinas y a sus familiares. Se les entrego un diploma <a href=\"https:\/\/armstrongyregion.com.ar\/diario\/el-concejo-deliberante-homenajeo-a-ex-combatientes-de-la-guerra-de-malvinas\/\" title=\"Read more\" >&#8230;<\/a><\/p>\n","protected":false},"author":1,"featured_media":33833,"comment_status":"open","ping_status":"open","sticky":false,"template":"","format":"image","meta":{"_jetpack_memberships_contains_paid_content":false,"footnotes":"","jetpack_publicize_message":"","jetpack_publicize_feature_enabled":true,"jetpack_social_post_already_shared":true,"jetpack_social_options":{"image_generator_settings":{"template":"highway","default_image_id":0,"enabled":false},"version":2}},"categories":[8,1,2,7,3],"tags":[],"class_list":["post-33832","post","type-post","status-publish","format-image","has-post-thumbnail","hentry","category-deliberando","category-diario-armstrong","category-locales","category-politica","category-region","post_format-post-format-image"],"jetpack_publicize_connections":[],"jetpack_featured_media_url":"https:\/\/armstrongyregion.com.ar\/diario\/wp-content\/uploads\/2022\/04\/reconocimiento-1-.jpg","jetpack_shortlink":"https:\/\/wp.me\/p62QDO-8NG","jetpack_sharing_enabled":true,"amp_enabled":true,"_links":{"self":[{"href":"https:\/\/armstrongyregion.com.ar\/diario\/wp-json\/wp\/v2\/posts\/33832","targetHints":{"allow":["GET"]}}],"collection":[{"href":"https:\/\/armstrongyregion.com.ar\/diario\/wp-json\/wp\/v2\/posts"}],"about":[{"href":"https:\/\/armstrongyregion.com.ar\/diario\/wp-json\/wp\/v2\/types\/post"}],"author":[{"embeddable":true,"href":"https:\/\/armstrongyregion.com.ar\/diario\/wp-json\/wp\/v2\/users\/1"}],"replies":[{"embeddable":true,"href":"https:\/\/armstrongyregion.com.ar\/diario\/wp-json\/wp\/v2\/comments?post=33832"}],"version-history":[{"count":2,"href":"https:\/\/armstrongyregion.com.ar\/diario\/wp-json\/wp\/v2\/posts\/33832\/revisions"}],"predecessor-version":[{"id":33842,"href":"https:\/\/armstrongyregion.com.ar\/diario\/wp-json\/wp\/v2\/posts\/33832\/revisions\/33842"}],"wp:featuredmedia":[{"embeddable":true,"href":"https:\/\/armstrongyregion.com.ar\/diario\/wp-json\/wp\/v2\/media\/33833"}],"wp:attachment":[{"href":"https:\/\/armstrongyregion.com.ar\/diario\/wp-json\/wp\/v2\/media?parent=33832"}],"wp:term":[{"taxonomy":"category","embeddable":true,"href":"https:\/\/armstrongyregion.com.ar\/diario\/wp-json\/wp\/v2\/categories?post=33832"},{"taxonomy":"post_tag","embeddable":true,"href":"https:\/\/armstrongyregion.com.ar\/diario\/wp-json\/wp\/v2\/tags?post=33832"}],"curies":[{"name":"wp","href":"https:\/\/api.w.org\/{rel}","templated":true}]}}