{"id":33796,"date":"2022-04-04T22:17:22","date_gmt":"2022-04-04T22:17:22","guid":{"rendered":"https:\/\/armstrongyregion.com.ar\/diario\/?p=33796"},"modified":"2022-04-04T22:17:23","modified_gmt":"2022-04-04T22:17:23","slug":"municipio-y-excombatientes-conmemoraron-el-40aniversario-de-la-gesta-de-malvinas","status":"publish","type":"post","link":"https:\/\/armstrongyregion.com.ar\/diario\/municipio-y-excombatientes-conmemoraron-el-40aniversario-de-la-gesta-de-malvinas\/","title":{"rendered":"Municipio y Excombatientes conmemoraron el 40\u00b0aniversario de la gesta de Malvinas."},"content":{"rendered":"\n<figure class=\"wp-block-image size-large\"><img loading=\"lazy\" decoding=\"async\" width=\"400\" height=\"225\" src=\"http:\/\/armstrongyregion.com.ar\/diario\/wp-content\/uploads\/2022\/04\/Marvinas-ca\u00f1ada.jpg\" alt=\"\" class=\"wp-image-33797\" srcset=\"https:\/\/armstrongyregion.com.ar\/diario\/wp-content\/uploads\/2022\/04\/Marvinas-ca\u00f1ada.jpg 400w, https:\/\/armstrongyregion.com.ar\/diario\/wp-content\/uploads\/2022\/04\/Marvinas-ca\u00f1ada-300x169.jpg 300w\" sizes=\"auto, (max-width: 400px) 100vw, 400px\" \/><\/figure>\n\n\n\n<p>Entre viernes y s\u00e1bado la Municipalidad de Ca\u00f1ada de G\u00f3mez y excombatientes de Malvinas, llevaron adelante la jornada conmemorativa por el D\u00eda del Veterano y de los Ca\u00eddos en la Guerra, en el marco del 40\u00ba aniversario de la Gesta de Malvinas.<\/p>\n\n\n\n<p>La primera actividad fue la vigilia en la noche del 1\u00b0 de abril en el Centro de la Juventud con la participaci\u00f3n de artistas locales. En tanto, el s\u00e1bado, el epicentro de las actividades alusivas fue el Monumento H\u00e9roes de Malvinas, emplazado sobre el Paseo Scalabrini Ortiz. Previamente al acto central, se realiz\u00f3 una corre caminata y se coloc\u00f3 una ofrenda floral en Plazoleta 2 de abril.<\/p>\n\n\n\n<p>\u201cTengo el orgullo de compartir con ellos muchos proyectos, logros conjuntos y acciones que a diario impulsamos para mantener la Memoria m\u00e1s viva que nunca. En esta fecha tan especial, abrazo muy fuerte a cada uno de nuestros Veteranos de Malvinas y estoy muy agradecida por el c\u00e1lido reconocimiento que me brindaron, por el trabajo conjunto que realizamos\u201d, expres\u00f3 Cl\u00e9rici.<\/p>\n","protected":false},"excerpt":{"rendered":"<p>Entre viernes y s\u00e1bado la Municipalidad de Ca\u00f1ada de G\u00f3mez y excombatientes de Malvinas, llevaron adelante la jornada conmemorativa por el D\u00eda del Veterano y de los Ca\u00eddos en la Guerra, en el marco del 40\u00ba aniversario de la Gesta de Malvinas. La primera actividad fue la vigilia en la noche del 1\u00b0 de abril <a href=\"https:\/\/armstrongyregion.com.ar\/diario\/municipio-y-excombatientes-conmemoraron-el-40aniversario-de-la-gesta-de-malvinas\/\" title=\"Read more\" >&#8230;<\/a><\/p>\n","protected":false},"author":1,"featured_media":33797,"comment_status":"open","ping_status":"open","sticky":false,"template":"","format":"image","meta":{"_jetpack_memberships_contains_paid_content":false,"footnotes":"","jetpack_publicize_message":"","jetpack_publicize_feature_enabled":true,"jetpack_social_post_already_shared":true,"jetpack_social_options":{"image_generator_settings":{"template":"highway","default_image_id":0,"enabled":false},"version":2}},"categories":[8,1,7,3],"tags":[],"class_list":["post-33796","post","type-post","status-publish","format-image","has-post-thumbnail","hentry","category-deliberando","category-diario-armstrong","category-politica","category-region","post_format-post-format-image"],"jetpack_publicize_connections":[],"jetpack_featured_media_url":"https:\/\/armstrongyregion.com.ar\/diario\/wp-content\/uploads\/2022\/04\/Marvinas-ca\u00f1ada.jpg","jetpack_shortlink":"https:\/\/wp.me\/p62QDO-8N6","jetpack_sharing_enabled":true,"amp_enabled":true,"_links":{"self":[{"href":"https:\/\/armstrongyregion.com.ar\/diario\/wp-json\/wp\/v2\/posts\/33796","targetHints":{"allow":["GET"]}}],"collection":[{"href":"https:\/\/armstrongyregion.com.ar\/diario\/wp-json\/wp\/v2\/posts"}],"about":[{"href":"https:\/\/armstrongyregion.com.ar\/diario\/wp-json\/wp\/v2\/types\/post"}],"author":[{"embeddable":true,"href":"https:\/\/armstrongyregion.com.ar\/diario\/wp-json\/wp\/v2\/users\/1"}],"replies":[{"embeddable":true,"href":"https:\/\/armstrongyregion.com.ar\/diario\/wp-json\/wp\/v2\/comments?post=33796"}],"version-history":[{"count":1,"href":"https:\/\/armstrongyregion.com.ar\/diario\/wp-json\/wp\/v2\/posts\/33796\/revisions"}],"predecessor-version":[{"id":33798,"href":"https:\/\/armstrongyregion.com.ar\/diario\/wp-json\/wp\/v2\/posts\/33796\/revisions\/33798"}],"wp:featuredmedia":[{"embeddable":true,"href":"https:\/\/armstrongyregion.com.ar\/diario\/wp-json\/wp\/v2\/media\/33797"}],"wp:attachment":[{"href":"https:\/\/armstrongyregion.com.ar\/diario\/wp-json\/wp\/v2\/media?parent=33796"}],"wp:term":[{"taxonomy":"category","embeddable":true,"href":"https:\/\/armstrongyregion.com.ar\/diario\/wp-json\/wp\/v2\/categories?post=33796"},{"taxonomy":"post_tag","embeddable":true,"href":"https:\/\/armstrongyregion.com.ar\/diario\/wp-json\/wp\/v2\/tags?post=33796"}],"curies":[{"name":"wp","href":"https:\/\/api.w.org\/{rel}","templated":true}]}}