{"id":33744,"date":"2022-03-30T11:10:39","date_gmt":"2022-03-30T11:10:39","guid":{"rendered":"https:\/\/armstrongyregion.com.ar\/diario\/?p=33744"},"modified":"2022-03-30T11:10:40","modified_gmt":"2022-03-30T11:10:40","slug":"reunion-de-rasetto-y-el-colegio-de-abogados-por-el-nuevo-edificio-de-tribunales","status":"publish","type":"post","link":"https:\/\/armstrongyregion.com.ar\/diario\/reunion-de-rasetto-y-el-colegio-de-abogados-por-el-nuevo-edificio-de-tribunales\/","title":{"rendered":"Reuni\u00f3n de Rasetto y el colegio de abogados por el nuevo edificio de tribunales."},"content":{"rendered":"\n<figure class=\"wp-block-image size-large\"><img loading=\"lazy\" decoding=\"async\" width=\"671\" height=\"320\" src=\"http:\/\/armstrongyregion.com.ar\/diario\/wp-content\/uploads\/2022\/03\/Colegio-de-Abogados.jpg\" alt=\"\" class=\"wp-image-33745\" srcset=\"https:\/\/armstrongyregion.com.ar\/diario\/wp-content\/uploads\/2022\/03\/Colegio-de-Abogados.jpg 671w, https:\/\/armstrongyregion.com.ar\/diario\/wp-content\/uploads\/2022\/03\/Colegio-de-Abogados-300x143.jpg 300w\" sizes=\"auto, (max-width: 671px) 100vw, 671px\" \/><\/figure>\n\n\n\n<p>\nEl Senador Hugo Rasetto mantuvo una reuni\u00f3n con representantes de la\ndelegaci\u00f3n Ca\u00f1ada de G\u00f3mez del Colegio de Abogados de Rosario para\nintercambiar ideas sobre el funcionamiento del nuevo edificio de\ntribunales de Ca\u00f1ada de G\u00f3mez.<\/p>\n\n\n\n<p>\u201cDesde\nla Senadur\u00eda, cuando presentamos la obra para los nuevos tribunales\ndentro del endeudamiento Provincial y conseguimos los recursos\nnecesarios para su construcci\u00f3n, pensamos en un espacio que mejore\nlas condiciones laborales para los empleados, funcionarios,\nprofesionales y que esto se refleje en la mejor atenci\u00f3n al p\u00fablico\nen general\u201d. \n<\/p>\n\n\n\n<p>\u201cPor\nesto, nos reunimos con la delegaci\u00f3n Ca\u00f1ada de G\u00f3mez del Colegio\nde Abogados, para intercambiar ideas y opiniones sobre la\nfuncionalidad del nuevo edificio. Nos plantearon la necesidad de\ncontar con un espacio para tener su delegaci\u00f3n, la sala de mediaci\u00f3n\ny el consultorio jur\u00eddico gratuito\u201d, indic\u00f3 el Senador Rasetto.<\/p>\n\n\n\n<p>Adem\u00e1s,\nRasetto agreg\u00f3 que en la reuni\u00f3n \u201ctambi\u00e9n hablamos sobre la\nnecesidad de contar con un cajero autom\u00e1tico y una caja con atenci\u00f3n\npara realizar los tr\u00e1mites necesarios. Para esto, ya mantuve una\ncharla previa con la Corte y con el Banco Provincial de Santa Fe al\nque ya le solicit\u00e9 ponga estas prestaciones dentro del edificio.\u201d<\/p>\n\n\n\n<p>\u201cPor\n\u00faltimo, me solicitaron elementos para su delegaci\u00f3n. Seguiremos\ntrabajando en todo lo que respecta a esta gran obra que pronto\ntendremos en funcionalidad\u201d culmin\u00f3 el Senador.<\/p>\n","protected":false},"excerpt":{"rendered":"<p>El Senador Hugo Rasetto mantuvo una reuni\u00f3n con representantes de la delegaci\u00f3n Ca\u00f1ada de G\u00f3mez del Colegio de Abogados de Rosario para intercambiar ideas sobre el funcionamiento del nuevo edificio de tribunales de Ca\u00f1ada de G\u00f3mez. \u201cDesde la Senadur\u00eda, cuando presentamos la obra para los nuevos tribunales dentro del endeudamiento Provincial y conseguimos los recursos <a href=\"https:\/\/armstrongyregion.com.ar\/diario\/reunion-de-rasetto-y-el-colegio-de-abogados-por-el-nuevo-edificio-de-tribunales\/\" title=\"Read more\" >&#8230;<\/a><\/p>\n","protected":false},"author":1,"featured_media":33745,"comment_status":"open","ping_status":"open","sticky":false,"template":"","format":"image","meta":{"_jetpack_memberships_contains_paid_content":false,"footnotes":"","jetpack_publicize_message":"","jetpack_publicize_feature_enabled":true,"jetpack_social_post_already_shared":true,"jetpack_social_options":{"image_generator_settings":{"template":"highway","default_image_id":0,"enabled":false},"version":2}},"categories":[8,1,7,3],"tags":[],"class_list":["post-33744","post","type-post","status-publish","format-image","has-post-thumbnail","hentry","category-deliberando","category-diario-armstrong","category-politica","category-region","post_format-post-format-image"],"jetpack_publicize_connections":[],"jetpack_featured_media_url":"https:\/\/armstrongyregion.com.ar\/diario\/wp-content\/uploads\/2022\/03\/Colegio-de-Abogados.jpg","jetpack_shortlink":"https:\/\/wp.me\/p62QDO-8Mg","jetpack_sharing_enabled":true,"amp_enabled":true,"_links":{"self":[{"href":"https:\/\/armstrongyregion.com.ar\/diario\/wp-json\/wp\/v2\/posts\/33744","targetHints":{"allow":["GET"]}}],"collection":[{"href":"https:\/\/armstrongyregion.com.ar\/diario\/wp-json\/wp\/v2\/posts"}],"about":[{"href":"https:\/\/armstrongyregion.com.ar\/diario\/wp-json\/wp\/v2\/types\/post"}],"author":[{"embeddable":true,"href":"https:\/\/armstrongyregion.com.ar\/diario\/wp-json\/wp\/v2\/users\/1"}],"replies":[{"embeddable":true,"href":"https:\/\/armstrongyregion.com.ar\/diario\/wp-json\/wp\/v2\/comments?post=33744"}],"version-history":[{"count":1,"href":"https:\/\/armstrongyregion.com.ar\/diario\/wp-json\/wp\/v2\/posts\/33744\/revisions"}],"predecessor-version":[{"id":33746,"href":"https:\/\/armstrongyregion.com.ar\/diario\/wp-json\/wp\/v2\/posts\/33744\/revisions\/33746"}],"wp:featuredmedia":[{"embeddable":true,"href":"https:\/\/armstrongyregion.com.ar\/diario\/wp-json\/wp\/v2\/media\/33745"}],"wp:attachment":[{"href":"https:\/\/armstrongyregion.com.ar\/diario\/wp-json\/wp\/v2\/media?parent=33744"}],"wp:term":[{"taxonomy":"category","embeddable":true,"href":"https:\/\/armstrongyregion.com.ar\/diario\/wp-json\/wp\/v2\/categories?post=33744"},{"taxonomy":"post_tag","embeddable":true,"href":"https:\/\/armstrongyregion.com.ar\/diario\/wp-json\/wp\/v2\/tags?post=33744"}],"curies":[{"name":"wp","href":"https:\/\/api.w.org\/{rel}","templated":true}]}}