{"id":3373,"date":"2015-08-02T04:35:49","date_gmt":"2015-08-02T04:35:49","guid":{"rendered":"https:\/\/armstrongyregion.com.ar\/diario\/?p=3373"},"modified":"2015-08-02T04:35:49","modified_gmt":"2015-08-02T04:35:49","slug":"mas-de-900-jovenes-se-capacitan-con-el-renatea-en-santa-fe","status":"publish","type":"post","link":"https:\/\/armstrongyregion.com.ar\/diario\/mas-de-900-jovenes-se-capacitan-con-el-renatea-en-santa-fe\/","title":{"rendered":"M\u00e1s de 900 j\u00f3venes se capacitan con el RENATEA en Santa Fe."},"content":{"rendered":"<p><a href=\"http:\/\/armstrongyregion.com.ar\/diario\/wp-content\/uploads\/2015\/08\/Progresar-Reconquista.jpg\"><img loading=\"lazy\" decoding=\"async\" class=\"alignnone size-medium wp-image-3374\" src=\"http:\/\/armstrongyregion.com.ar\/diario\/wp-content\/uploads\/2015\/08\/Progresar-Reconquista-300x200.jpg\" alt=\"Progresar Reconquista\" width=\"300\" height=\"200\" srcset=\"https:\/\/armstrongyregion.com.ar\/diario\/wp-content\/uploads\/2015\/08\/Progresar-Reconquista-300x200.jpg 300w, https:\/\/armstrongyregion.com.ar\/diario\/wp-content\/uploads\/2015\/08\/Progresar-Reconquista.jpg 820w\" sizes=\"auto, (max-width: 300px) 100vw, 300px\" \/><\/a>Alrededor de mil j\u00f3venes del \u00e1mbito rural fueron capacitados en lo que va del 2015, en la provincia de Santa Fe, fruto del trabajo del Registro Nacional de Trabajadores y Empleadores Agrarios (RENATEA), en articulaci\u00f3n con diferentes municipios, comunas e instituciones regionales y en el marco del Progresar Agrario.<br \/>\nEn total son 41 cursos que se vienen implementando en m\u00e1s de 30 localidades santafesinas, bajo los t\u00edtulos de Asistente Agro Ganadero, Promotor SocioComunitarios, Manejo de Maquinaria Agr\u00edcola, entre otras ofertas educativas.<br \/>\nEl RENATEA, comprometido con la realidad del trabajo agrario, propone esta amplia cartilla de cursos y capacitaciones, con el objetivo de desarrollar competencias profesionales en esta poblaci\u00f3n, como as\u00ed tambi\u00e9n, contener a los hijos de trabajadores agrarios y a los j\u00f3venes de zonas perif\u00e9ricas que no han podido acceder a una educaci\u00f3n formal, sea por razones econ\u00f3micas, como por las grandes distancias hacia los centros educativos.<br \/>\nLos cursos son totalmente gratuitos, tienen una duraci\u00f3n promedio de 4 meses, y se desarrollan diversas tem\u00e1tica como: orientaci\u00f3n laboral, derechos laborales, salud y seguridad en el \u00e1mbito laboral, sumado a cuestiones m\u00e1s espec\u00edficas como: elaboraci\u00f3n de proyectos productivos, cooperativismo, manipulaci\u00f3n de agroqu\u00edmicos, cr\u00eda de ganado, horticultura, carpinter\u00eda agr\u00edcola, manejo de maquinaria agr\u00edcola. La oferta de capacitaci\u00f3n est\u00e1 determinada seg\u00fan la producci\u00f3n de la zona y la demanda.<br \/>\nLas localidades donde el RENATEA viene implementado cursos son: Las Parejas, Casilda, Pueblo Esther, Tortugas, Wheelwright, Santa Isabel, Hughes, Melincu\u00e9, Labordeboy, Venado Tuerto, Maria Teresa, Teodelina, Chovet, Diego de Alvear, Cristophersen, Firmat, Rosario, Carmen, Florencia, Arroyo Ceibal, Tartagal, Villa Ana, Alejandra, San Javier, Vera, Capivara, Santa Fe, Alto Verde , Santo Tome, Monte Vera y Los Amores.<br \/>\nEst\u00e1n abiertos a la comunidad en general, y al finalizar, se entregar\u00e1n diplomas certificados por el Ministerio de Trabajo, Empleo y Seguridad Social de la Naci\u00f3n. Por otro lado, aquellos j\u00f3venes que est\u00e9n dentro del PROGRESAR, podr\u00e1n certificar sus estudios y acceder a la prestaci\u00f3n.<\/p>\n","protected":false},"excerpt":{"rendered":"<p>Alrededor de mil j\u00f3venes del \u00e1mbito rural fueron capacitados en lo que va del 2015, en la provincia de Santa Fe, fruto del trabajo del Registro Nacional de Trabajadores y Empleadores Agrarios (RENATEA), en articulaci\u00f3n con diferentes municipios, comunas e instituciones regionales y en el marco del Progresar Agrario. En total son 41 cursos que <a href=\"https:\/\/armstrongyregion.com.ar\/diario\/mas-de-900-jovenes-se-capacitan-con-el-renatea-en-santa-fe\/\" title=\"Read more\" >&#8230;<\/a><\/p>\n","protected":false},"author":2,"featured_media":3374,"comment_status":"open","ping_status":"open","sticky":false,"template":"","format":"standard","meta":{"_jetpack_memberships_contains_paid_content":false,"footnotes":"","jetpack_publicize_message":"","jetpack_publicize_feature_enabled":true,"jetpack_social_post_already_shared":false,"jetpack_social_options":{"image_generator_settings":{"template":"highway","default_image_id":0,"enabled":false},"version":2}},"categories":[1,2,7,3],"tags":[2413,2414,100,19,16,15,77,67,40,2415,399,86],"class_list":["post-3373","post","type-post","status-publish","format-standard","has-post-thumbnail","hentry","category-diario-armstrong","category-locales","category-politica","category-region","tag-2413","tag-capacitan","tag-con","tag-de","tag-el","tag-en","tag-fe","tag-jovenes","tag-mas","tag-renatea","tag-santa","tag-se"],"jetpack_publicize_connections":[],"jetpack_featured_media_url":"https:\/\/armstrongyregion.com.ar\/diario\/wp-content\/uploads\/2015\/08\/Progresar-Reconquista.jpg","jetpack_shortlink":"https:\/\/wp.me\/p62QDO-Sp","jetpack_sharing_enabled":true,"amp_enabled":true,"_links":{"self":[{"href":"https:\/\/armstrongyregion.com.ar\/diario\/wp-json\/wp\/v2\/posts\/3373","targetHints":{"allow":["GET"]}}],"collection":[{"href":"https:\/\/armstrongyregion.com.ar\/diario\/wp-json\/wp\/v2\/posts"}],"about":[{"href":"https:\/\/armstrongyregion.com.ar\/diario\/wp-json\/wp\/v2\/types\/post"}],"author":[{"embeddable":true,"href":"https:\/\/armstrongyregion.com.ar\/diario\/wp-json\/wp\/v2\/users\/2"}],"replies":[{"embeddable":true,"href":"https:\/\/armstrongyregion.com.ar\/diario\/wp-json\/wp\/v2\/comments?post=3373"}],"version-history":[{"count":0,"href":"https:\/\/armstrongyregion.com.ar\/diario\/wp-json\/wp\/v2\/posts\/3373\/revisions"}],"wp:featuredmedia":[{"embeddable":true,"href":"https:\/\/armstrongyregion.com.ar\/diario\/wp-json\/wp\/v2\/media\/3374"}],"wp:attachment":[{"href":"https:\/\/armstrongyregion.com.ar\/diario\/wp-json\/wp\/v2\/media?parent=3373"}],"wp:term":[{"taxonomy":"category","embeddable":true,"href":"https:\/\/armstrongyregion.com.ar\/diario\/wp-json\/wp\/v2\/categories?post=3373"},{"taxonomy":"post_tag","embeddable":true,"href":"https:\/\/armstrongyregion.com.ar\/diario\/wp-json\/wp\/v2\/tags?post=3373"}],"curies":[{"name":"wp","href":"https:\/\/api.w.org\/{rel}","templated":true}]}}