{"id":33663,"date":"2022-03-23T04:40:55","date_gmt":"2022-03-23T04:40:55","guid":{"rendered":"https:\/\/armstrongyregion.com.ar\/diario\/?p=33663"},"modified":"2022-03-23T11:32:15","modified_gmt":"2022-03-23T11:32:15","slug":"la-concejales-armstronenses-se-reunieron-con-el-secretario-de-transporte-osvaldo-miatello-para-analizar-las-falencias-del-transporte-interurbano","status":"publish","type":"post","link":"https:\/\/armstrongyregion.com.ar\/diario\/la-concejales-armstronenses-se-reunieron-con-el-secretario-de-transporte-osvaldo-miatello-para-analizar-las-falencias-del-transporte-interurbano\/","title":{"rendered":"La concejales armstronenses se reunieron con el secretario de Transporte, Osvaldo Miatello para analizar las falencias del transporte interurbano."},"content":{"rendered":"\n<figure class=\"wp-block-image size-large\"><img loading=\"lazy\" decoding=\"async\" width=\"640\" height=\"415\" src=\"http:\/\/armstrongyregion.com.ar\/diario\/wp-content\/uploads\/2022\/03\/Miatello-1-.jpg\" alt=\"\" class=\"wp-image-33664\" srcset=\"https:\/\/armstrongyregion.com.ar\/diario\/wp-content\/uploads\/2022\/03\/Miatello-1-.jpg 640w, https:\/\/armstrongyregion.com.ar\/diario\/wp-content\/uploads\/2022\/03\/Miatello-1--300x195.jpg 300w\" sizes=\"auto, (max-width: 640px) 100vw, 640px\" \/><\/figure>\n\n\n\n<p> La baja frecuencia del&nbsp;transporte&nbsp;de pasajeros interurbano, es una fuerte demanda de los vecinos de Armstrong y la regi\u00f3n, la carencia se nota a\u00fan m\u00e1s al comienzo del ciclo lectivo ya que las instituciones terciarias recepcionan alumnos de otras localidades y muchos de nuestros j\u00f3venes tambi\u00e9n cursan carreras en las ciudades vecinas. Independientemente de quienes viajan por trabajo o salud.<\/p>\n\n\n\n<figure class=\"wp-block-image size-large\"><img loading=\"lazy\" decoding=\"async\" width=\"640\" height=\"397\" src=\"http:\/\/armstrongyregion.com.ar\/diario\/wp-content\/uploads\/2022\/03\/miatello-2-.jpg\" alt=\"\" class=\"wp-image-33665\" srcset=\"https:\/\/armstrongyregion.com.ar\/diario\/wp-content\/uploads\/2022\/03\/miatello-2-.jpg 640w, https:\/\/armstrongyregion.com.ar\/diario\/wp-content\/uploads\/2022\/03\/miatello-2--300x186.jpg 300w\" sizes=\"auto, (max-width: 640px) 100vw, 640px\" \/><\/figure>\n\n\n\n<p> Dicho escenario y otros puntos relacionados al tema mantuvieron como abordaje el secretario de Transporte de Santa Fe Osvaldo Miatello, el subsecretario Joaqu\u00edn S\u00e1nchez, los concejales de Armstrong, (impulsores de dicha reuni\u00f3n),  el Senador del Departamento Guillermo Cornaglia, el intendente parejense Horacio Compagnucci, referentes del ejecutivo local, Pte Comunal de Tortugas Humberto Viozzi, referentes pol\u00edticos de todo el dto Belgrano, autoridades de institutos terciarios y representantes de centros de estudiantes.  <\/p>\n\n\n\n<figure class=\"wp-block-image size-large\"><img loading=\"lazy\" decoding=\"async\" width=\"640\" height=\"505\" src=\"http:\/\/armstrongyregion.com.ar\/diario\/wp-content\/uploads\/2022\/03\/Miatello-3-.jpg\" alt=\"\" class=\"wp-image-33666\" srcset=\"https:\/\/armstrongyregion.com.ar\/diario\/wp-content\/uploads\/2022\/03\/Miatello-3-.jpg 640w, https:\/\/armstrongyregion.com.ar\/diario\/wp-content\/uploads\/2022\/03\/Miatello-3--300x237.jpg 300w\" sizes=\"auto, (max-width: 640px) 100vw, 640px\" \/><\/figure>\n\n\n\n<p>\nEn\nel c\u00f3nclave se analizaron las dificultades actuales en el\nsector.&nbsp;<strong>Asimismo,\nse&nbsp;unific\u00f3&nbsp;el reclamo por una mayor colaboraci\u00f3n de las\nempresas de colectivo <\/strong><strong>y\nsobre todo mayor frecuencia horaria de la empresa G\u00fcemes y 33\/9\n\u00e1vida cuenta de que <\/strong><strong>ambas\ncompa\u00f1ias son las <\/strong><strong>del\nconvenio <\/strong><strong>con\n<\/strong><strong>el\nBoleto Educativo Gratuito <\/strong><strong>por\nser interurbanas.<\/strong><\/p>\n\n\n\n<figure class=\"wp-block-image size-large\"><img loading=\"lazy\" decoding=\"async\" width=\"540\" height=\"283\" src=\"http:\/\/armstrongyregion.com.ar\/diario\/wp-content\/uploads\/2022\/03\/Miatello-4-.jpg\" alt=\"\" class=\"wp-image-33667\" srcset=\"https:\/\/armstrongyregion.com.ar\/diario\/wp-content\/uploads\/2022\/03\/Miatello-4-.jpg 540w, https:\/\/armstrongyregion.com.ar\/diario\/wp-content\/uploads\/2022\/03\/Miatello-4--300x157.jpg 300w\" sizes=\"auto, (max-width: 540px) 100vw, 540px\" \/><\/figure>\n\n\n\n<p> <strong>El Pte. Del Concejo Alejandro Pertusati dijo: \u201cEn primera instancia quiero remarcar que la convocatoria ha sido muy positiva, ademas del secretario de transporte, Osvaldo Miatello, se acerco el Senador Cornaglia, funcionarios del ejecutivo local, referentes pol\u00edticos de las ciudades de Las Parejas, Las Rosas, de la comuna de Bouquet, Montes de Oca, Tortugas, directivos de instituciones terciarias, referentes de centros de estudiantes, . La verdad que fue una  mesa muy grande y la respuesta fue acorde a lo que era el problema real. Quiero remarcar que fue una reuni\u00f3n de trabajo, y no una reuni\u00f3n pol\u00edtica. Eso me honra destacar\u201d\u2026<\/strong><\/p>\n\n\n\n<p>\n<strong>Por\nsu parte, Luz Marina Fischer, del bloque del partido Justicialista\nexpres\u00f3 \u201cEstamos muy agradecidos por la visita del Secretario de\ntransporte, referentes pol\u00edticos, directivos de instituciones,\nintegrantes de centros de estudiantes, la Sra de la boleter\u00eda, fue\nuna reuni\u00f3n muy amena, sin banderas pol\u00edticas, est\u00e1bamos todos los\nsectores de la sociedad interesados en que esta problem\u00e1tica real\nque tiene la ciudad se resuelva de una vez por todas\u201d\u2026<\/strong><\/p>\n\n\n\n<p> <strong>Finalmente el concejal Emiliano Gramigna referente de Renovaci\u00f3n por Armstrong manifest\u00f3; \u201cEn la ma\u00f1ana de hoy, visitaron nuestro concejo el secretario de transporte Osvaldo Miatello y el subsecretario Joaqu\u00edn  S\u00e1nchez, vinieron para hablar sobre la problem\u00e1tica que tenemos hoy con el transporte interurbano de pasajeros, tem\u00e1tica que nosotros venimos trabajando de mucho tiempo, tal vez con algunos logros positivos y otros no tanto por el tema de la disponibilidad de frecuencias que es el problema mas grande que tiene nuestra regi\u00f3n. Creo que mas all\u00e1 de exponer dicha dificultad, lo positivo de este encuentro es que se termin\u00f3 accionando en una proyecci\u00f3n para trabajar este asunto de manera regional, donde los ejecutivos de todos los municipios y comunas del Departamento Belgrano se han puesto a obrar en lo inmediato. Estamos a 10 d\u00edas para que el ciclo lectivo de los terciarios comiencen  y al bregarlo en conjunto podemos lograr optimizar el servicio con el compromiso de todos los dirigentes  del departamento\u201d&#8230;<\/strong><\/p>\n\n\n\n<p>Fuente: Armstrong y Regi\u00f3n\/ Lic. Graciela De la Casa<\/p>\n","protected":false},"excerpt":{"rendered":"<p>La baja frecuencia del&nbsp;transporte&nbsp;de pasajeros interurbano, es una fuerte demanda de los vecinos de Armstrong y la regi\u00f3n, la carencia se nota a\u00fan m\u00e1s al comienzo del ciclo lectivo ya que las instituciones terciarias recepcionan alumnos de otras localidades y muchos de nuestros j\u00f3venes tambi\u00e9n cursan carreras en las ciudades vecinas. Independientemente de quienes viajan <a href=\"https:\/\/armstrongyregion.com.ar\/diario\/la-concejales-armstronenses-se-reunieron-con-el-secretario-de-transporte-osvaldo-miatello-para-analizar-las-falencias-del-transporte-interurbano\/\" title=\"Read more\" >&#8230;<\/a><\/p>\n","protected":false},"author":1,"featured_media":33664,"comment_status":"open","ping_status":"open","sticky":false,"template":"","format":"image","meta":{"_jetpack_memberships_contains_paid_content":false,"footnotes":"","jetpack_publicize_message":"","jetpack_publicize_feature_enabled":true,"jetpack_social_post_already_shared":true,"jetpack_social_options":{"image_generator_settings":{"template":"highway","default_image_id":0,"enabled":false},"version":2}},"categories":[6,8,1,2,7,3],"tags":[],"class_list":["post-33663","post","type-post","status-publish","format-image","has-post-thumbnail","hentry","category-cultura-entretenimiento","category-deliberando","category-diario-armstrong","category-locales","category-politica","category-region","post_format-post-format-image"],"jetpack_publicize_connections":[],"jetpack_featured_media_url":"https:\/\/armstrongyregion.com.ar\/diario\/wp-content\/uploads\/2022\/03\/Miatello-1-.jpg","jetpack_shortlink":"https:\/\/wp.me\/p62QDO-8KX","jetpack_sharing_enabled":true,"amp_enabled":true,"_links":{"self":[{"href":"https:\/\/armstrongyregion.com.ar\/diario\/wp-json\/wp\/v2\/posts\/33663","targetHints":{"allow":["GET"]}}],"collection":[{"href":"https:\/\/armstrongyregion.com.ar\/diario\/wp-json\/wp\/v2\/posts"}],"about":[{"href":"https:\/\/armstrongyregion.com.ar\/diario\/wp-json\/wp\/v2\/types\/post"}],"author":[{"embeddable":true,"href":"https:\/\/armstrongyregion.com.ar\/diario\/wp-json\/wp\/v2\/users\/1"}],"replies":[{"embeddable":true,"href":"https:\/\/armstrongyregion.com.ar\/diario\/wp-json\/wp\/v2\/comments?post=33663"}],"version-history":[{"count":3,"href":"https:\/\/armstrongyregion.com.ar\/diario\/wp-json\/wp\/v2\/posts\/33663\/revisions"}],"predecessor-version":[{"id":33672,"href":"https:\/\/armstrongyregion.com.ar\/diario\/wp-json\/wp\/v2\/posts\/33663\/revisions\/33672"}],"wp:featuredmedia":[{"embeddable":true,"href":"https:\/\/armstrongyregion.com.ar\/diario\/wp-json\/wp\/v2\/media\/33664"}],"wp:attachment":[{"href":"https:\/\/armstrongyregion.com.ar\/diario\/wp-json\/wp\/v2\/media?parent=33663"}],"wp:term":[{"taxonomy":"category","embeddable":true,"href":"https:\/\/armstrongyregion.com.ar\/diario\/wp-json\/wp\/v2\/categories?post=33663"},{"taxonomy":"post_tag","embeddable":true,"href":"https:\/\/armstrongyregion.com.ar\/diario\/wp-json\/wp\/v2\/tags?post=33663"}],"curies":[{"name":"wp","href":"https:\/\/api.w.org\/{rel}","templated":true}]}}