{"id":33656,"date":"2022-03-22T16:00:23","date_gmt":"2022-03-22T16:00:23","guid":{"rendered":"https:\/\/armstrongyregion.com.ar\/diario\/?p=33656"},"modified":"2022-03-22T16:00:25","modified_gmt":"2022-03-22T16:00:25","slug":"armstrong-acto-en-el-dia-de-la-memoria-por-la-verdad-y-la-justicia-2022","status":"publish","type":"post","link":"https:\/\/armstrongyregion.com.ar\/diario\/armstrong-acto-en-el-dia-de-la-memoria-por-la-verdad-y-la-justicia-2022\/","title":{"rendered":"Armstrong. Acto en el D\u00eda de la Memoria por la Verdad y la Justicia 2022."},"content":{"rendered":"\n<figure class=\"wp-block-image size-large\"><img loading=\"lazy\" decoding=\"async\" width=\"654\" height=\"654\" src=\"http:\/\/armstrongyregion.com.ar\/diario\/wp-content\/uploads\/2022\/03\/24_marzo_2022.jpg\" alt=\"\" class=\"wp-image-33657\" srcset=\"https:\/\/armstrongyregion.com.ar\/diario\/wp-content\/uploads\/2022\/03\/24_marzo_2022.jpg 654w, https:\/\/armstrongyregion.com.ar\/diario\/wp-content\/uploads\/2022\/03\/24_marzo_2022-300x300.jpg 300w, https:\/\/armstrongyregion.com.ar\/diario\/wp-content\/uploads\/2022\/03\/24_marzo_2022-150x150.jpg 150w\" sizes=\"auto, (max-width: 654px) 100vw, 654px\" \/><\/figure>\n\n\n\n<p>La Municipalidad de Armstrong invita a toda la ciudadan\u00eda a participar del acto en el D\u00eda Nacional de la Memoria por la Verdad y la Justicia que se realizar\u00e1 el d\u00eda jueves 24 de marzo a las 11 hs. en Museo Hist\u00f3rico.<\/p>\n\n\n\n<p>En este caso&nbsp;se recordar\u00e1 aquel 24 de marzo de 1976 y se honrar\u00e1 a las v\u00edctimas de la \u00faltima dictadura militar que sufriera nuestro pa\u00eds.&nbsp; &nbsp; &nbsp; &nbsp;<\/p>\n","protected":false},"excerpt":{"rendered":"<p>La Municipalidad de Armstrong invita a toda la ciudadan\u00eda a participar del acto en el D\u00eda Nacional de la Memoria por la Verdad y la Justicia que se realizar\u00e1 el d\u00eda jueves 24 de marzo a las 11 hs. en Museo Hist\u00f3rico. En este caso&nbsp;se recordar\u00e1 aquel 24 de marzo de 1976 y se honrar\u00e1 <a href=\"https:\/\/armstrongyregion.com.ar\/diario\/armstrong-acto-en-el-dia-de-la-memoria-por-la-verdad-y-la-justicia-2022\/\" title=\"Read more\" >&#8230;<\/a><\/p>\n","protected":false},"author":1,"featured_media":33657,"comment_status":"open","ping_status":"open","sticky":false,"template":"","format":"image","meta":{"_jetpack_memberships_contains_paid_content":false,"footnotes":"","jetpack_publicize_message":"","jetpack_publicize_feature_enabled":true,"jetpack_social_post_already_shared":true,"jetpack_social_options":{"image_generator_settings":{"template":"highway","default_image_id":0,"enabled":false},"version":2}},"categories":[8,1,2,7,3],"tags":[],"class_list":["post-33656","post","type-post","status-publish","format-image","has-post-thumbnail","hentry","category-deliberando","category-diario-armstrong","category-locales","category-politica","category-region","post_format-post-format-image"],"jetpack_publicize_connections":[],"jetpack_featured_media_url":"https:\/\/armstrongyregion.com.ar\/diario\/wp-content\/uploads\/2022\/03\/24_marzo_2022.jpg","jetpack_shortlink":"https:\/\/wp.me\/p62QDO-8KQ","jetpack_sharing_enabled":true,"amp_enabled":true,"_links":{"self":[{"href":"https:\/\/armstrongyregion.com.ar\/diario\/wp-json\/wp\/v2\/posts\/33656","targetHints":{"allow":["GET"]}}],"collection":[{"href":"https:\/\/armstrongyregion.com.ar\/diario\/wp-json\/wp\/v2\/posts"}],"about":[{"href":"https:\/\/armstrongyregion.com.ar\/diario\/wp-json\/wp\/v2\/types\/post"}],"author":[{"embeddable":true,"href":"https:\/\/armstrongyregion.com.ar\/diario\/wp-json\/wp\/v2\/users\/1"}],"replies":[{"embeddable":true,"href":"https:\/\/armstrongyregion.com.ar\/diario\/wp-json\/wp\/v2\/comments?post=33656"}],"version-history":[{"count":1,"href":"https:\/\/armstrongyregion.com.ar\/diario\/wp-json\/wp\/v2\/posts\/33656\/revisions"}],"predecessor-version":[{"id":33658,"href":"https:\/\/armstrongyregion.com.ar\/diario\/wp-json\/wp\/v2\/posts\/33656\/revisions\/33658"}],"wp:featuredmedia":[{"embeddable":true,"href":"https:\/\/armstrongyregion.com.ar\/diario\/wp-json\/wp\/v2\/media\/33657"}],"wp:attachment":[{"href":"https:\/\/armstrongyregion.com.ar\/diario\/wp-json\/wp\/v2\/media?parent=33656"}],"wp:term":[{"taxonomy":"category","embeddable":true,"href":"https:\/\/armstrongyregion.com.ar\/diario\/wp-json\/wp\/v2\/categories?post=33656"},{"taxonomy":"post_tag","embeddable":true,"href":"https:\/\/armstrongyregion.com.ar\/diario\/wp-json\/wp\/v2\/tags?post=33656"}],"curies":[{"name":"wp","href":"https:\/\/api.w.org\/{rel}","templated":true}]}}