{"id":3365,"date":"2015-07-31T22:12:32","date_gmt":"2015-07-31T22:12:32","guid":{"rendered":"https:\/\/armstrongyregion.com.ar\/diario\/?p=3365"},"modified":"2015-07-31T22:12:32","modified_gmt":"2015-07-31T22:12:32","slug":"en-breve-llega-la-13a-edicion-de-la-maraton-delfo-cabrera","status":"publish","type":"post","link":"https:\/\/armstrongyregion.com.ar\/diario\/en-breve-llega-la-13a-edicion-de-la-maraton-delfo-cabrera\/","title":{"rendered":"En breve llega la 13\u00aa edici\u00f3n de la Marat\u00f3n Delfo Cabrera."},"content":{"rendered":"<p><a href=\"http:\/\/armstrongyregion.com.ar\/diario\/wp-content\/uploads\/2015\/07\/DSC04639.jpg\"><img loading=\"lazy\" decoding=\"async\" class=\"alignnone size-medium wp-image-3366\" src=\"http:\/\/armstrongyregion.com.ar\/diario\/wp-content\/uploads\/2015\/07\/DSC04639-300x165.jpg\" alt=\"Verdecchia-maraton-armstrong-y-region-\" width=\"300\" height=\"165\" srcset=\"https:\/\/armstrongyregion.com.ar\/diario\/wp-content\/uploads\/2015\/07\/DSC04639-300x165.jpg 300w, https:\/\/armstrongyregion.com.ar\/diario\/wp-content\/uploads\/2015\/07\/DSC04639.jpg 768w\" sizes=\"auto, (max-width: 300px) 100vw, 300px\" \/><\/a>El intendente de Armstrong Dr. Pablo Verdeccia junto a\u00a0 la Coordinadora de Gabinete y\u00a0 Secretaria de Educaci\u00f3n, Cultura y Deporte Rosana Siri, reiteran la invitaci\u00f3n y ultiman detalles de la 13\u00aa edici\u00f3n de la Marat\u00f3n Homenaje a Delfo Cabrera que se realizar\u00e1 el domingo 2 de agosto de 2015 a las 9:30 hs.<\/p>\n<p>Tambi\u00e9n Luciana y Julia integrantes de CADAL, Cooperativa agropecuaria de Armstrong, mencionaron la participaci\u00f3n de la instituci\u00f3n en la colaboraci\u00f3n de brindar a los atletas bebidas y nutrientes en diversos puestos de hidrataci\u00f3n.<\/p>\n<p>Verdecchia expreso que, \u201c una vez m\u00e1s se concretar\u00e1 y con mucha emoci\u00f3n esta marat\u00f3n en homenaje al hijo pr\u00f3digo de la ciudad quien obtuviera la medalla de Oro en los Juegos Ol\u00edmpicos de Londres en el a\u00f1o 1948, permitir\u00e1 recorrer un circuito de 5 y 10 km.., y por tercer a\u00f1o consecutivo, la modalidad de los 21 km., con largada frente a la Estaci\u00f3n M\u00e1s, en calle Sanguinetti entre Otto Bantle y Tom\u00e1s De\u00e1n\u201d.<\/p>\n<p>El intendente continu\u00f3, \u201cEn esta marat\u00f3n a\u00f1o tras a\u00f1o se van incrementando participantes de todo el pa\u00eds, reitero a quienes vienen prepar\u00e1ndose para esto, ya sea para los 21, 10 y 5km y a quienes abrazan el deporte\u00a0 los esperamos con los brazos abiertos, estamos convencidos de que\u00a0 apoyando y fomentando el deporte podremos ganarle a los flagelos del siglo 21\u201d.<\/p>\n<p>&nbsp;<\/p>\n<p>&nbsp;<\/p>\n","protected":false},"excerpt":{"rendered":"<p>El intendente de Armstrong Dr. Pablo Verdeccia junto a\u00a0 la Coordinadora de Gabinete y\u00a0 Secretaria de Educaci\u00f3n, Cultura y Deporte Rosana Siri, reiteran la invitaci\u00f3n y ultiman detalles de la 13\u00aa edici\u00f3n de la Marat\u00f3n Homenaje a Delfo Cabrera que se realizar\u00e1 el domingo 2 de agosto de 2015 a las 9:30 hs. Tambi\u00e9n Luciana <a href=\"https:\/\/armstrongyregion.com.ar\/diario\/en-breve-llega-la-13a-edicion-de-la-maraton-delfo-cabrera\/\" title=\"Read more\" >&#8230;<\/a><\/p>\n","protected":false},"author":2,"featured_media":3366,"comment_status":"open","ping_status":"open","sticky":false,"template":"","format":"standard","meta":{"_jetpack_memberships_contains_paid_content":false,"footnotes":"","jetpack_publicize_message":"","jetpack_publicize_feature_enabled":true,"jetpack_social_post_already_shared":false,"jetpack_social_options":{"image_generator_settings":{"template":"highway","default_image_id":0,"enabled":false},"version":2}},"categories":[5,1,2,3],"tags":[1561,742,1564,19,1563,317,15,31,368,1562],"class_list":["post-3365","post","type-post","status-publish","format-standard","has-post-thumbnail","hentry","category-deportes","category-diario-armstrong","category-locales","category-region","tag-13a","tag-breve","tag-cabrera","tag-de","tag-delfo","tag-edicion","tag-en","tag-la","tag-llega","tag-maraton"],"jetpack_publicize_connections":[],"jetpack_featured_media_url":"https:\/\/armstrongyregion.com.ar\/diario\/wp-content\/uploads\/2015\/07\/DSC04639.jpg","jetpack_shortlink":"https:\/\/wp.me\/p62QDO-Sh","jetpack_sharing_enabled":true,"amp_enabled":true,"_links":{"self":[{"href":"https:\/\/armstrongyregion.com.ar\/diario\/wp-json\/wp\/v2\/posts\/3365","targetHints":{"allow":["GET"]}}],"collection":[{"href":"https:\/\/armstrongyregion.com.ar\/diario\/wp-json\/wp\/v2\/posts"}],"about":[{"href":"https:\/\/armstrongyregion.com.ar\/diario\/wp-json\/wp\/v2\/types\/post"}],"author":[{"embeddable":true,"href":"https:\/\/armstrongyregion.com.ar\/diario\/wp-json\/wp\/v2\/users\/2"}],"replies":[{"embeddable":true,"href":"https:\/\/armstrongyregion.com.ar\/diario\/wp-json\/wp\/v2\/comments?post=3365"}],"version-history":[{"count":0,"href":"https:\/\/armstrongyregion.com.ar\/diario\/wp-json\/wp\/v2\/posts\/3365\/revisions"}],"wp:featuredmedia":[{"embeddable":true,"href":"https:\/\/armstrongyregion.com.ar\/diario\/wp-json\/wp\/v2\/media\/3366"}],"wp:attachment":[{"href":"https:\/\/armstrongyregion.com.ar\/diario\/wp-json\/wp\/v2\/media?parent=3365"}],"wp:term":[{"taxonomy":"category","embeddable":true,"href":"https:\/\/armstrongyregion.com.ar\/diario\/wp-json\/wp\/v2\/categories?post=3365"},{"taxonomy":"post_tag","embeddable":true,"href":"https:\/\/armstrongyregion.com.ar\/diario\/wp-json\/wp\/v2\/tags?post=3365"}],"curies":[{"name":"wp","href":"https:\/\/api.w.org\/{rel}","templated":true}]}}