{"id":33645,"date":"2022-03-22T01:00:29","date_gmt":"2022-03-22T01:00:29","guid":{"rendered":"https:\/\/armstrongyregion.com.ar\/diario\/?p=33645"},"modified":"2022-03-22T02:01:09","modified_gmt":"2022-03-22T02:01:09","slug":"provincia-y-nacion-entregaron-204-computadoras-del-programa-conectar-igualdad-en-las-parejas","status":"publish","type":"post","link":"https:\/\/armstrongyregion.com.ar\/diario\/provincia-y-nacion-entregaron-204-computadoras-del-programa-conectar-igualdad-en-las-parejas\/","title":{"rendered":"Provincia y Naci\u00f3n entregaron 204 computadoras del Programa Conectar Igualdad, en Las Parejas."},"content":{"rendered":"\n<figure class=\"wp-block-image size-large\"><img loading=\"lazy\" decoding=\"async\" width=\"1024\" height=\"682\" src=\"http:\/\/armstrongyregion.com.ar\/diario\/wp-content\/uploads\/2022\/03\/2022-03-21NID_274134O_2.jpeg\" alt=\"\" class=\"wp-image-33646\" srcset=\"https:\/\/armstrongyregion.com.ar\/diario\/wp-content\/uploads\/2022\/03\/2022-03-21NID_274134O_2.jpeg 1024w, https:\/\/armstrongyregion.com.ar\/diario\/wp-content\/uploads\/2022\/03\/2022-03-21NID_274134O_2-300x200.jpeg 300w, https:\/\/armstrongyregion.com.ar\/diario\/wp-content\/uploads\/2022\/03\/2022-03-21NID_274134O_2-768x512.jpeg 768w\" sizes=\"auto, (max-width: 1024px) 100vw, 1024px\" \/><\/figure>\n\n\n\n<h2 class=\"wp-block-heading\"> \u201cEsta herramienta nos tiene que motivar a otra forma de aprender y de ense\u00f1ar, a prepararnos para poder tener una comunidad con oportunidades\u201d, sostuvo Omar Perotti durante la actividad en la que particip\u00f3 con el ministro de Educaci\u00f3n de la Naci\u00f3n, Jaime Perczyk.\u00a0<br><\/h2>\n\n\n\n<p>\n\nEl gobernador de la provincia de Santa Fe, Omar Perotti, y el ministro de Educaci\u00f3n de la Naci\u00f3n, Jaime Perczyk, participaron este lunes de la entrega de 204 computadoras del Programa Conectar Igualdad a las escuelas de Educaci\u00f3n Secundaria Orientada N\u00ba 424 y de Educaci\u00f3n T\u00e9cnico Profesional N\u00ba 290 de Las Parejas.<\/p>\n\n\n\n<figure class=\"wp-block-image size-large\"><img loading=\"lazy\" decoding=\"async\" width=\"570\" height=\"320\" src=\"http:\/\/armstrongyregion.com.ar\/diario\/wp-content\/uploads\/2022\/03\/perotto-ni\u00f1o.jpg\" alt=\"\" class=\"wp-image-33647\" srcset=\"https:\/\/armstrongyregion.com.ar\/diario\/wp-content\/uploads\/2022\/03\/perotto-ni\u00f1o.jpg 570w, https:\/\/armstrongyregion.com.ar\/diario\/wp-content\/uploads\/2022\/03\/perotto-ni\u00f1o-300x168.jpg 300w\" sizes=\"auto, (max-width: 570px) 100vw, 570px\" \/><\/figure>\n\n\n\n<p>En la oportunidad, Perotti destac\u00f3 que \u201cestamos desplegando en la provincia el programa Santa Fe + Conectada, para conectar cada pueblo y cada ciudad con una red nueva de internet de alta calidad. Ya hay 124 barrios en las zonas m\u00e1s humildes de las dos grandes ciudades para generar all\u00ed lugares de acceso a quienes pueden tener un dispositivo que empieza a llegar. Esta herramienta, potenci\u00e1ndola, nos tiene que encontrar en otra escuela, nos tiene que motivar a otra forma de aprender y de ense\u00f1ar, y de prepararnos de la mejor manera para poder tener una comunidad con oportunidades\u201d.<\/p>\n\n\n\n<figure class=\"wp-block-image size-large\"><img loading=\"lazy\" decoding=\"async\" width=\"623\" height=\"557\" src=\"http:\/\/armstrongyregion.com.ar\/diario\/wp-content\/uploads\/2022\/03\/perotti-laspa.jpg\" alt=\"\" class=\"wp-image-33648\" srcset=\"https:\/\/armstrongyregion.com.ar\/diario\/wp-content\/uploads\/2022\/03\/perotti-laspa.jpg 623w, https:\/\/armstrongyregion.com.ar\/diario\/wp-content\/uploads\/2022\/03\/perotti-laspa-300x268.jpg 300w\" sizes=\"auto, (max-width: 623px) 100vw, 623px\" \/><\/figure>\n\n\n\n<p>\u201cEstamos muy contentos de estar recibiendo como provincia este equipamiento, que adem\u00e1s tiene producci\u00f3n de empresas nacionales y santafesinas. Esa es otra oportunidad adicional que el programa nos est\u00e1 brindando\u201d, concluy\u00f3 el gobernador.<\/p>\n\n\n\n<p>Por su parte, Perczyk resalt\u00f3 que estas notebooks \u201cno son un regalo, son un derecho que tiene cada uno en la Argentina\u201d; y detall\u00f3 que \u201cal principio para los de segundo a\u00f1o, y en las escuelas rurales los de primero, segundo y tercero, lo que se llama Ciclo B\u00e1sico, vamos a distribuir 550 mil computadoras para esos chicos. Y durante el a\u00f1o hay 1.500.000, con lo que llegaremos a los que hoy est\u00e1n en primero y en tercero, y completar las escuelas rurales que tienen m\u00e1s dificultades de conectividad\u201d.<\/p>\n\n\n\n<p>\u201cPero adem\u00e1s de las computadoras, el gobierno nacional y el gobierno provincial est\u00e1n trabajando para que haya conectividad en todas las escuelas, en cada aula, en cada sal\u00f3n. Porque para que nos vaya bien hay que invertir en educaci\u00f3n, y hay que hacer un esfuerzo grande para que nos vaya mejor\u201d, concluy\u00f3 el ministro de Educaci\u00f3n de Naci\u00f3n.<\/p>\n\n\n\n<p>En tanto, Cantero detall\u00f3 que \u201cConectar Igualdad son dos palabras que vamos a poner en valor. La pandemia nos mostr\u00f3 muchas desigualdades en nuestras sociedades, no todos ten\u00edan acceso a la conectividad y no todos ten\u00edan acceso a instrumentos digitales. Hoy sabemos que estar conectados forma parte de los derechos sociales\u201d.<\/p>\n\n\n\n<p>\u201cEsta es la entrega de un instrumento de trabajo que iguala. Lo que ustedes est\u00e1n recibiendo es un bien igualador. Todos los chicos de nuestras escuelas secundarias de segundo a\u00f1o van a estar recibiendo un elemento para seguir trabajando. Entonces, todos conectados y todos con igualdad, un gran programa\u201d, concluy\u00f3 la ministra de Educaci\u00f3n.<\/p>\n\n\n\n<p>Por su parte, el intendente de Las Parejas, Horacio Compagnucci, sostuvo que \u201choy es un d\u00eda muy importante. El gobierno nacional tuvo la decisi\u00f3n de poner en pr\u00e1ctica nuevamente un programa que se hab\u00eda desmantelado y que era Conectar Igualdad. Cuando comenz\u00f3 la pandemia, en una decisi\u00f3n del municipio, mantuvimos abiertas las puertas con los protocolos para que muchos chicos puedan acceder a la virtualidad y no pierdan sus d\u00edas de clases. Hoy hay una decisi\u00f3n pol\u00edtica para que cada chico y chica tenga su computadora y pueda estar en igualdad de condiciones\u201d.<\/p>\n\n\n\n<p>Por \u00faltimo, el director de la Escuela de Educaci\u00f3n T\u00e9cnico Profesional N\u00ba 290, Andr\u00e9s Mart\u00ednez, indic\u00f3 que \u201ces un orgullo albergar en nuestra casa la nueva implementaci\u00f3n del programa Conectar Igualdad, que es una herramienta muy importante para los chicos en una escuela t\u00e9cnica\u201d.<\/p>\n\n\n\n<p>Participaron tambi\u00e9n de la actividad el director de Anses, Diego Mansilla; el senador por el departamento Belgrano, Guillermo Cornaglia; y la diputada nacional Magal\u00ed Masteler; entre otras autoridades.<\/p>\n\n\n\n<p>Fotograf\u00eda: Walter Musso\/ Cable Imagen Armstrong.<\/p>\n","protected":false},"excerpt":{"rendered":"<p>\u201cEsta herramienta nos tiene que motivar a otra forma de aprender y de ense\u00f1ar, a prepararnos para poder tener una comunidad con oportunidades\u201d, sostuvo Omar Perotti durante la actividad en la que particip\u00f3 con el ministro de Educaci\u00f3n de la Naci\u00f3n, Jaime Perczyk.\u00a0 El gobernador de la provincia de Santa Fe, Omar Perotti, y el <a href=\"https:\/\/armstrongyregion.com.ar\/diario\/provincia-y-nacion-entregaron-204-computadoras-del-programa-conectar-igualdad-en-las-parejas\/\" title=\"Read more\" >&#8230;<\/a><\/p>\n","protected":false},"author":1,"featured_media":33646,"comment_status":"open","ping_status":"open","sticky":false,"template":"","format":"image","meta":{"_jetpack_memberships_contains_paid_content":false,"footnotes":"","jetpack_publicize_message":"","jetpack_publicize_feature_enabled":true,"jetpack_social_post_already_shared":true,"jetpack_social_options":{"image_generator_settings":{"template":"highway","default_image_id":0,"enabled":false},"version":2}},"categories":[6,8,1,2,7,3],"tags":[],"class_list":["post-33645","post","type-post","status-publish","format-image","has-post-thumbnail","hentry","category-cultura-entretenimiento","category-deliberando","category-diario-armstrong","category-locales","category-politica","category-region","post_format-post-format-image"],"jetpack_publicize_connections":[],"jetpack_featured_media_url":"https:\/\/armstrongyregion.com.ar\/diario\/wp-content\/uploads\/2022\/03\/2022-03-21NID_274134O_2.jpeg","jetpack_shortlink":"https:\/\/wp.me\/p62QDO-8KF","jetpack_sharing_enabled":true,"amp_enabled":true,"_links":{"self":[{"href":"https:\/\/armstrongyregion.com.ar\/diario\/wp-json\/wp\/v2\/posts\/33645","targetHints":{"allow":["GET"]}}],"collection":[{"href":"https:\/\/armstrongyregion.com.ar\/diario\/wp-json\/wp\/v2\/posts"}],"about":[{"href":"https:\/\/armstrongyregion.com.ar\/diario\/wp-json\/wp\/v2\/types\/post"}],"author":[{"embeddable":true,"href":"https:\/\/armstrongyregion.com.ar\/diario\/wp-json\/wp\/v2\/users\/1"}],"replies":[{"embeddable":true,"href":"https:\/\/armstrongyregion.com.ar\/diario\/wp-json\/wp\/v2\/comments?post=33645"}],"version-history":[{"count":2,"href":"https:\/\/armstrongyregion.com.ar\/diario\/wp-json\/wp\/v2\/posts\/33645\/revisions"}],"predecessor-version":[{"id":33650,"href":"https:\/\/armstrongyregion.com.ar\/diario\/wp-json\/wp\/v2\/posts\/33645\/revisions\/33650"}],"wp:featuredmedia":[{"embeddable":true,"href":"https:\/\/armstrongyregion.com.ar\/diario\/wp-json\/wp\/v2\/media\/33646"}],"wp:attachment":[{"href":"https:\/\/armstrongyregion.com.ar\/diario\/wp-json\/wp\/v2\/media?parent=33645"}],"wp:term":[{"taxonomy":"category","embeddable":true,"href":"https:\/\/armstrongyregion.com.ar\/diario\/wp-json\/wp\/v2\/categories?post=33645"},{"taxonomy":"post_tag","embeddable":true,"href":"https:\/\/armstrongyregion.com.ar\/diario\/wp-json\/wp\/v2\/tags?post=33645"}],"curies":[{"name":"wp","href":"https:\/\/api.w.org\/{rel}","templated":true}]}}