{"id":33639,"date":"2022-03-22T00:02:10","date_gmt":"2022-03-22T00:02:10","guid":{"rendered":"https:\/\/armstrongyregion.com.ar\/diario\/?p=33639"},"modified":"2022-03-22T00:02:11","modified_gmt":"2022-03-22T00:02:11","slug":"cornaglia-presento-un-proyecto-de-ley-para-establecer-el-20-de-marzo-como-el-dia-de-las-trabajadoras-y-trabajadores-covid-19","status":"publish","type":"post","link":"https:\/\/armstrongyregion.com.ar\/diario\/cornaglia-presento-un-proyecto-de-ley-para-establecer-el-20-de-marzo-como-el-dia-de-las-trabajadoras-y-trabajadores-covid-19\/","title":{"rendered":"Cornaglia present\u00f3 un proyecto de ley para establecer el 20 de marzo como el \u00abD\u00eda de las trabajadoras y trabajadores covid- 19\u00bb"},"content":{"rendered":"\n<figure class=\"wp-block-image size-large\"><img loading=\"lazy\" decoding=\"async\" width=\"480\" height=\"270\" src=\"http:\/\/armstrongyregion.com.ar\/diario\/wp-content\/uploads\/2022\/03\/GC-2022-03-21-Fb-D\u00eda-trabajador_a-covid19.jpg\" alt=\"\" class=\"wp-image-33640\" srcset=\"https:\/\/armstrongyregion.com.ar\/diario\/wp-content\/uploads\/2022\/03\/GC-2022-03-21-Fb-D\u00eda-trabajador_a-covid19.jpg 480w, https:\/\/armstrongyregion.com.ar\/diario\/wp-content\/uploads\/2022\/03\/GC-2022-03-21-Fb-D\u00eda-trabajador_a-covid19-300x169.jpg 300w\" sizes=\"auto, (max-width: 480px) 100vw, 480px\" \/><\/figure>\n\n\n\n<h2 class=\"wp-block-heading\"><strong>Tiene como finalidad reconocer y homenajear todas las y los trabajadores sanitarios, poniendo en valor el esfuerzo y solidaridad desplegada durante la pandemia.<\/strong><\/h2>\n\n\n\n<p>\n\nEl senador provincial Guillermo Cornaglia present\u00f3 en la Legislatura santafesina un proyecto de Ley por el cual se establece el 20 de marzo de cada a\u00f1o como el \u201cD\u00eda de los Trabajadores y las Trabajadoras COVID-19\u201d, en conmemoraci\u00f3n de las y los trabajadores de la salud y de otras \u00e1reas que enfrentaron y enfrentan a la pandemia provocada por el virus COVID-19 y cuidan la salud de las y los santafesinos desde el d\u00eda que el Gobierno Nacional decret\u00f3 Aislamiento Social Preventivo y Obligatorio en todo el territorio argentino.<\/p>\n\n\n\n<p>\u201cDesde el 20 de marzo de 2020, todas las y los trabajadores sanitarios protagonizaron &#8211; y a\u00fan protagonizan &#8211; una tarea inconmensurable, como es el cuidado de la salud de las y los santafesinos. Este proyecto tiene como finalidad reconocerles y homenajearles, poniendo en valor el esfuerzo y solidaridad desplegada durante la pandemia\u201d, manifest\u00f3 el legislador por el departamento Belgrano.<\/p>\n\n\n\n<p>Guillermo Cornaglia explic\u00f3 tambi\u00e9n que se propone que el Ministerio de Educaci\u00f3n realice en los establecimientos escolares jornadas alusivas, generando concientizaci\u00f3n sobre el cuidado de la salud desde las aulas santafesinas, como as\u00ed tambi\u00e9n desde todo ente p\u00fablico o privado provincial, por lo que se invita a los Municipios y Comunas a que formulen su adhesi\u00f3n.<\/p>\n\n\n\n<p>El proyecto se deriv\u00f3 a las comisiones internas de la C\u00e1mara de Senadores para su estudio y posterior debate en el recinto.\n\n<\/p>\n","protected":false},"excerpt":{"rendered":"<p>Tiene como finalidad reconocer y homenajear todas las y los trabajadores sanitarios, poniendo en valor el esfuerzo y solidaridad desplegada durante la pandemia. El senador provincial Guillermo Cornaglia present\u00f3 en la Legislatura santafesina un proyecto de Ley por el cual se establece el 20 de marzo de cada a\u00f1o como el \u201cD\u00eda de los Trabajadores <a href=\"https:\/\/armstrongyregion.com.ar\/diario\/cornaglia-presento-un-proyecto-de-ley-para-establecer-el-20-de-marzo-como-el-dia-de-las-trabajadoras-y-trabajadores-covid-19\/\" title=\"Read more\" >&#8230;<\/a><\/p>\n","protected":false},"author":1,"featured_media":33640,"comment_status":"open","ping_status":"open","sticky":false,"template":"","format":"image","meta":{"_jetpack_memberships_contains_paid_content":false,"footnotes":"","jetpack_publicize_message":"","jetpack_publicize_feature_enabled":true,"jetpack_social_post_already_shared":true,"jetpack_social_options":{"image_generator_settings":{"template":"highway","default_image_id":0,"enabled":false},"version":2}},"categories":[8,1,2,7,4,3],"tags":[],"class_list":["post-33639","post","type-post","status-publish","format-image","has-post-thumbnail","hentry","category-deliberando","category-diario-armstrong","category-locales","category-politica","category-prevencion-salud","category-region","post_format-post-format-image"],"jetpack_publicize_connections":[],"jetpack_featured_media_url":"https:\/\/armstrongyregion.com.ar\/diario\/wp-content\/uploads\/2022\/03\/GC-2022-03-21-Fb-D\u00eda-trabajador_a-covid19.jpg","jetpack_shortlink":"https:\/\/wp.me\/p62QDO-8Kz","jetpack_sharing_enabled":true,"amp_enabled":true,"_links":{"self":[{"href":"https:\/\/armstrongyregion.com.ar\/diario\/wp-json\/wp\/v2\/posts\/33639","targetHints":{"allow":["GET"]}}],"collection":[{"href":"https:\/\/armstrongyregion.com.ar\/diario\/wp-json\/wp\/v2\/posts"}],"about":[{"href":"https:\/\/armstrongyregion.com.ar\/diario\/wp-json\/wp\/v2\/types\/post"}],"author":[{"embeddable":true,"href":"https:\/\/armstrongyregion.com.ar\/diario\/wp-json\/wp\/v2\/users\/1"}],"replies":[{"embeddable":true,"href":"https:\/\/armstrongyregion.com.ar\/diario\/wp-json\/wp\/v2\/comments?post=33639"}],"version-history":[{"count":1,"href":"https:\/\/armstrongyregion.com.ar\/diario\/wp-json\/wp\/v2\/posts\/33639\/revisions"}],"predecessor-version":[{"id":33641,"href":"https:\/\/armstrongyregion.com.ar\/diario\/wp-json\/wp\/v2\/posts\/33639\/revisions\/33641"}],"wp:featuredmedia":[{"embeddable":true,"href":"https:\/\/armstrongyregion.com.ar\/diario\/wp-json\/wp\/v2\/media\/33640"}],"wp:attachment":[{"href":"https:\/\/armstrongyregion.com.ar\/diario\/wp-json\/wp\/v2\/media?parent=33639"}],"wp:term":[{"taxonomy":"category","embeddable":true,"href":"https:\/\/armstrongyregion.com.ar\/diario\/wp-json\/wp\/v2\/categories?post=33639"},{"taxonomy":"post_tag","embeddable":true,"href":"https:\/\/armstrongyregion.com.ar\/diario\/wp-json\/wp\/v2\/tags?post=33639"}],"curies":[{"name":"wp","href":"https:\/\/api.w.org\/{rel}","templated":true}]}}