{"id":33633,"date":"2022-03-21T23:48:02","date_gmt":"2022-03-21T23:48:02","guid":{"rendered":"https:\/\/armstrongyregion.com.ar\/diario\/?p=33633"},"modified":"2022-03-21T23:48:03","modified_gmt":"2022-03-21T23:48:03","slug":"clara-garcia-no-preocupa-la-improvisacion-del-gobierno-nacional-desconociendo-al-campo-y-a-la-agroindustria","status":"publish","type":"post","link":"https:\/\/armstrongyregion.com.ar\/diario\/clara-garcia-no-preocupa-la-improvisacion-del-gobierno-nacional-desconociendo-al-campo-y-a-la-agroindustria\/","title":{"rendered":"Clara Garc\u00eda: \u201cNo preocupa la improvisaci\u00f3n del gobierno nacional, desconociendo al campo y a la agroindustria\u00bb"},"content":{"rendered":"\n<figure class=\"wp-block-image size-large\"><img loading=\"lazy\" decoding=\"async\" width=\"640\" height=\"426\" src=\"http:\/\/armstrongyregion.com.ar\/diario\/wp-content\/uploads\/2022\/03\/clarita-estevez-.jpg\" alt=\"\" class=\"wp-image-33634\" srcset=\"https:\/\/armstrongyregion.com.ar\/diario\/wp-content\/uploads\/2022\/03\/clarita-estevez-.jpg 640w, https:\/\/armstrongyregion.com.ar\/diario\/wp-content\/uploads\/2022\/03\/clarita-estevez--300x200.jpg 300w\" sizes=\"auto, (max-width: 640px) 100vw, 640px\" \/><\/figure>\n\n\n\n<h2 class=\"wp-block-heading\"> <em>La diputada provincial se reuni\u00f3 con el presidente de la Bolsa de Comercio de Rosario, acompa\u00f1ada por los legisladores nacionales Enrique Est\u00e9vez y M\u00f3nica Fein.<\/em> <\/h2>\n\n\n\n<p> La diputada provincial Clara Garc\u00eda (Bloque Socialista &#8211; Frente Progresista) analiz\u00f3 junto al presidente de la Bolsa de Comercio de Rosario, Miguel Simioni, la realidad de la agroindustria en la regi\u00f3n que tiene a la ciudad como cabecera y, en un marco m\u00e1s amplio, en toda la provincia de Santa Fe.<br>\u00a0<br>Tras el encuentro, la legisladora precis\u00f3: \u201cNos preguntamos si nuestra agroindustria, nuestros puertos y nuestra producci\u00f3n van a seguir teniendo la trascendencia que merecen\u201d,\u00a0 al tiempo que se mostr\u00f3 preocupada por \u201cc\u00f3mo estos temas se est\u00e1n viendo desde el gobierno nacional, con una mirada porte\u00f1a no federal, que no entiende al campo ni a la agroindustria; que, en definitiva, no entiende a Rosario ni a Santa Fe. Se trata de una de las cuestiones que m\u00e1s toca a la vida econ\u00f3mica de la provincia y en definitiva a la generaci\u00f3n de trabajo de los rosarinos y del conjunto de los santafesinos\u201d.<br><br>La Hidrov\u00eda Paran\u00e1-Paraguay y la renovaci\u00f3n del contrato de dragado y balizamiento, fue uno de los temas que sobresali\u00f3 en la reuni\u00f3n: \u201cLa autopista fluvial m\u00e1s importante del pa\u00eds, y una de las m\u00e1s grandes del mundo, hoy se encuentra a la deriva, sin una definici\u00f3n geopol\u00edtica ni una definici\u00f3n t\u00e9cnica clara de las obras portuarias y fluviales que deben hacerse, ni de la gesti\u00f3n de sus recursos. Se suma a la improvisaci\u00f3n en el cepo a las exportaciones y retenciones, as\u00ed como la falta de planificaci\u00f3n de imprescindibles obras de infraestructura vial y log\u00edstica\u201d, describi\u00f3 la legisladora.<br><br>Garc\u00eda estuvo acompa\u00f1ada por la diputada nacional M\u00f3nica Fein (presidenta del Partido Socialista de Argentina) y el diputado nacional Enrique Est\u00e9vez (titular en la provincia de Santa Fe).<br><br>Por el lado de la BCR, participaron tambi\u00e9n los directores de Asuntos Institucionales y Comercio, Javier Cervio; y de Informaciones y Estudios Econ\u00f3micos, Julio Calzada.<br><br>Fein hizo hincapi\u00e9 en la \u201cnecesidad de un acuerdo para la agroindustria y la defensa de Santa Fe\u201d y apunt\u00f3 a la \u201cimprescindible acci\u00f3n del gobierno provincial para defender la producci\u00f3n y el trabajo santafesino. \u00abNuestro compromiso es el de ser la voz que promueva un desarrollo federal y arm\u00f3nico de la Argentina\u201d, resalt\u00f3 la ex intendenta de Rosario.<br><br>En tal sentido, Est\u00e9vez remarc\u00f3 que \u201cel di\u00e1logo con las instituciones es fundamental para planificar pol\u00edticas p\u00fablicas\u00bb, y dijo que Rosario \u201ces un ejemplo en cuanto al di\u00e1logo y la mirada a mediano plazo\u00bb. \u00abSeguiremos transitando ese camino, siempre con la mirada del interior del pa\u00eds, que es donde pretendemos que se genere producci\u00f3n, valor agregado, puestos de trabajo; donde se impulse a las econom\u00edas regionales para que la Argentina pueda crecer, generar oportunidades y bajar la pobreza\u201d, finaliz\u00f3 el legislador nacional.<br>\u00a0 <\/p>\n","protected":false},"excerpt":{"rendered":"<p>La diputada provincial se reuni\u00f3 con el presidente de la Bolsa de Comercio de Rosario, acompa\u00f1ada por los legisladores nacionales Enrique Est\u00e9vez y M\u00f3nica Fein. La diputada provincial Clara Garc\u00eda (Bloque Socialista &#8211; Frente Progresista) analiz\u00f3 junto al presidente de la Bolsa de Comercio de Rosario, Miguel Simioni, la realidad de la agroindustria en la <a href=\"https:\/\/armstrongyregion.com.ar\/diario\/clara-garcia-no-preocupa-la-improvisacion-del-gobierno-nacional-desconociendo-al-campo-y-a-la-agroindustria\/\" title=\"Read more\" >&#8230;<\/a><\/p>\n","protected":false},"author":1,"featured_media":33634,"comment_status":"open","ping_status":"open","sticky":false,"template":"","format":"image","meta":{"_jetpack_memberships_contains_paid_content":false,"footnotes":"","jetpack_publicize_message":"","jetpack_publicize_feature_enabled":true,"jetpack_social_post_already_shared":true,"jetpack_social_options":{"image_generator_settings":{"template":"highway","default_image_id":0,"enabled":false},"version":2}},"categories":[8,1,2,7,3],"tags":[],"class_list":["post-33633","post","type-post","status-publish","format-image","has-post-thumbnail","hentry","category-deliberando","category-diario-armstrong","category-locales","category-politica","category-region","post_format-post-format-image"],"jetpack_publicize_connections":[],"jetpack_featured_media_url":"https:\/\/armstrongyregion.com.ar\/diario\/wp-content\/uploads\/2022\/03\/clarita-estevez-.jpg","jetpack_shortlink":"https:\/\/wp.me\/p62QDO-8Kt","jetpack_sharing_enabled":true,"amp_enabled":true,"_links":{"self":[{"href":"https:\/\/armstrongyregion.com.ar\/diario\/wp-json\/wp\/v2\/posts\/33633","targetHints":{"allow":["GET"]}}],"collection":[{"href":"https:\/\/armstrongyregion.com.ar\/diario\/wp-json\/wp\/v2\/posts"}],"about":[{"href":"https:\/\/armstrongyregion.com.ar\/diario\/wp-json\/wp\/v2\/types\/post"}],"author":[{"embeddable":true,"href":"https:\/\/armstrongyregion.com.ar\/diario\/wp-json\/wp\/v2\/users\/1"}],"replies":[{"embeddable":true,"href":"https:\/\/armstrongyregion.com.ar\/diario\/wp-json\/wp\/v2\/comments?post=33633"}],"version-history":[{"count":1,"href":"https:\/\/armstrongyregion.com.ar\/diario\/wp-json\/wp\/v2\/posts\/33633\/revisions"}],"predecessor-version":[{"id":33635,"href":"https:\/\/armstrongyregion.com.ar\/diario\/wp-json\/wp\/v2\/posts\/33633\/revisions\/33635"}],"wp:featuredmedia":[{"embeddable":true,"href":"https:\/\/armstrongyregion.com.ar\/diario\/wp-json\/wp\/v2\/media\/33634"}],"wp:attachment":[{"href":"https:\/\/armstrongyregion.com.ar\/diario\/wp-json\/wp\/v2\/media?parent=33633"}],"wp:term":[{"taxonomy":"category","embeddable":true,"href":"https:\/\/armstrongyregion.com.ar\/diario\/wp-json\/wp\/v2\/categories?post=33633"},{"taxonomy":"post_tag","embeddable":true,"href":"https:\/\/armstrongyregion.com.ar\/diario\/wp-json\/wp\/v2\/tags?post=33633"}],"curies":[{"name":"wp","href":"https:\/\/api.w.org\/{rel}","templated":true}]}}