{"id":33613,"date":"2022-03-18T23:08:31","date_gmt":"2022-03-18T23:08:31","guid":{"rendered":"https:\/\/armstrongyregion.com.ar\/diario\/?p=33613"},"modified":"2022-03-18T23:08:32","modified_gmt":"2022-03-18T23:08:32","slug":"policia-detenido-en-canada-de-gomez-pedimos-que-se-investigue-la-actuacion-del-fiscal","status":"publish","type":"post","link":"https:\/\/armstrongyregion.com.ar\/diario\/policia-detenido-en-canada-de-gomez-pedimos-que-se-investigue-la-actuacion-del-fiscal\/","title":{"rendered":"Polic\u00eda detenido en Ca\u00f1ada de G\u00f3mez: \u00abPedimos que se investigue la actuaci\u00f3n del fiscal\u00bb"},"content":{"rendered":"\n<figure class=\"wp-block-image size-large\"><img loading=\"lazy\" decoding=\"async\" width=\"540\" height=\"540\" src=\"http:\/\/armstrongyregion.com.ar\/diario\/wp-content\/uploads\/2022\/03\/policia-en-libertad-.jpg\" alt=\"\" class=\"wp-image-33614\" srcset=\"https:\/\/armstrongyregion.com.ar\/diario\/wp-content\/uploads\/2022\/03\/policia-en-libertad-.jpg 540w, https:\/\/armstrongyregion.com.ar\/diario\/wp-content\/uploads\/2022\/03\/policia-en-libertad--300x300.jpg 300w, https:\/\/armstrongyregion.com.ar\/diario\/wp-content\/uploads\/2022\/03\/policia-en-libertad--150x150.jpg 150w\" sizes=\"auto, (max-width: 540px) 100vw, 540px\" \/><\/figure>\n\n\n\n<h2 class=\"wp-block-heading\"> El diputado Maximiliano Pullaro present\u00f3 una denuncia para que se analice la actuaci\u00f3n de Santiago Tosco en el caso del polic\u00eda detenido en Ca\u00f1ada de G\u00f3mez y liberado hace unas horas.<\/h2>\n\n\n\n<p> A ra\u00edz de la detenci\u00f3n del suboficial Luis Pais y la viralizaci\u00f3n de los videos con los hechos acaecidos en Ca\u00f1ada de G\u00f3mez, el presidente del bloque Evoluci\u00f3n \u2013 UCR present\u00f3 una denuncia en la Auditor\u00eda General de Gesti\u00f3n para que la dra. Mar\u00eda Cecilia Vranicich investigue si no se cometi\u00f3 una \u201cfalta grave por parte del se\u00f1or fiscal jefe de la Unidad Fiscal Ca\u00f1ada de G\u00f3mez, Santiago Tosco\u201d, al determinar la detenci\u00f3n preventiva del efectivo.\u00a0\u201cLlaman la atenci\u00f3n algunas actitudes que no terminamos de entender y que representan una interpretaci\u00f3n confusa de las actuaciones. La inmediata detenci\u00f3n del polic\u00eda y que el sospechoso ni siquiera fuera trasladado a comisar\u00eda con su abogado para aclarar la situaci\u00f3n es algo que no me termina de quedar claro\u201d, expres\u00f3 Pullaro quien a\u00f1adi\u00f3 que: \u201cEn tiempos en que la gente est\u00e1 pidiendo mayor seguridad, las se\u00f1ales tienen que ser claras; hay que apoyar a los polic\u00edas cuando act\u00faan de manera correcta. De otra manera estamos llevando un mensaje de desaliento a quienes arriesgan su vida para cuidarnos.\u201d\u00a0\u00a0*Medidas solicitadas por el legislador*\u00a01) Requerir a la Oficina de Gesti\u00f3n Judicial de Primera Instancia del Distrito Judicial N\u00b06, con asiento en Ca\u00f1ada de G\u00f3mez, la remisi\u00f3n del registro audiovisual de la audiencia imputativa y de prisi\u00f3n preventiva de fecha 12-3-2022, de Luis Pais.2) Requerir a la Unidad Fiscal Ca\u00f1ada de G\u00f3mez, de la Fiscal\u00eda Regional N\u00b02, la remisi\u00f3n de copia \u00edntegra del legajo investigativo en el que se encuentra imputado el se\u00f1or Luis Pais.3) Requerir a la Unidad Fiscal Ca\u00f1ada de G\u00f3mez, de la Fiscal\u00eda Regional N\u00b02, que informe si a ra\u00edz del hecho en el que se viera involucrado el se\u00f1or Luis Pais, se han formulado imputaciones contra los profesionales que opusieron resistencia a la aprehensi\u00f3n que pretend\u00eda efectuar el nombrado agente policial.4) Requerir a la Unidad Fiscal Ca\u00f1ada de G\u00f3mez, de la Fiscal\u00eda Regional N\u00b02, que informe si a ra\u00edz del hecho en el que se viera involucrado el se\u00f1or Luis Pais, se ha ordenado alguna medida en relaci\u00f3n a la persona a la que se pretend\u00eda aprehender, medida que fuera obstaculizada de hecho por el accionar de los ocupantes del estudio jur\u00eddico.<\/p>\n\n\n\n<p><\/p>\n","protected":false},"excerpt":{"rendered":"<p>El diputado Maximiliano Pullaro present\u00f3 una denuncia para que se analice la actuaci\u00f3n de Santiago Tosco en el caso del polic\u00eda detenido en Ca\u00f1ada de G\u00f3mez y liberado hace unas horas. A ra\u00edz de la detenci\u00f3n del suboficial Luis Pais y la viralizaci\u00f3n de los videos con los hechos acaecidos en Ca\u00f1ada de G\u00f3mez, el <a href=\"https:\/\/armstrongyregion.com.ar\/diario\/policia-detenido-en-canada-de-gomez-pedimos-que-se-investigue-la-actuacion-del-fiscal\/\" title=\"Read more\" >&#8230;<\/a><\/p>\n","protected":false},"author":1,"featured_media":33614,"comment_status":"open","ping_status":"open","sticky":false,"template":"","format":"image","meta":{"_jetpack_memberships_contains_paid_content":false,"footnotes":"","jetpack_publicize_message":"","jetpack_publicize_feature_enabled":true,"jetpack_social_post_already_shared":true,"jetpack_social_options":{"image_generator_settings":{"template":"highway","default_image_id":0,"enabled":false},"version":2}},"categories":[8,1,2,7,3],"tags":[],"class_list":["post-33613","post","type-post","status-publish","format-image","has-post-thumbnail","hentry","category-deliberando","category-diario-armstrong","category-locales","category-politica","category-region","post_format-post-format-image"],"jetpack_publicize_connections":[],"jetpack_featured_media_url":"https:\/\/armstrongyregion.com.ar\/diario\/wp-content\/uploads\/2022\/03\/policia-en-libertad-.jpg","jetpack_shortlink":"https:\/\/wp.me\/p62QDO-8K9","jetpack_sharing_enabled":true,"amp_enabled":true,"_links":{"self":[{"href":"https:\/\/armstrongyregion.com.ar\/diario\/wp-json\/wp\/v2\/posts\/33613","targetHints":{"allow":["GET"]}}],"collection":[{"href":"https:\/\/armstrongyregion.com.ar\/diario\/wp-json\/wp\/v2\/posts"}],"about":[{"href":"https:\/\/armstrongyregion.com.ar\/diario\/wp-json\/wp\/v2\/types\/post"}],"author":[{"embeddable":true,"href":"https:\/\/armstrongyregion.com.ar\/diario\/wp-json\/wp\/v2\/users\/1"}],"replies":[{"embeddable":true,"href":"https:\/\/armstrongyregion.com.ar\/diario\/wp-json\/wp\/v2\/comments?post=33613"}],"version-history":[{"count":1,"href":"https:\/\/armstrongyregion.com.ar\/diario\/wp-json\/wp\/v2\/posts\/33613\/revisions"}],"predecessor-version":[{"id":33615,"href":"https:\/\/armstrongyregion.com.ar\/diario\/wp-json\/wp\/v2\/posts\/33613\/revisions\/33615"}],"wp:featuredmedia":[{"embeddable":true,"href":"https:\/\/armstrongyregion.com.ar\/diario\/wp-json\/wp\/v2\/media\/33614"}],"wp:attachment":[{"href":"https:\/\/armstrongyregion.com.ar\/diario\/wp-json\/wp\/v2\/media?parent=33613"}],"wp:term":[{"taxonomy":"category","embeddable":true,"href":"https:\/\/armstrongyregion.com.ar\/diario\/wp-json\/wp\/v2\/categories?post=33613"},{"taxonomy":"post_tag","embeddable":true,"href":"https:\/\/armstrongyregion.com.ar\/diario\/wp-json\/wp\/v2\/tags?post=33613"}],"curies":[{"name":"wp","href":"https:\/\/api.w.org\/{rel}","templated":true}]}}