{"id":33601,"date":"2022-03-17T23:12:03","date_gmt":"2022-03-17T23:12:03","guid":{"rendered":"https:\/\/armstrongyregion.com.ar\/diario\/?p=33601"},"modified":"2022-03-17T23:12:03","modified_gmt":"2022-03-17T23:12:03","slug":"canada-de-gomez-liberaran-al-policia-detenido-por-perseguir-a-un-sospechoso-que-se-resguardo-en-estudio-de-abogados","status":"publish","type":"post","link":"https:\/\/armstrongyregion.com.ar\/diario\/canada-de-gomez-liberaran-al-policia-detenido-por-perseguir-a-un-sospechoso-que-se-resguardo-en-estudio-de-abogados\/","title":{"rendered":"Ca\u00f1ada de G\u00f3mez. Liberar\u00e1n al polic\u00eda detenido por perseguir a un sospechoso que se resguard\u00f3 en estudio de abogados."},"content":{"rendered":"\n<figure class=\"wp-block-image size-large\"><img loading=\"lazy\" decoding=\"async\" width=\"607\" height=\"450\" src=\"http:\/\/armstrongyregion.com.ar\/diario\/wp-content\/uploads\/2022\/03\/abrazo_listo_1.jpg_1756841869.jpg\" alt=\"\" class=\"wp-image-33602\" srcset=\"https:\/\/armstrongyregion.com.ar\/diario\/wp-content\/uploads\/2022\/03\/abrazo_listo_1.jpg_1756841869.jpg 607w, https:\/\/armstrongyregion.com.ar\/diario\/wp-content\/uploads\/2022\/03\/abrazo_listo_1.jpg_1756841869-300x222.jpg 300w\" sizes=\"auto, (max-width: 607px) 100vw, 607px\" \/><\/figure>\n\n\n\n<h2 class=\"wp-block-heading\"> As\u00ed lo anunci\u00f3 en la tarde de este jueves\u00a0la\u00a0abogada del polic\u00eda tras un encuentro con el fiscal de la causa. Fue despu\u00e9s de una nutrida movilizaci\u00f3n en Ca\u00f1ada de G\u00f3mez.<\/h2>\n\n\n\n<p> Tras la movilizaci\u00f3n y el reclamo de colegas y vecinos en Ca\u00f1ada de G\u00f3mez,<strong><a rel=\"noreferrer noopener\" href=\"https:\/\/www.rosario3.com\/policiales\/Policia-quedo-preso-por-entrar-sin-autorizacion-a-un-estudio-juridico-en-el-que-se-resguardo-un-sospechoso-20220314-0051.html\" target=\"_blank\">el suboficial Luis Alberto Pais, detenido tras ser arrestar a un sospechoso\u00a0<\/a>en un estudio jur\u00eddico de esa localidad, ser\u00e1 liberado\u00a0<\/strong>este viernes. <\/p>\n\n\n\n<p> As\u00ed lo adelanto en la tarde de este jueves la abogada del polic\u00eda Nair Moreno. La medida\u00a0<strong>entrar\u00e1 en vigencia en un audiencia\u00a0que se celebrer\u00e1 este viernes a las 11en la vecina localidad.\u00a0<\/strong> <\/p>\n\n\n\n<p><strong>\u00ab<a href=\"https:\/\/www.rosario3.com\/policiales\/Hablo-la-abogada-del-policia-detenido-por-perseguir-a-un-sospechoso--Podria-perder-su-trabajo-20220317-0012.html\" target=\"_blank\" rel=\"noreferrer noopener\">Llegamos a un acuerdo con la Fiscal\u00eda para que el oficial Pais recupere su libertad<\/a>,<\/strong>&nbsp;en el d\u00eda de ma\u00f1ana. La audiencia ser\u00e1 presencial, en Ca\u00f1ada de G\u00f3mez, ma\u00f1ana a las 11&#8243;, dijo Nair Moreno, abogada del polic\u00eda en di\u00e1logo con la&nbsp;<em>Primera de la tarde<\/em>&nbsp;(Radio 2).<\/p>\n\n\n\n<p>Tras el anuncio de esa medida,<strong>\u00a0los manifestantes y la pareja del polic\u00eda que ped\u00edan la libertad de Pais celebraron en la calle.<\/strong><\/p>\n\n\n\n<p> \u00abSiento felicidad, mucha felicidad por la libertad de Luis. Ten\u00edamos impotencia porque es un personal policial intachable y porque hab\u00eda pruebas que hab\u00eda hecho bien su trabajo,<strong>\u00a0era injusto que\u00a0quede preso en una celda como un delincuente cuando el delincuente estaba siendo parte de una querella<\/strong>\u00ab, asegur\u00f3 Gabriela, compa\u00f1era del detenido.\u00a0 <\/p>\n\n\n\n<p>Y agreg\u00f3: \u00abTiene medallas al valor, felicitaciones, le hace honor a la profesi\u00f3n y que \u00e9l recupere su libertad me hace muy feliz pero m\u00e1s felicidad me genera que lleve su uniforme con tanto orgullo.\u00bb<\/p>\n\n\n\n<p>Por otro lado asegur\u00f3 que<strong>&nbsp;su pareja le dijo que no se arrepiente de nada de lo que hizo \u00abporque su trabajo estuvo bien hecho. La gente que lo conoce sabe lo profesional que es por eso est\u00e1n ac\u00e1<\/strong>\u00ab. Tambi\u00e9n acus\u00f3: \u00abLa udiencia fue una verg\u00fcenza. Sin prueba ni tampoco investigaci\u00f3n le dan 60 d\u00edas de prisi\u00f3n preventiva. Me pregunto si al delincuente se lo investig\u00f3 y qu\u00e9 esperan para actuar para meter en cana a quien corresponde\u00bb.<\/p>\n\n\n\n<p>Para finalizar, con emoci\u00f3n, Gabriela confes\u00f3 que<strong>&nbsp;Luis saldr\u00e1 sin causa y \u00absu legajo no se manchar\u00e1, se va a poner el chaleco y portar su arma, todo lo que \u00e9l ama\u00bb.<\/strong><\/p>\n","protected":false},"excerpt":{"rendered":"<p>As\u00ed lo anunci\u00f3 en la tarde de este jueves\u00a0la\u00a0abogada del polic\u00eda tras un encuentro con el fiscal de la causa. Fue despu\u00e9s de una nutrida movilizaci\u00f3n en Ca\u00f1ada de G\u00f3mez. Tras la movilizaci\u00f3n y el reclamo de colegas y vecinos en Ca\u00f1ada de G\u00f3mez,el suboficial Luis Alberto Pais, detenido tras ser arrestar a un sospechoso\u00a0en <a href=\"https:\/\/armstrongyregion.com.ar\/diario\/canada-de-gomez-liberaran-al-policia-detenido-por-perseguir-a-un-sospechoso-que-se-resguardo-en-estudio-de-abogados\/\" title=\"Read more\" >&#8230;<\/a><\/p>\n","protected":false},"author":1,"featured_media":33602,"comment_status":"open","ping_status":"open","sticky":false,"template":"","format":"image","meta":{"_jetpack_memberships_contains_paid_content":false,"footnotes":"","jetpack_publicize_message":"","jetpack_publicize_feature_enabled":true,"jetpack_social_post_already_shared":true,"jetpack_social_options":{"image_generator_settings":{"template":"highway","default_image_id":0,"enabled":false},"version":2}},"categories":[8,1,7,3],"tags":[],"class_list":["post-33601","post","type-post","status-publish","format-image","has-post-thumbnail","hentry","category-deliberando","category-diario-armstrong","category-politica","category-region","post_format-post-format-image"],"jetpack_publicize_connections":[],"jetpack_featured_media_url":"https:\/\/armstrongyregion.com.ar\/diario\/wp-content\/uploads\/2022\/03\/abrazo_listo_1.jpg_1756841869.jpg","jetpack_shortlink":"https:\/\/wp.me\/p62QDO-8JX","jetpack_sharing_enabled":true,"amp_enabled":true,"_links":{"self":[{"href":"https:\/\/armstrongyregion.com.ar\/diario\/wp-json\/wp\/v2\/posts\/33601","targetHints":{"allow":["GET"]}}],"collection":[{"href":"https:\/\/armstrongyregion.com.ar\/diario\/wp-json\/wp\/v2\/posts"}],"about":[{"href":"https:\/\/armstrongyregion.com.ar\/diario\/wp-json\/wp\/v2\/types\/post"}],"author":[{"embeddable":true,"href":"https:\/\/armstrongyregion.com.ar\/diario\/wp-json\/wp\/v2\/users\/1"}],"replies":[{"embeddable":true,"href":"https:\/\/armstrongyregion.com.ar\/diario\/wp-json\/wp\/v2\/comments?post=33601"}],"version-history":[{"count":1,"href":"https:\/\/armstrongyregion.com.ar\/diario\/wp-json\/wp\/v2\/posts\/33601\/revisions"}],"predecessor-version":[{"id":33603,"href":"https:\/\/armstrongyregion.com.ar\/diario\/wp-json\/wp\/v2\/posts\/33601\/revisions\/33603"}],"wp:featuredmedia":[{"embeddable":true,"href":"https:\/\/armstrongyregion.com.ar\/diario\/wp-json\/wp\/v2\/media\/33602"}],"wp:attachment":[{"href":"https:\/\/armstrongyregion.com.ar\/diario\/wp-json\/wp\/v2\/media?parent=33601"}],"wp:term":[{"taxonomy":"category","embeddable":true,"href":"https:\/\/armstrongyregion.com.ar\/diario\/wp-json\/wp\/v2\/categories?post=33601"},{"taxonomy":"post_tag","embeddable":true,"href":"https:\/\/armstrongyregion.com.ar\/diario\/wp-json\/wp\/v2\/tags?post=33601"}],"curies":[{"name":"wp","href":"https:\/\/api.w.org\/{rel}","templated":true}]}}