{"id":33594,"date":"2022-03-17T03:11:30","date_gmt":"2022-03-17T03:11:30","guid":{"rendered":"https:\/\/armstrongyregion.com.ar\/diario\/?p=33594"},"modified":"2022-03-17T03:11:31","modified_gmt":"2022-03-17T03:11:31","slug":"comienza-el-censo-digital-2022-como-completar-el-cuestionario-y-que-preguntas-se-haran","status":"publish","type":"post","link":"https:\/\/armstrongyregion.com.ar\/diario\/comienza-el-censo-digital-2022-como-completar-el-cuestionario-y-que-preguntas-se-haran\/","title":{"rendered":"Comienza el Censo Digital 2022: c\u00f3mo completar el cuestionario y qu\u00e9 preguntas se har\u00e1n."},"content":{"rendered":"\n<figure class=\"wp-block-image size-large\"><img loading=\"lazy\" decoding=\"async\" width=\"494\" height=\"283\" src=\"http:\/\/armstrongyregion.com.ar\/diario\/wp-content\/uploads\/2022\/03\/censo-.jpg\" alt=\"\" class=\"wp-image-33595\" srcset=\"https:\/\/armstrongyregion.com.ar\/diario\/wp-content\/uploads\/2022\/03\/censo-.jpg 494w, https:\/\/armstrongyregion.com.ar\/diario\/wp-content\/uploads\/2022\/03\/censo--300x172.jpg 300w\" sizes=\"auto, (max-width: 494px) 100vw, 494px\" \/><\/figure>\n\n\n\n<h2 class=\"wp-block-heading\"> A partir de este 16 de marzo se podr\u00e1 empezar a completar el cuestionario digital, que podr\u00e1 realizarse hasta el 18 de mayo, d\u00eda del censo presencial.\u00a0\u00a0 <\/h2>\n\n\n\n<p>Este mi\u00e9rcoles 16 de marzo comienza la primera etapa del Censo Nacional 2022, que constar\u00e1 de una versi\u00f3n digital para facilitar el operativo y terminar\u00e1 el 18 de mayo, de forma presencial. Es la primera vez que la recopilaci\u00f3n de estad\u00edsticas se llevar\u00e1 adelante de esta manera, permitiendo a los ciudadanos completar un formulario de preguntas desde cualquier dispositivo con acceso a internet.&nbsp;<\/p>\n\n\n\n<p>De acuerdo a los datos que difundi\u00f3 el Gobierno Nacional, el estudio alcanzar\u00e1 a 45 millones de argentinos distribuidos en 15 millones de viviendas. El tr\u00e1mite digital no es obligatorio y sirve como un ahorro de tiempo para la fecha del censo presencial, que ser\u00e1 el 18 de mayo, decretado feriado nacional.<\/p>\n\n\n\n<p>El director del INDEC, Marco Lavagna, dijo que tanto con el censo digital como el operativo de campo\u00a0<em>\u00abse avanza en tiempo y forma, con una gran coordinaci\u00f3n del Estado nacional, provincial y municipal\u00bb.<\/em>\u00a0El organismo p\u00fablico estar\u00e1 a cargo del relevamiento. \u00a0El funcionario manifest\u00f3 adem\u00e1s que<em>\u00a0\u00abser\u00e1 un operativo muy grande en el que tendremos que coordinar con Gendarmer\u00eda y las Fuerzas de Seguridad para llegar a cada uno de los rincones de nuestro pa\u00eds\u00bb.<\/em><\/p>\n\n\n\n<p><strong>Censo Digital: c\u00f3mo hacerlo y las principales preguntas<\/strong><br>Como primera medida,&nbsp;<a href=\"https:\/\/www.censo.gob.ar\/\" rel=\"noreferrer noopener\" target=\"_blank\">se debe ingresar a la p\u00e1gina oficial<\/a>, donde se clickea el bot\u00f3n de Censo Digital para iniciar el tr\u00e1mite. Luego, se genera un c\u00f3digo \u00fanico de vivienda que habilita a responder las preguntas sobre el domicilio del censado y las personas que conviven con \u00e9l o ella.<\/p>\n\n\n\n<p>Las preguntas ser\u00e1n las mismas que se van a realizar de manera presencial, en caso de obviar el cuestionario digital. No se piden datos personales, pero s\u00ed se preguntan cu\u00e1nta gente vive en el lugar, eventuales discapacidades que pueden padecer y nivel educativo, entre otros puntos. Adem\u00e1s se realizan sondeos sobre las condiciones generales del hogar.<\/p>\n\n\n\n<p>Completadas las respuestas, se genera un comprobante alfanum\u00e9rico de seis caracteres que se puede imprimir o no. El 18 de mayo, se debe mostrar dicho recibo al censista. Para la log\u00edstica y puesta a punto del operativo, habr\u00e1 600.000 personas recorriendo las calles de todo el pa\u00eds entre las 8 y las 18 horas.&nbsp;&nbsp;<\/p>\n\n\n\n<figure class=\"wp-block-image\"><img decoding=\"async\" src=\"http:\/\/lasrosasdigital.com.ar\/download\/multimedia.normal.a2fe88154e1270f7.63656e736f2d6f6e6c696e652d323032322d313332363834325f6e6f726d616c2e77656270.webp\" alt=\"censo-online-2022-1326842\"\/><\/figure>\n\n\n\n<p><strong>Qu\u00e9 son los relevamientos especiales que llevar\u00e1 adelante el&nbsp;<a href=\"https:\/\/www.censo.gob.ar\/\" rel=\"noreferrer noopener\" target=\"_blank\">Censo 2022<\/a><\/strong><br>Adem\u00e1s de poner a disposici\u00f3n el cuestionario digital y el cl\u00e1sico censo presencial, desde el INDEC detallaron que se realizar\u00e1n relevamientos especiales que tendr\u00e1n tres ejes puntuales.<\/p>\n\n\n\n<p>Por un lado, y bajo la caracterizaci\u00f3n de \u00abViviendas colectivas\u00bb, se relevar\u00e1n en los diez d\u00edas previos al 18 de mayo las c\u00e1rceles, geri\u00e1tricos y hospitales, entre otros establecimientos con estas caracter\u00edsticas.&nbsp;<\/p>\n\n\n\n<p>Tambi\u00e9n se censar\u00e1 a las personas en situaci\u00f3n de calle en la noche previa al censo presencial. Finalmente, se llevar\u00e1 adelante un operativo en \u00e1reas rurales en los diez d\u00edas previos al D\u00eda del Censo.&nbsp;<\/p>\n\n\n\n<p><strong>Cu\u00e1les son los cambios en el cuestionario del&nbsp;<a href=\"https:\/\/www.censo.gob.ar\/\" rel=\"noreferrer noopener\" target=\"_blank\">Censo 2022<\/a><\/strong><br>Otra novedad que tendr\u00e1 la recopilaci\u00f3n de datos y estad\u00edsticas de los argentinos ser\u00e1 que las personas se van a contabilizar de acuerdo a su lugar de residencia, algo que se modifica respecto a censos anteriores donde se ten\u00eda en cuenta d\u00f3nde hab\u00eda pasado el censado la noche anterior.&nbsp;<\/p>\n\n\n\n<p><em>\u00abA diferencia del operativo de 2010, habr\u00e1 un cuestionario \u00fanico formado por 61 preguntas: 24 est\u00e1n relacionadas a las caracter\u00edsticas de la vivienda y el hogar, y 37 para la poblaci\u00f3n\u00bb<\/em>, explican desde el Gobierno.<br><br>Dentro de esas preguntas se encuentran:<br>Sexo e identidad de g\u00e9nero: se preguntar\u00e1 a todas las personas el sexo registrado al nacer (incluyendo la categor\u00eda \u201cX\u201d) y c\u00f3mo se considera\/autopercibe (\u201cmujer\u201d, \u201cmujer trans\/travesti\u201d, \u201cvar\u00f3n\u201d, \u201cvar\u00f3n trans\/masculinidad trans\u201d, \u201cno binario\u201d, \u201cotra identidad\/ninguna de las anteriores\u201d).<br>Autorreconocimiento ind\u00edgena u originario: se preguntar\u00e1 a todas las personas si se reconocen ind\u00edgenas o descendientes de pueblos ind\u00edgenas u originarios, aclarando el pueblo y, adem\u00e1s, si habla y\/o entiende la lengua de ese pueblo declarado.<br>Autorreconocimiento afrodescendiente o de antepasados negros o africanos: todas las personas responder\u00e1n si se reconocen afrodescendientes o de antepasados negros o africanos.<br><br><strong>Cu\u00e1ndo se conocer\u00e1n los resultados del&nbsp;<a href=\"https:\/\/www.censo.gob.ar\/\" rel=\"noreferrer noopener\" target=\"_blank\">Censo 2022<\/a><\/strong><br>Los resultados preliminares se conocer\u00e1n horas despu\u00e9s de culminado el d\u00eda del Censo 2022 y estar\u00e1 relacionado con el total de la poblaci\u00f3n y las viviendas.&nbsp;<\/p>\n\n\n\n<p>Treinta d\u00edas despu\u00e9s del 18 de mayo, se conocer\u00e1n estad\u00edsticas m\u00e1s ampliadas y ocho meses m\u00e1s tarde, resultados b\u00e1sicos. Los datos definitivos se conocer\u00e1n 13 meses despu\u00e9s.&nbsp;<\/p>\n","protected":false},"excerpt":{"rendered":"<p>A partir de este 16 de marzo se podr\u00e1 empezar a completar el cuestionario digital, que podr\u00e1 realizarse hasta el 18 de mayo, d\u00eda del censo presencial.\u00a0\u00a0 Este mi\u00e9rcoles 16 de marzo comienza la primera etapa del Censo Nacional 2022, que constar\u00e1 de una versi\u00f3n digital para facilitar el operativo y terminar\u00e1 el 18 de <a href=\"https:\/\/armstrongyregion.com.ar\/diario\/comienza-el-censo-digital-2022-como-completar-el-cuestionario-y-que-preguntas-se-haran\/\" title=\"Read more\" >&#8230;<\/a><\/p>\n","protected":false},"author":1,"featured_media":33595,"comment_status":"open","ping_status":"open","sticky":false,"template":"","format":"image","meta":{"_jetpack_memberships_contains_paid_content":false,"footnotes":"","jetpack_publicize_message":"","jetpack_publicize_feature_enabled":true,"jetpack_social_post_already_shared":true,"jetpack_social_options":{"image_generator_settings":{"template":"highway","default_image_id":0,"enabled":false},"version":2}},"categories":[8,1,2,7,3],"tags":[],"class_list":["post-33594","post","type-post","status-publish","format-image","has-post-thumbnail","hentry","category-deliberando","category-diario-armstrong","category-locales","category-politica","category-region","post_format-post-format-image"],"jetpack_publicize_connections":[],"jetpack_featured_media_url":"https:\/\/armstrongyregion.com.ar\/diario\/wp-content\/uploads\/2022\/03\/censo-.jpg","jetpack_shortlink":"https:\/\/wp.me\/p62QDO-8JQ","jetpack_sharing_enabled":true,"amp_enabled":true,"_links":{"self":[{"href":"https:\/\/armstrongyregion.com.ar\/diario\/wp-json\/wp\/v2\/posts\/33594","targetHints":{"allow":["GET"]}}],"collection":[{"href":"https:\/\/armstrongyregion.com.ar\/diario\/wp-json\/wp\/v2\/posts"}],"about":[{"href":"https:\/\/armstrongyregion.com.ar\/diario\/wp-json\/wp\/v2\/types\/post"}],"author":[{"embeddable":true,"href":"https:\/\/armstrongyregion.com.ar\/diario\/wp-json\/wp\/v2\/users\/1"}],"replies":[{"embeddable":true,"href":"https:\/\/armstrongyregion.com.ar\/diario\/wp-json\/wp\/v2\/comments?post=33594"}],"version-history":[{"count":1,"href":"https:\/\/armstrongyregion.com.ar\/diario\/wp-json\/wp\/v2\/posts\/33594\/revisions"}],"predecessor-version":[{"id":33596,"href":"https:\/\/armstrongyregion.com.ar\/diario\/wp-json\/wp\/v2\/posts\/33594\/revisions\/33596"}],"wp:featuredmedia":[{"embeddable":true,"href":"https:\/\/armstrongyregion.com.ar\/diario\/wp-json\/wp\/v2\/media\/33595"}],"wp:attachment":[{"href":"https:\/\/armstrongyregion.com.ar\/diario\/wp-json\/wp\/v2\/media?parent=33594"}],"wp:term":[{"taxonomy":"category","embeddable":true,"href":"https:\/\/armstrongyregion.com.ar\/diario\/wp-json\/wp\/v2\/categories?post=33594"},{"taxonomy":"post_tag","embeddable":true,"href":"https:\/\/armstrongyregion.com.ar\/diario\/wp-json\/wp\/v2\/tags?post=33594"}],"curies":[{"name":"wp","href":"https:\/\/api.w.org\/{rel}","templated":true}]}}