{"id":33571,"date":"2022-03-16T12:08:18","date_gmt":"2022-03-16T12:08:18","guid":{"rendered":"https:\/\/armstrongyregion.com.ar\/diario\/?p=33571"},"modified":"2022-03-16T12:08:19","modified_gmt":"2022-03-16T12:08:19","slug":"firma-de-convenios-y-desembolsos-para-localidades-de-iriondo","status":"publish","type":"post","link":"https:\/\/armstrongyregion.com.ar\/diario\/firma-de-convenios-y-desembolsos-para-localidades-de-iriondo\/","title":{"rendered":"Firma de convenios y desembolsos para localidades de Iriondo."},"content":{"rendered":"\n<figure class=\"wp-block-image size-large\"><img loading=\"lazy\" decoding=\"async\" width=\"570\" height=\"320\" src=\"http:\/\/armstrongyregion.com.ar\/diario\/wp-content\/uploads\/2022\/03\/rasetto-15-3-22.jpg\" alt=\"\" class=\"wp-image-33572\" srcset=\"https:\/\/armstrongyregion.com.ar\/diario\/wp-content\/uploads\/2022\/03\/rasetto-15-3-22.jpg 570w, https:\/\/armstrongyregion.com.ar\/diario\/wp-content\/uploads\/2022\/03\/rasetto-15-3-22-300x168.jpg 300w\" sizes=\"auto, (max-width: 570px) 100vw, 570px\" \/><\/figure>\n\n\n\n<p>\nEste martes por la tarde una\ncomitiva de presidentes comunales de Iriondo junto al Senador Hugo\nJes\u00fas Rasetto llegaron a la ciudad de Santa Fe para realizar la\nfirma de convenios del plan incluir 2020 con el secretario de\nIntegraci\u00f3n y Fortalecimiento Institucional de la Provincia, Jos\u00e9\nFreyre. \n<\/p>\n\n\n\n<p>\nFirmaron convenios por casi\n$20 millones en total, los presidentes comunales de localidades de\nVilla Eloisa; Salto Grande, Lucio V. L\u00f3pez, Correa, Serodino y\nClason.<\/p>\n\n\n\n<p>\nRasetto destac\u00f3 la firma de\nconvenios que \u201cser\u00e1n destinados a obras necesarias para dotar de\nservicios a las localidades, cunetas, veredas y bocacalles\u201d.<\/p>\n\n\n\n<p>\nAdem\u00e1s el Senador agradeci\u00f3\nal Gobernador Omar Perotti y sus ministros por que \u201cesta semana se\nacreditaron la totalidad de aportes para enfrentar la emergencia\nclim\u00e1tica vivida con el temporal de enero en Iriondo, se trata de 5\nmillones 700 mil pesos destinados  a las localidades de Oliveros,\nCarrizales, Serodino, Pueblo Andino y Totoras que se suman a los\nrecursos que destinamos desde la Senadur\u00eda para afrontar la dif\u00edcil\nsituaci\u00f3n vivida.\u201d<\/p>\n\n\n\n<p>\n<strong>LOS CONVENIOS<\/strong><\/p>\n\n\n\n<p>\nCorrea: $ 5.000.000 &#8211;\nDestinados al proyecto \u201cCord\u00f3n Cuneta\u201d, construcci\u00f3n de 7\ncuadras para delimitar en forma correcta y definitiva la calzada y la\nvereda. Ordenamiento de los escurrimientos eliminando zanjas en la\nveredas.<\/p>\n\n\n\n<p>\nLucio V. L\u00f3pez: $\n3.024.936,26 &#8211; Construcci\u00f3n del cord\u00f3n cuneta en avenida Belgrano.<\/p>\n\n\n\n<p>\nClason: $ 2.809.290,14 \u2013\nConstrucci\u00f3n de veredas peatonales en cuadras de la localidad.<\/p>\n\n\n\n<p>\nSerodino: $ 2.995.243,60 \u2013\nConstrucci\u00f3n cuneta V\u00e1zquez y General L\u00f3pez y bocacalles de\nhormig\u00f3n simple en las calles de la localidad.<\/p>\n\n\n\n<p>\nSalto Grande: $ 3.104.865,76 \u2013\nConstrucci\u00f3n de cord\u00f3n cuneta y bocacalles en cuadras de la\nlocalidad.<\/p>\n\n\n\n<p>\nVilla Eloisa: $ 3.000.000 \u2013\nCord\u00f3n cuneta y bocacalles calle Hugo Di Filippo.<\/p>\n","protected":false},"excerpt":{"rendered":"<p>Este martes por la tarde una comitiva de presidentes comunales de Iriondo junto al Senador Hugo Jes\u00fas Rasetto llegaron a la ciudad de Santa Fe para realizar la firma de convenios del plan incluir 2020 con el secretario de Integraci\u00f3n y Fortalecimiento Institucional de la Provincia, Jos\u00e9 Freyre. Firmaron convenios por casi $20 millones en <a href=\"https:\/\/armstrongyregion.com.ar\/diario\/firma-de-convenios-y-desembolsos-para-localidades-de-iriondo\/\" title=\"Read more\" >&#8230;<\/a><\/p>\n","protected":false},"author":1,"featured_media":33572,"comment_status":"open","ping_status":"open","sticky":false,"template":"","format":"image","meta":{"_jetpack_memberships_contains_paid_content":false,"footnotes":"","jetpack_publicize_message":"","jetpack_publicize_feature_enabled":true,"jetpack_social_post_already_shared":true,"jetpack_social_options":{"image_generator_settings":{"template":"highway","default_image_id":0,"enabled":false},"version":2}},"categories":[8,1,2,7,3],"tags":[],"class_list":["post-33571","post","type-post","status-publish","format-image","has-post-thumbnail","hentry","category-deliberando","category-diario-armstrong","category-locales","category-politica","category-region","post_format-post-format-image"],"jetpack_publicize_connections":[],"jetpack_featured_media_url":"https:\/\/armstrongyregion.com.ar\/diario\/wp-content\/uploads\/2022\/03\/rasetto-15-3-22.jpg","jetpack_shortlink":"https:\/\/wp.me\/p62QDO-8Jt","jetpack_sharing_enabled":true,"amp_enabled":true,"_links":{"self":[{"href":"https:\/\/armstrongyregion.com.ar\/diario\/wp-json\/wp\/v2\/posts\/33571","targetHints":{"allow":["GET"]}}],"collection":[{"href":"https:\/\/armstrongyregion.com.ar\/diario\/wp-json\/wp\/v2\/posts"}],"about":[{"href":"https:\/\/armstrongyregion.com.ar\/diario\/wp-json\/wp\/v2\/types\/post"}],"author":[{"embeddable":true,"href":"https:\/\/armstrongyregion.com.ar\/diario\/wp-json\/wp\/v2\/users\/1"}],"replies":[{"embeddable":true,"href":"https:\/\/armstrongyregion.com.ar\/diario\/wp-json\/wp\/v2\/comments?post=33571"}],"version-history":[{"count":1,"href":"https:\/\/armstrongyregion.com.ar\/diario\/wp-json\/wp\/v2\/posts\/33571\/revisions"}],"predecessor-version":[{"id":33573,"href":"https:\/\/armstrongyregion.com.ar\/diario\/wp-json\/wp\/v2\/posts\/33571\/revisions\/33573"}],"wp:featuredmedia":[{"embeddable":true,"href":"https:\/\/armstrongyregion.com.ar\/diario\/wp-json\/wp\/v2\/media\/33572"}],"wp:attachment":[{"href":"https:\/\/armstrongyregion.com.ar\/diario\/wp-json\/wp\/v2\/media?parent=33571"}],"wp:term":[{"taxonomy":"category","embeddable":true,"href":"https:\/\/armstrongyregion.com.ar\/diario\/wp-json\/wp\/v2\/categories?post=33571"},{"taxonomy":"post_tag","embeddable":true,"href":"https:\/\/armstrongyregion.com.ar\/diario\/wp-json\/wp\/v2\/tags?post=33571"}],"curies":[{"name":"wp","href":"https:\/\/api.w.org\/{rel}","templated":true}]}}