{"id":33568,"date":"2022-03-16T11:48:37","date_gmt":"2022-03-16T11:48:37","guid":{"rendered":"https:\/\/armstrongyregion.com.ar\/diario\/?p=33568"},"modified":"2022-03-16T11:48:38","modified_gmt":"2022-03-16T11:48:38","slug":"pertusati%c2%a8-hubo-mucho-material-presentado-por-parte-del-ejecutivo-como-asi-ordenanzas","status":"publish","type":"post","link":"https:\/\/armstrongyregion.com.ar\/diario\/pertusati%c2%a8-hubo-mucho-material-presentado-por-parte-del-ejecutivo-como-asi-ordenanzas\/","title":{"rendered":"Pertusati\u00a8: \u201cHubo mucho material presentado por parte del ejecutivo como as\u00ed ordenanzas\u201d."},"content":{"rendered":"\n<figure class=\"wp-block-image size-large\"><img loading=\"lazy\" decoding=\"async\" width=\"378\" height=\"405\" src=\"http:\/\/armstrongyregion.com.ar\/diario\/wp-content\/uploads\/2022\/03\/Ale-Pertu-15-3-22-.jpg\" alt=\"\" class=\"wp-image-33569\" srcset=\"https:\/\/armstrongyregion.com.ar\/diario\/wp-content\/uploads\/2022\/03\/Ale-Pertu-15-3-22-.jpg 378w, https:\/\/armstrongyregion.com.ar\/diario\/wp-content\/uploads\/2022\/03\/Ale-Pertu-15-3-22--280x300.jpg 280w\" sizes=\"auto, (max-width: 378px) 100vw, 378px\" \/><\/figure>\n\n\n\n<p> Al termino de la sesi\u00f3n del martes 15 de marzo, el Pte. Del Concejo Prof. Alejandro Pertusati, expresaba; \u201cEn la noche de hoy, hubo mucho material presentado, ya sea por parte del ejecutivo, como as\u00ed ordenanzas. Tambi\u00e9n se trato el tema del transporte p\u00fablico de pasajeros, a todos los bloques nos preocupa de igual manera, todos hemos recibido reclamos por esta tem\u00e1tica y su falta de frecuencia, sabemos que esto sucede no solamente en la ciudad de Armstrong, sino que toca de cerca a todas las localidades del departamento Belgrano, este es un proyecto que acompa\u00f1amos con fuerza, y con el compromiso de trabajar en conjunto como instituci\u00f3n y como ciudad para recuperar todo lo que tenga que ver con la  periodicidad de los colectivos para los y las armstronenses, mucho mas ahora que comienza el ciclo lectivo en todos los niveles, secundarios, terciarios y universitarios. Entendemos que para  los estudiantes el transporte es una necesidad de primer orden\u201d.<\/p>\n\n\n\n<p>El edil, tambi\u00e9n fue consultado por la quema de residuos en los piletones, a lo que respondi\u00f3: \u201cJustamente hoy me reun\u00ed con orden p\u00fablico, me han dicho que ya hay identificadas 8 personas que parecer\u00edan ser las responsables de estas quemas, obviamente se han labrado actas y multas correspondientes. Tambi\u00e9n es cierto que hay un proyecto para sacar definitivamente la basura de all\u00ed, como tiene que ser en realidad y llevarla al basural cerca la ciudad de Cruz Alta. Si bien esta no es la soluci\u00f3n que uno quiere. En realidad desear\u00eda que se lleve adelante la planta de tratamiento, que se hab\u00eda hablado cuando el gobernador era Miguel Lifschitz, ya que era un proyecto a nivel departamental y bueno, el mismo se ha frenado por el actual gobierno de la provincia\u00bb.  <\/p>\n\n\n\n<p>Pertusati tambi\u00e9n nos informo que en la sesi\u00f3n de comisi\u00f3n del d\u00eda lunes, se habr\u00edan reunido con vecinos de las 160 viviendas, los cuales hicieron un reclamo v\u00e1lido que tiene que ver con el estado de calle <strong>Dr. Bernardo Houssay<\/strong> ya que se mejoraron desde el municipio las calles paralelas  San Nicol\u00e1s y San Lorenzo. Y el edil nos dijo; \u201cde esta reuni\u00f3n ya fue informado el departamento ejecutivo y esperamos una pronta respuesta\u201d.<\/p>\n","protected":false},"excerpt":{"rendered":"<p>Al termino de la sesi\u00f3n del martes 15 de marzo, el Pte. Del Concejo Prof. Alejandro Pertusati, expresaba; \u201cEn la noche de hoy, hubo mucho material presentado, ya sea por parte del ejecutivo, como as\u00ed ordenanzas. Tambi\u00e9n se trato el tema del transporte p\u00fablico de pasajeros, a todos los bloques nos preocupa de igual manera, <a href=\"https:\/\/armstrongyregion.com.ar\/diario\/pertusati%c2%a8-hubo-mucho-material-presentado-por-parte-del-ejecutivo-como-asi-ordenanzas\/\" title=\"Read more\" >&#8230;<\/a><\/p>\n","protected":false},"author":1,"featured_media":33569,"comment_status":"open","ping_status":"open","sticky":false,"template":"","format":"image","meta":{"_jetpack_memberships_contains_paid_content":false,"footnotes":"","jetpack_publicize_message":"","jetpack_publicize_feature_enabled":true,"jetpack_social_post_already_shared":true,"jetpack_social_options":{"image_generator_settings":{"template":"highway","default_image_id":0,"enabled":false},"version":2}},"categories":[8,1,2,7,3],"tags":[],"class_list":["post-33568","post","type-post","status-publish","format-image","has-post-thumbnail","hentry","category-deliberando","category-diario-armstrong","category-locales","category-politica","category-region","post_format-post-format-image"],"jetpack_publicize_connections":[],"jetpack_featured_media_url":"https:\/\/armstrongyregion.com.ar\/diario\/wp-content\/uploads\/2022\/03\/Ale-Pertu-15-3-22-.jpg","jetpack_shortlink":"https:\/\/wp.me\/p62QDO-8Jq","jetpack_sharing_enabled":true,"amp_enabled":true,"_links":{"self":[{"href":"https:\/\/armstrongyregion.com.ar\/diario\/wp-json\/wp\/v2\/posts\/33568","targetHints":{"allow":["GET"]}}],"collection":[{"href":"https:\/\/armstrongyregion.com.ar\/diario\/wp-json\/wp\/v2\/posts"}],"about":[{"href":"https:\/\/armstrongyregion.com.ar\/diario\/wp-json\/wp\/v2\/types\/post"}],"author":[{"embeddable":true,"href":"https:\/\/armstrongyregion.com.ar\/diario\/wp-json\/wp\/v2\/users\/1"}],"replies":[{"embeddable":true,"href":"https:\/\/armstrongyregion.com.ar\/diario\/wp-json\/wp\/v2\/comments?post=33568"}],"version-history":[{"count":1,"href":"https:\/\/armstrongyregion.com.ar\/diario\/wp-json\/wp\/v2\/posts\/33568\/revisions"}],"predecessor-version":[{"id":33570,"href":"https:\/\/armstrongyregion.com.ar\/diario\/wp-json\/wp\/v2\/posts\/33568\/revisions\/33570"}],"wp:featuredmedia":[{"embeddable":true,"href":"https:\/\/armstrongyregion.com.ar\/diario\/wp-json\/wp\/v2\/media\/33569"}],"wp:attachment":[{"href":"https:\/\/armstrongyregion.com.ar\/diario\/wp-json\/wp\/v2\/media?parent=33568"}],"wp:term":[{"taxonomy":"category","embeddable":true,"href":"https:\/\/armstrongyregion.com.ar\/diario\/wp-json\/wp\/v2\/categories?post=33568"},{"taxonomy":"post_tag","embeddable":true,"href":"https:\/\/armstrongyregion.com.ar\/diario\/wp-json\/wp\/v2\/tags?post=33568"}],"curies":[{"name":"wp","href":"https:\/\/api.w.org\/{rel}","templated":true}]}}