{"id":33558,"date":"2022-03-15T20:17:49","date_gmt":"2022-03-15T20:17:49","guid":{"rendered":"https:\/\/armstrongyregion.com.ar\/diario\/?p=33558"},"modified":"2022-03-15T20:17:50","modified_gmt":"2022-03-15T20:17:50","slug":"plan-incluir-la-provincia-firmo-un-convenio-con-la-municipalidad-de-armstrong-para-obras-de-urbanizacion-por-mas-de-10-millones-de-pesos","status":"publish","type":"post","link":"https:\/\/armstrongyregion.com.ar\/diario\/plan-incluir-la-provincia-firmo-un-convenio-con-la-municipalidad-de-armstrong-para-obras-de-urbanizacion-por-mas-de-10-millones-de-pesos\/","title":{"rendered":"Plan Incluir: La provincia firm\u00f3 un convenio con la Municipalidad de Armstrong para obras de urbanizaci\u00f3n por m\u00e1s de 10 millones de pesos."},"content":{"rendered":"\n<figure class=\"wp-block-image size-large\"><img loading=\"lazy\" decoding=\"async\" width=\"570\" height=\"320\" src=\"http:\/\/armstrongyregion.com.ar\/diario\/wp-content\/uploads\/2022\/03\/Incluir-Pablito-.jpg\" alt=\"\" class=\"wp-image-33559\" srcset=\"https:\/\/armstrongyregion.com.ar\/diario\/wp-content\/uploads\/2022\/03\/Incluir-Pablito-.jpg 570w, https:\/\/armstrongyregion.com.ar\/diario\/wp-content\/uploads\/2022\/03\/Incluir-Pablito--300x168.jpg 300w\" sizes=\"auto, (max-width: 570px) 100vw, 570px\" \/><\/figure>\n\n\n\n<h2 class=\"wp-block-heading\"> Ser\u00e1 para realizar trabajos de cord\u00f3n cuneta en un barrio vulnerable de esa ciudad del departamento Belgrano y que beneficiar\u00e1 a un centenar de familias. <\/h2>\n\n\n\n<p>\n\nEl secretario de Integraci\u00f3n y Fortalecimiento Institucional, Jos\u00e9 Luis Freyre, firm\u00f3 este martes un convenio del Plan Incluir con el intendente de Armstrong, Pablo Verdecchia, por 10.024.830,13 de pesos para realizar trabajos de cord\u00f3n cuneta y obras complementarias en cinco cuadras de un barrio vulnerable de la mencionada ciudad.<\/p>\n\n\n\n<p>La r\u00fabrica se llev\u00f3 adelante en el despacho de Freyre, &nbsp;junto con el subsecretario de Comunas, Carlos Kaufmann, quien consider\u00f3 que el \u201cPlan Incluir es una herramienta muy importante para los municipios, una m\u00e1s de las que se han generado con el objetivo de fortalecer a las administraciones locales\u201d.&nbsp;<\/p>\n\n\n\n<p>Asimismo, expres\u00f3 que con este programa provincial \u201clos gobiernos locales pueden llevar a cabo obras, desarrollar infraestructura para dotar a barrios de servicios; generar loteos y urbanizaciones nuevas, adem\u00e1s de los programas de vivienda que implementa la provincia; mejoramiento de espacios p\u00fablicos, lugares de contenci\u00f3n y centros comunitarios\u201d,<\/p>\n\n\n\n<p>Al cabo de la r\u00fabrica, Verdecchia inform\u00f3 que el a\u00f1o pasado la Municipalidad a su cargo present\u00f3 el proyecto para el Plan Incluir y destac\u00f3 que \u201ces una obra important\u00edsima: siempre decimos que este tipo de fondos que llegan para mejorar la calidad de los vecinos es fundamental. Hemos trabajado mucho para que pudiese salir lo antes posible\u201d, insisti\u00f3.<\/p>\n\n\n\n<p>El intendente agradeci\u00f3 a Freyre por su \u201cbuena disposici\u00f3n para el di\u00e1logo\u201d en tanto grafic\u00f3 que se trata de \u201cun proyecto de urbanizaci\u00f3n\u201d que contempla \u201cla construcci\u00f3n de un cord\u00f3n cuneta sobre cinco cuadras en una calle de un barrio de alta vulnerabilidad de la ciudad, lo cual a su vez va acompa\u00f1ado de un trabajo de iluminaci\u00f3n financiada por el municipio y de otras obras de servicios para urbanizar y mejorar la necesidad de las personas en cuanto a su calidad de vida\u201d.<\/p>\n","protected":false},"excerpt":{"rendered":"<p>Ser\u00e1 para realizar trabajos de cord\u00f3n cuneta en un barrio vulnerable de esa ciudad del departamento Belgrano y que beneficiar\u00e1 a un centenar de familias. El secretario de Integraci\u00f3n y Fortalecimiento Institucional, Jos\u00e9 Luis Freyre, firm\u00f3 este martes un convenio del Plan Incluir con el intendente de Armstrong, Pablo Verdecchia, por 10.024.830,13 de pesos para <a href=\"https:\/\/armstrongyregion.com.ar\/diario\/plan-incluir-la-provincia-firmo-un-convenio-con-la-municipalidad-de-armstrong-para-obras-de-urbanizacion-por-mas-de-10-millones-de-pesos\/\" title=\"Read more\" >&#8230;<\/a><\/p>\n","protected":false},"author":1,"featured_media":33559,"comment_status":"open","ping_status":"open","sticky":false,"template":"","format":"image","meta":{"_jetpack_memberships_contains_paid_content":false,"footnotes":"","jetpack_publicize_message":"","jetpack_publicize_feature_enabled":true,"jetpack_social_post_already_shared":true,"jetpack_social_options":{"image_generator_settings":{"template":"highway","default_image_id":0,"enabled":false},"version":2}},"categories":[8,1,2,7],"tags":[],"class_list":["post-33558","post","type-post","status-publish","format-image","has-post-thumbnail","hentry","category-deliberando","category-diario-armstrong","category-locales","category-politica","post_format-post-format-image"],"jetpack_publicize_connections":[],"jetpack_featured_media_url":"https:\/\/armstrongyregion.com.ar\/diario\/wp-content\/uploads\/2022\/03\/Incluir-Pablito-.jpg","jetpack_shortlink":"https:\/\/wp.me\/p62QDO-8Jg","jetpack_sharing_enabled":true,"amp_enabled":true,"_links":{"self":[{"href":"https:\/\/armstrongyregion.com.ar\/diario\/wp-json\/wp\/v2\/posts\/33558","targetHints":{"allow":["GET"]}}],"collection":[{"href":"https:\/\/armstrongyregion.com.ar\/diario\/wp-json\/wp\/v2\/posts"}],"about":[{"href":"https:\/\/armstrongyregion.com.ar\/diario\/wp-json\/wp\/v2\/types\/post"}],"author":[{"embeddable":true,"href":"https:\/\/armstrongyregion.com.ar\/diario\/wp-json\/wp\/v2\/users\/1"}],"replies":[{"embeddable":true,"href":"https:\/\/armstrongyregion.com.ar\/diario\/wp-json\/wp\/v2\/comments?post=33558"}],"version-history":[{"count":1,"href":"https:\/\/armstrongyregion.com.ar\/diario\/wp-json\/wp\/v2\/posts\/33558\/revisions"}],"predecessor-version":[{"id":33560,"href":"https:\/\/armstrongyregion.com.ar\/diario\/wp-json\/wp\/v2\/posts\/33558\/revisions\/33560"}],"wp:featuredmedia":[{"embeddable":true,"href":"https:\/\/armstrongyregion.com.ar\/diario\/wp-json\/wp\/v2\/media\/33559"}],"wp:attachment":[{"href":"https:\/\/armstrongyregion.com.ar\/diario\/wp-json\/wp\/v2\/media?parent=33558"}],"wp:term":[{"taxonomy":"category","embeddable":true,"href":"https:\/\/armstrongyregion.com.ar\/diario\/wp-json\/wp\/v2\/categories?post=33558"},{"taxonomy":"post_tag","embeddable":true,"href":"https:\/\/armstrongyregion.com.ar\/diario\/wp-json\/wp\/v2\/tags?post=33558"}],"curies":[{"name":"wp","href":"https:\/\/api.w.org\/{rel}","templated":true}]}}