{"id":33526,"date":"2022-03-14T04:17:48","date_gmt":"2022-03-14T04:17:48","guid":{"rendered":"https:\/\/armstrongyregion.com.ar\/diario\/?p=33526"},"modified":"2022-03-14T04:17:49","modified_gmt":"2022-03-14T04:17:49","slug":"quedo-inaugurada-la-muestra-mujeres-invisibles-en-el-museo-historico-municipal","status":"publish","type":"post","link":"https:\/\/armstrongyregion.com.ar\/diario\/quedo-inaugurada-la-muestra-mujeres-invisibles-en-el-museo-historico-municipal\/","title":{"rendered":"Qued\u00f3 inaugurada la Muestra \u201cMujeres (in)visibles\u00bb en el Museo Hist\u00f3rico Municipal.\u201d"},"content":{"rendered":"\n<figure class=\"wp-block-image size-large\"><img loading=\"lazy\" decoding=\"async\" width=\"462\" height=\"317\" src=\"http:\/\/armstrongyregion.com.ar\/diario\/wp-content\/uploads\/2022\/03\/muestra-1-.jpg\" alt=\"\" class=\"wp-image-33527\" srcset=\"https:\/\/armstrongyregion.com.ar\/diario\/wp-content\/uploads\/2022\/03\/muestra-1-.jpg 462w, https:\/\/armstrongyregion.com.ar\/diario\/wp-content\/uploads\/2022\/03\/muestra-1--300x206.jpg 300w\" sizes=\"auto, (max-width: 462px) 100vw, 462px\" \/><\/figure>\n\n\n\n<p>\nEl\npasado domingo,\na las 18,30 hs\nqued\u00f3 inaugurada la\nprimera exposici\u00f3n del a\u00f1o, en esta oportunidad la\nmuestra \u201cMujeres\n(in) visibles\u201d en el Museo Hist\u00f3rico Municipal.<\/p>\n\n\n\n<figure class=\"wp-block-image size-large\"><img loading=\"lazy\" decoding=\"async\" width=\"468\" height=\"307\" src=\"http:\/\/armstrongyregion.com.ar\/diario\/wp-content\/uploads\/2022\/03\/muestra-2-.jpg\" alt=\"\" class=\"wp-image-33528\" srcset=\"https:\/\/armstrongyregion.com.ar\/diario\/wp-content\/uploads\/2022\/03\/muestra-2-.jpg 468w, https:\/\/armstrongyregion.com.ar\/diario\/wp-content\/uploads\/2022\/03\/muestra-2--300x197.jpg 300w\" sizes=\"auto, (max-width: 468px) 100vw, 468px\" \/><\/figure>\n\n\n\n<p> El Director de Cultura y Deporte, Carlos Cuffia expresaba: \u201cEsta propuesta se lleva a cabo dentro del contexto de actividades previstas con motivo de la conmemoraci\u00f3n del Mes de la Mujer\u201d.<\/p>\n\n\n\n<figure class=\"wp-block-image size-large\"><img loading=\"lazy\" decoding=\"async\" width=\"314\" height=\"384\" src=\"http:\/\/armstrongyregion.com.ar\/diario\/wp-content\/uploads\/2022\/03\/muestra-6-.jpg\" alt=\"\" class=\"wp-image-33529\" srcset=\"https:\/\/armstrongyregion.com.ar\/diario\/wp-content\/uploads\/2022\/03\/muestra-6-.jpg 314w, https:\/\/armstrongyregion.com.ar\/diario\/wp-content\/uploads\/2022\/03\/muestra-6--245x300.jpg 245w\" sizes=\"auto, (max-width: 314px) 100vw, 314px\" \/><\/figure>\n\n\n\n<p> El funcionario agradeci\u00f3 a Rosana Siri, ex. Secretaria de Cultura por el apoyo y gu\u00eda, como as\u00ed a la actual muse\u00f3loga Eugenia Carnicelini y la encargada del establecimiento Yanina Carnevale, quienes fueron las encargadas de recopilar im\u00e1genes y  piezas que hasta el momento no hab\u00edan sido mostradas en este espacio, objetos e ideas de las mujeres en la sociedad armstronense, c\u00f3mo eran sus festejos, su educaci\u00f3n, actividades sociales, culturales, laborales y deportivas en las que participaban. <\/p>\n\n\n\n<figure class=\"wp-block-image size-large\"><img loading=\"lazy\" decoding=\"async\" width=\"489\" height=\"438\" src=\"http:\/\/armstrongyregion.com.ar\/diario\/wp-content\/uploads\/2022\/03\/muestra-4-.jpg\" alt=\"\" class=\"wp-image-33530\" srcset=\"https:\/\/armstrongyregion.com.ar\/diario\/wp-content\/uploads\/2022\/03\/muestra-4-.jpg 489w, https:\/\/armstrongyregion.com.ar\/diario\/wp-content\/uploads\/2022\/03\/muestra-4--300x269.jpg 300w\" sizes=\"auto, (max-width: 489px) 100vw, 489px\" \/><\/figure>\n\n\n\n<p>\nCuffia,\ntambi\u00e9n\nexpres\u00f3 a los medios locales que; \u201cesta muestra estar\u00e1\nexpuesta hasta el pr\u00f3ximo\n1ro de abril, \u00e1vida\ncuenta de que el d\u00eda\n2,\nse inaugurara la\nsegunda,  en el aniversario numero 40 de la Guerra de Malvinas,\ntem\u00e1tica\nque nos toca muy de cerca a los armstronenses y ya se  trabajando en\nla misma. \n<\/p>\n\n\n\n<figure class=\"wp-block-image size-large\"><img loading=\"lazy\" decoding=\"async\" width=\"353\" height=\"512\" src=\"http:\/\/armstrongyregion.com.ar\/diario\/wp-content\/uploads\/2022\/03\/Vestido-de-novia-3-.jpg\" alt=\"\" class=\"wp-image-33531\" srcset=\"https:\/\/armstrongyregion.com.ar\/diario\/wp-content\/uploads\/2022\/03\/Vestido-de-novia-3-.jpg 353w, https:\/\/armstrongyregion.com.ar\/diario\/wp-content\/uploads\/2022\/03\/Vestido-de-novia-3--207x300.jpg 207w\" sizes=\"auto, (max-width: 353px) 100vw, 353px\" \/><\/figure>\n\n\n\n<figure class=\"wp-block-image size-large\"><img loading=\"lazy\" decoding=\"async\" width=\"444\" height=\"384\" src=\"http:\/\/armstrongyregion.com.ar\/diario\/wp-content\/uploads\/2022\/03\/muestra-7.jpg\" alt=\"\" class=\"wp-image-33532\" srcset=\"https:\/\/armstrongyregion.com.ar\/diario\/wp-content\/uploads\/2022\/03\/muestra-7.jpg 444w, https:\/\/armstrongyregion.com.ar\/diario\/wp-content\/uploads\/2022\/03\/muestra-7-300x259.jpg 300w\" sizes=\"auto, (max-width: 444px) 100vw, 444px\" \/><\/figure>\n\n\n\n<p>\nEn\nel exterior del Museo se presentaron emprendedores de la Feria\nSabores y Colores Locales, como as\u00ed tambien nos deleit\u00f3 con su\nm\u00fasica y guitarra Cristian Guzm\u00e1n.<\/p>\n","protected":false},"excerpt":{"rendered":"<p>El pasado domingo, a las 18,30 hs qued\u00f3 inaugurada la primera exposici\u00f3n del a\u00f1o, en esta oportunidad la muestra \u201cMujeres (in) visibles\u201d en el Museo Hist\u00f3rico Municipal. El Director de Cultura y Deporte, Carlos Cuffia expresaba: \u201cEsta propuesta se lleva a cabo dentro del contexto de actividades previstas con motivo de la conmemoraci\u00f3n del Mes <a href=\"https:\/\/armstrongyregion.com.ar\/diario\/quedo-inaugurada-la-muestra-mujeres-invisibles-en-el-museo-historico-municipal\/\" title=\"Read more\" >&#8230;<\/a><\/p>\n","protected":false},"author":1,"featured_media":33527,"comment_status":"open","ping_status":"open","sticky":false,"template":"","format":"image","meta":{"_jetpack_memberships_contains_paid_content":false,"footnotes":"","jetpack_publicize_message":"","jetpack_publicize_feature_enabled":true,"jetpack_social_post_already_shared":true,"jetpack_social_options":{"image_generator_settings":{"template":"highway","default_image_id":0,"enabled":false},"version":2}},"categories":[6,8,1,2,7,3],"tags":[],"class_list":["post-33526","post","type-post","status-publish","format-image","has-post-thumbnail","hentry","category-cultura-entretenimiento","category-deliberando","category-diario-armstrong","category-locales","category-politica","category-region","post_format-post-format-image"],"jetpack_publicize_connections":[],"jetpack_featured_media_url":"https:\/\/armstrongyregion.com.ar\/diario\/wp-content\/uploads\/2022\/03\/muestra-1-.jpg","jetpack_shortlink":"https:\/\/wp.me\/p62QDO-8IK","jetpack_sharing_enabled":true,"amp_enabled":true,"_links":{"self":[{"href":"https:\/\/armstrongyregion.com.ar\/diario\/wp-json\/wp\/v2\/posts\/33526","targetHints":{"allow":["GET"]}}],"collection":[{"href":"https:\/\/armstrongyregion.com.ar\/diario\/wp-json\/wp\/v2\/posts"}],"about":[{"href":"https:\/\/armstrongyregion.com.ar\/diario\/wp-json\/wp\/v2\/types\/post"}],"author":[{"embeddable":true,"href":"https:\/\/armstrongyregion.com.ar\/diario\/wp-json\/wp\/v2\/users\/1"}],"replies":[{"embeddable":true,"href":"https:\/\/armstrongyregion.com.ar\/diario\/wp-json\/wp\/v2\/comments?post=33526"}],"version-history":[{"count":1,"href":"https:\/\/armstrongyregion.com.ar\/diario\/wp-json\/wp\/v2\/posts\/33526\/revisions"}],"predecessor-version":[{"id":33533,"href":"https:\/\/armstrongyregion.com.ar\/diario\/wp-json\/wp\/v2\/posts\/33526\/revisions\/33533"}],"wp:featuredmedia":[{"embeddable":true,"href":"https:\/\/armstrongyregion.com.ar\/diario\/wp-json\/wp\/v2\/media\/33527"}],"wp:attachment":[{"href":"https:\/\/armstrongyregion.com.ar\/diario\/wp-json\/wp\/v2\/media?parent=33526"}],"wp:term":[{"taxonomy":"category","embeddable":true,"href":"https:\/\/armstrongyregion.com.ar\/diario\/wp-json\/wp\/v2\/categories?post=33526"},{"taxonomy":"post_tag","embeddable":true,"href":"https:\/\/armstrongyregion.com.ar\/diario\/wp-json\/wp\/v2\/tags?post=33526"}],"curies":[{"name":"wp","href":"https:\/\/api.w.org\/{rel}","templated":true}]}}