{"id":33492,"date":"2022-03-10T14:52:03","date_gmt":"2022-03-10T14:52:03","guid":{"rendered":"https:\/\/armstrongyregion.com.ar\/diario\/?p=33492"},"modified":"2022-03-10T14:52:06","modified_gmt":"2022-03-10T14:52:06","slug":"el-senador-cornaglia-solicito-que-el-gobierno-reglamente-la-ley-que-regula-la-actividad-de-acompanantes-terapeuticos","status":"publish","type":"post","link":"https:\/\/armstrongyregion.com.ar\/diario\/el-senador-cornaglia-solicito-que-el-gobierno-reglamente-la-ley-que-regula-la-actividad-de-acompanantes-terapeuticos\/","title":{"rendered":"El Senador Cornaglia solicit\u00f3 que el gobierno reglamente la Ley que regula la actividad de acompa\u00f1antes terap\u00e9uticos."},"content":{"rendered":"\n<figure class=\"wp-block-image size-large\"><img loading=\"lazy\" decoding=\"async\" width=\"922\" height=\"510\" src=\"http:\/\/armstrongyregion.com.ar\/diario\/wp-content\/uploads\/2022\/01\/Cornaglia-1-2022.jpg\" alt=\"\" class=\"wp-image-32872\" srcset=\"https:\/\/armstrongyregion.com.ar\/diario\/wp-content\/uploads\/2022\/01\/Cornaglia-1-2022.jpg 922w, https:\/\/armstrongyregion.com.ar\/diario\/wp-content\/uploads\/2022\/01\/Cornaglia-1-2022-300x166.jpg 300w, https:\/\/armstrongyregion.com.ar\/diario\/wp-content\/uploads\/2022\/01\/Cornaglia-1-2022-768x425.jpg 768w\" sizes=\"auto, (max-width: 922px) 100vw, 922px\" \/><\/figure>\n\n\n\n<h2 class=\"wp-block-heading\"><strong>El legislador por el departamento Belgrano manifest\u00f3 que la Ley tiene una significancia inclusiva y representativa para el colectivo de Acompa\u00f1antes Terap\u00e9uticos Santafesinos en lo que respecta al desenvolvimiento integral de su profesi\u00f3n y en el desempe\u00f1o de sus actividades.<\/strong><\/h2>\n\n\n\n<p>El senador provincial Guillermo Cornaglia solicit\u00f3 al Gobierno de Santa Fe que proceda a reglamentar la Ley N\u00b0 13.970 de \u00abRegulaci\u00f3n del Ejercicio de la Actividad T\u00e9cnica de Acompa\u00f1ante Terap\u00e9utico\u00bb. Lo hizo a trav\u00e9s de un proyecto de Comunicaci\u00f3n presentado en la Legislatura santafesina, ya que la normativa fue sancionada en noviembre de 2019 y publicada en el Bolet\u00edn Oficial en febrero de 2020, pero a\u00fan no cuenta con su correspondiente decreto reglamentario.<br><\/p>\n\n\n\n<p>\u201cLa Ley tiene una significancia inclusiva y representativa para el colectivo de Acompa\u00f1antes Terap\u00e9uticos Santafesinos en lo que respecta al desenvolvimiento integral de su profesi\u00f3n y en el desempe\u00f1o de sus actividades\u201d, manifest\u00f3 Cornaglia, y agreg\u00f3: \u201csus acciones repercuten favorable y consecuentemente en la inclusi\u00f3n de las personas acompa\u00f1adas, en clave con su entorno inmediato y la comunidad, desde la puesta en pr\u00e1ctica de un nuevo paradigma que contempla un modelo de salud en red, integrado e interdisciplinario\u201d.<br><\/p>\n\n\n\n<p>Adem\u00e1s, el representante del departamento Belgrano explic\u00f3 que el 28 de noviembre del a\u00f1o 2019 la Legislatura de la Provincia de Santa Fe dio sanci\u00f3n definitiva al proyecto de Ley que regula el ejercicio de la actividad t\u00e9cnica denominada Acompa\u00f1ante Terap\u00e9utico, mientras que el Poder Ejecutivo provincial promulg\u00f3 y public\u00f3 la norma en el Bolet\u00edn Oficial el 3 de febrero de 2020, registrada con el Nro. 13.970.<br><\/p>\n\n\n\n<p>Al d\u00eda de la fecha, la presente norma a\u00fan no cuenta con su respectivo acto integrativo de la Ley por parte del Poder Ejecutivo y su correspondiente decreto reglamentario. Por ende, carece de operatividad pr\u00e1ctica y la misma no puede desplegar todos sus efectos, eficacia y alcances jur\u00eddicos.<br><\/p>\n\n\n\n<p>\u201cPara que la ley tenga una aplicaci\u00f3n efectiva necesita de la articulaci\u00f3n de los procedimientos espec\u00edficos y, habiendo transcurrido un plazo razonable, esta omisi\u00f3n a los deberes constitucionales implica bloquear la voluntad legislativa y gestar la posibilidad de que caiga en letra muerta\u201d, finaliz\u00f3 Cornaglia.<\/p>\n","protected":false},"excerpt":{"rendered":"<p>El legislador por el departamento Belgrano manifest\u00f3 que la Ley tiene una significancia inclusiva y representativa para el colectivo de Acompa\u00f1antes Terap\u00e9uticos Santafesinos en lo que respecta al desenvolvimiento integral de su profesi\u00f3n y en el desempe\u00f1o de sus actividades. El senador provincial Guillermo Cornaglia solicit\u00f3 al Gobierno de Santa Fe que proceda a reglamentar <a href=\"https:\/\/armstrongyregion.com.ar\/diario\/el-senador-cornaglia-solicito-que-el-gobierno-reglamente-la-ley-que-regula-la-actividad-de-acompanantes-terapeuticos\/\" title=\"Read more\" >&#8230;<\/a><\/p>\n","protected":false},"author":1,"featured_media":32872,"comment_status":"open","ping_status":"open","sticky":false,"template":"","format":"image","meta":{"_jetpack_memberships_contains_paid_content":false,"footnotes":"","jetpack_publicize_message":"","jetpack_publicize_feature_enabled":true,"jetpack_social_post_already_shared":true,"jetpack_social_options":{"image_generator_settings":{"template":"highway","default_image_id":0,"enabled":false},"version":2}},"categories":[8,1,2,7,3],"tags":[],"class_list":["post-33492","post","type-post","status-publish","format-image","has-post-thumbnail","hentry","category-deliberando","category-diario-armstrong","category-locales","category-politica","category-region","post_format-post-format-image"],"jetpack_publicize_connections":[],"jetpack_featured_media_url":"https:\/\/armstrongyregion.com.ar\/diario\/wp-content\/uploads\/2022\/01\/Cornaglia-1-2022.jpg","jetpack_shortlink":"https:\/\/wp.me\/p62QDO-8Ic","jetpack_sharing_enabled":true,"amp_enabled":true,"_links":{"self":[{"href":"https:\/\/armstrongyregion.com.ar\/diario\/wp-json\/wp\/v2\/posts\/33492","targetHints":{"allow":["GET"]}}],"collection":[{"href":"https:\/\/armstrongyregion.com.ar\/diario\/wp-json\/wp\/v2\/posts"}],"about":[{"href":"https:\/\/armstrongyregion.com.ar\/diario\/wp-json\/wp\/v2\/types\/post"}],"author":[{"embeddable":true,"href":"https:\/\/armstrongyregion.com.ar\/diario\/wp-json\/wp\/v2\/users\/1"}],"replies":[{"embeddable":true,"href":"https:\/\/armstrongyregion.com.ar\/diario\/wp-json\/wp\/v2\/comments?post=33492"}],"version-history":[{"count":1,"href":"https:\/\/armstrongyregion.com.ar\/diario\/wp-json\/wp\/v2\/posts\/33492\/revisions"}],"predecessor-version":[{"id":33493,"href":"https:\/\/armstrongyregion.com.ar\/diario\/wp-json\/wp\/v2\/posts\/33492\/revisions\/33493"}],"wp:featuredmedia":[{"embeddable":true,"href":"https:\/\/armstrongyregion.com.ar\/diario\/wp-json\/wp\/v2\/media\/32872"}],"wp:attachment":[{"href":"https:\/\/armstrongyregion.com.ar\/diario\/wp-json\/wp\/v2\/media?parent=33492"}],"wp:term":[{"taxonomy":"category","embeddable":true,"href":"https:\/\/armstrongyregion.com.ar\/diario\/wp-json\/wp\/v2\/categories?post=33492"},{"taxonomy":"post_tag","embeddable":true,"href":"https:\/\/armstrongyregion.com.ar\/diario\/wp-json\/wp\/v2\/tags?post=33492"}],"curies":[{"name":"wp","href":"https:\/\/api.w.org\/{rel}","templated":true}]}}