{"id":33484,"date":"2022-03-10T03:59:37","date_gmt":"2022-03-10T03:59:37","guid":{"rendered":"https:\/\/armstrongyregion.com.ar\/diario\/?p=33484"},"modified":"2022-03-10T03:59:39","modified_gmt":"2022-03-10T03:59:39","slug":"armstrong-con-respecto-al-discurso-de-verdecchia-los-concejales-se-expresaron","status":"publish","type":"post","link":"https:\/\/armstrongyregion.com.ar\/diario\/armstrong-con-respecto-al-discurso-de-verdecchia-los-concejales-se-expresaron\/","title":{"rendered":"Armstrong. Con respecto al discurso de Verdecchia, los concejales se expresaron."},"content":{"rendered":"\n<figure class=\"wp-block-image size-large\"><img loading=\"lazy\" decoding=\"async\" width=\"540\" height=\"308\" src=\"http:\/\/armstrongyregion.com.ar\/diario\/wp-content\/uploads\/2022\/03\/Luz-Marina..jpg\" alt=\"\" class=\"wp-image-33485\" srcset=\"https:\/\/armstrongyregion.com.ar\/diario\/wp-content\/uploads\/2022\/03\/Luz-Marina..jpg 540w, https:\/\/armstrongyregion.com.ar\/diario\/wp-content\/uploads\/2022\/03\/Luz-Marina.-300x171.jpg 300w\" sizes=\"auto, (max-width: 540px) 100vw, 540px\" \/><\/figure>\n\n\n\n<h2 class=\"wp-block-heading\"> Al termino de la sesi\u00f3n de apertura del pasado martes, concejales de los tres bloques se expresaron y opinaron sobre el discurso del intendente.<\/h2>\n\n\n\n<h2 class=\"wp-block-heading\"><\/h2>\n\n\n\n<p>  Luz Marina Fischer, referente del Partido Justicialista dijo:  \u201cQuer\u00eda hacer hincapi\u00e9 en esto, el discurso esta muy alejado del reclamo de la gente, como yo dec\u00eda en campa\u00f1a que Verdecchia era un intendente de oficina, que no lo ve\u00eda en la calle en contacto con los vecinos, ac\u00e1 se vio en el discurso, hablo de educaci\u00f3n; FAE y becas, Salud;  Susamco y Covid, Seguridad; las c\u00e1maras de seguridad. Cuando habla del medioambiente habla de reciclaje y de compost, cuando habla de la nueva iluminaci\u00f3n en la ciudad;  habla de que efectivamente se iluminaron las plazas, las calles del centro y las bicisendas\u201d.  <\/p>\n\n\n\n<p>La concejala arremeti\u00f3: \u201cPero cuando uno escucha a la gente  en sus reclamos, el pueblo necesita otra cosa; que le soluciones el tema de la basura, una casa de la cultura, una carrera universitaria, la gente pide mas seguridad, bueno ac\u00e1 tambi\u00e9n, cuando habl\u00f3 de seguridad se olvido de hablar de las balaceras que es la primera vez en la historia de la ciudad que esto ocurre. Entonces digo, es un discurso muy por arriba, muy general, parece que le habla al gabinete y no a los vecinos y a las vecinas de la ciudad\u201d.<\/p>\n\n\n\n<figure class=\"wp-block-image size-large\"><img loading=\"lazy\" decoding=\"async\" width=\"540\" height=\"297\" src=\"http:\/\/armstrongyregion.com.ar\/diario\/wp-content\/uploads\/2022\/03\/Emi-Gramigna-.jpg\" alt=\"\" class=\"wp-image-33486\" srcset=\"https:\/\/armstrongyregion.com.ar\/diario\/wp-content\/uploads\/2022\/03\/Emi-Gramigna-.jpg 540w, https:\/\/armstrongyregion.com.ar\/diario\/wp-content\/uploads\/2022\/03\/Emi-Gramigna--300x165.jpg 300w\" sizes=\"auto, (max-width: 540px) 100vw, 540px\" \/><\/figure>\n\n\n\n<p>Por su parte, el concejal de\nRenovaci\u00f3n por Armstrong, Emiliano Gramigna expres\u00f3: \u201cLa opini\u00f3n\nes como todos los a\u00f1os, es escuchar la visi\u00f3n de ciudad que tiene\nel intendente, escuchar la visi\u00f3n de ciudad de su gesti\u00f3n y despu\u00e9s\nsi uno esta de acuerdo o no depende de la critica que se puede hacer\ndesde nuestro lugar de opositores pero la realidad es que siempre\ncelebramos que es un acto de la democracia y que se da comienzo a un\na\u00f1o que va a ser de mucho trabajo como lo fueron todos los a\u00f1os\nanteriores y el trabajo sin parar que desde nuestro bloque hicimos\nsiempre\u201d.<\/p>\n\n\n\n<p>El edil a\u00f1adi\u00f3: \u201cSe puede estar\nde acuerdo o no pero hay momentos y momentos de planteos de visiones\nde ciudad. El planteo de visi\u00f3n de ciudad fue el a\u00f1o pasado en la\nelecci\u00f3n, donde ya hubo un resultado concreto y creo  que ahora lo\nque hay que hacer siempre es tratar de sumar  dentro de lo que la\noposici\u00f3n debe hacerlo y tratar de tomar los proyectos que la\noposici\u00f3n tiene para mejorar la calidad de vida de los\narmstronenses, cuando se habla muchas veces de mezquindades de\nindividualismos, creo que tambi\u00e9n es la practica para todos no\nsolamente para la oposici\u00f3n sino para el mismo oficialismo, y desde\nnuestro lugar siempre se va a encontrar un espacio donde  vamos a\nbrindar ideas, ordenanzas y proyectos que le mejoren la calidad de\nvida a la gente\u201d. \n<\/p>\n\n\n\n<figure class=\"wp-block-image size-large\"><img loading=\"lazy\" decoding=\"async\" width=\"480\" height=\"320\" src=\"http:\/\/armstrongyregion.com.ar\/diario\/wp-content\/uploads\/2022\/03\/Guille-Luzzi.jpg\" alt=\"\" class=\"wp-image-33487\" srcset=\"https:\/\/armstrongyregion.com.ar\/diario\/wp-content\/uploads\/2022\/03\/Guille-Luzzi.jpg 480w, https:\/\/armstrongyregion.com.ar\/diario\/wp-content\/uploads\/2022\/03\/Guille-Luzzi-300x200.jpg 300w\" sizes=\"auto, (max-width: 480px) 100vw, 480px\" \/><\/figure>\n\n\n\n<p>Finalmente, el concejal oficialista Guillermo Luzzi dijo:  \u201cEste es un acto institucional que se merece la ciudad donde escuchamos al intendente, quien inform\u00f3 sobre todas las cosas que se hicieron y lo que esta por venir. Esperemos estar a la altura de las circunstancias como para acompa\u00f1ar al ejecutivo y logre lo que propone hacer\u201d.  <\/p>\n\n\n\n<p>Luego agreg\u00f3: \u201cEste es mi primer ciclo como concejal, siempre dije que voy a aprender much\u00edsimo y voy  a trabajar desde otro lado. Yo estaba en el ejecutivo y ahora va a ser una experiencia muy interesante y ver\u00e9 las cosas desde el otro lado. Yo creo que tengo una ventaja enorme, ya que he estado en la evoluci\u00f3n de muchos proyectos, sentado y trabajando codo a codo con el intendente  y los compa\u00f1eros de gabinete. De los temas de obra p\u00fablica conozco pormenores, tambi\u00e9n se sobre la labor de cada una de las \u00e1reas, por eso creo ser\u00e1 un desaf\u00edo muy importante\u201d,<\/p>\n\n\n\n<p>El concejal oficialista acot\u00f3: \u201cEl discurso del intendente  marco las pautas de todo lo que se fue dando, como as\u00ed  habl\u00f3 de un gobierno provincial que no tuvimos contacto para nada en estos \u00faltimos dos a\u00f1os, am\u00e9n de tener muchas gestiones y proyectos a culminar. Y tambi\u00e9n  reconoci\u00f3 que tenemos un gobierno nacional que como se vio plasmado se ha realizado una gesti\u00f3n que para Armstrong es un hecho hist\u00f3rico, conseguir mas de 200 millones de pesos, no se logra de la noche a la ma\u00f1ana, esto a llevado much\u00edsimo trabajo y se ha logrado\u201d.<\/p>\n","protected":false},"excerpt":{"rendered":"<p>Al termino de la sesi\u00f3n de apertura del pasado martes, concejales de los tres bloques se expresaron y opinaron sobre el discurso del intendente. Luz Marina Fischer, referente del Partido Justicialista dijo: \u201cQuer\u00eda hacer hincapi\u00e9 en esto, el discurso esta muy alejado del reclamo de la gente, como yo dec\u00eda en campa\u00f1a que Verdecchia era <a href=\"https:\/\/armstrongyregion.com.ar\/diario\/armstrong-con-respecto-al-discurso-de-verdecchia-los-concejales-se-expresaron\/\" title=\"Read more\" >&#8230;<\/a><\/p>\n","protected":false},"author":1,"featured_media":33485,"comment_status":"open","ping_status":"open","sticky":false,"template":"","format":"image","meta":{"_jetpack_memberships_contains_paid_content":false,"footnotes":"","jetpack_publicize_message":"","jetpack_publicize_feature_enabled":true,"jetpack_social_post_already_shared":true,"jetpack_social_options":{"image_generator_settings":{"template":"highway","default_image_id":0,"enabled":false},"version":2}},"categories":[8,1,2,7],"tags":[],"class_list":["post-33484","post","type-post","status-publish","format-image","has-post-thumbnail","hentry","category-deliberando","category-diario-armstrong","category-locales","category-politica","post_format-post-format-image"],"jetpack_publicize_connections":[],"jetpack_featured_media_url":"https:\/\/armstrongyregion.com.ar\/diario\/wp-content\/uploads\/2022\/03\/Luz-Marina..jpg","jetpack_shortlink":"https:\/\/wp.me\/p62QDO-8I4","jetpack_sharing_enabled":true,"amp_enabled":true,"_links":{"self":[{"href":"https:\/\/armstrongyregion.com.ar\/diario\/wp-json\/wp\/v2\/posts\/33484","targetHints":{"allow":["GET"]}}],"collection":[{"href":"https:\/\/armstrongyregion.com.ar\/diario\/wp-json\/wp\/v2\/posts"}],"about":[{"href":"https:\/\/armstrongyregion.com.ar\/diario\/wp-json\/wp\/v2\/types\/post"}],"author":[{"embeddable":true,"href":"https:\/\/armstrongyregion.com.ar\/diario\/wp-json\/wp\/v2\/users\/1"}],"replies":[{"embeddable":true,"href":"https:\/\/armstrongyregion.com.ar\/diario\/wp-json\/wp\/v2\/comments?post=33484"}],"version-history":[{"count":1,"href":"https:\/\/armstrongyregion.com.ar\/diario\/wp-json\/wp\/v2\/posts\/33484\/revisions"}],"predecessor-version":[{"id":33488,"href":"https:\/\/armstrongyregion.com.ar\/diario\/wp-json\/wp\/v2\/posts\/33484\/revisions\/33488"}],"wp:featuredmedia":[{"embeddable":true,"href":"https:\/\/armstrongyregion.com.ar\/diario\/wp-json\/wp\/v2\/media\/33485"}],"wp:attachment":[{"href":"https:\/\/armstrongyregion.com.ar\/diario\/wp-json\/wp\/v2\/media?parent=33484"}],"wp:term":[{"taxonomy":"category","embeddable":true,"href":"https:\/\/armstrongyregion.com.ar\/diario\/wp-json\/wp\/v2\/categories?post=33484"},{"taxonomy":"post_tag","embeddable":true,"href":"https:\/\/armstrongyregion.com.ar\/diario\/wp-json\/wp\/v2\/tags?post=33484"}],"curies":[{"name":"wp","href":"https:\/\/api.w.org\/{rel}","templated":true}]}}