{"id":33481,"date":"2022-03-10T02:18:14","date_gmt":"2022-03-10T02:18:14","guid":{"rendered":"https:\/\/armstrongyregion.com.ar\/diario\/?p=33481"},"modified":"2022-03-10T02:18:17","modified_gmt":"2022-03-10T02:18:17","slug":"expoagro-autoridades-provinciales-analizaron-la-situacion-industrial-con-fabricantes-de-maquinaria-agricola","status":"publish","type":"post","link":"https:\/\/armstrongyregion.com.ar\/diario\/expoagro-autoridades-provinciales-analizaron-la-situacion-industrial-con-fabricantes-de-maquinaria-agricola\/","title":{"rendered":"Expoagro: Autoridades provinciales analizaron la situaci\u00f3n industrial con fabricantes de maquinaria agr\u00edcola."},"content":{"rendered":"\n<figure class=\"wp-block-image size-large\"><img loading=\"lazy\" decoding=\"async\" width=\"570\" height=\"320\" src=\"http:\/\/armstrongyregion.com.ar\/diario\/wp-content\/uploads\/2022\/03\/expoagro-.jpg\" alt=\"\" class=\"wp-image-33482\" srcset=\"https:\/\/armstrongyregion.com.ar\/diario\/wp-content\/uploads\/2022\/03\/expoagro-.jpg 570w, https:\/\/armstrongyregion.com.ar\/diario\/wp-content\/uploads\/2022\/03\/expoagro--300x168.jpg 300w\" sizes=\"auto, (max-width: 570px) 100vw, 570px\" \/><\/figure>\n\n\n\n<h2 class=\"wp-block-heading\"> El ministro Costamagna y funcionarios de su cartera se reunieron con un grupo de industriales santafesinos encabezados por los presidentes de la Asima, Ignacio Tanzi, y de la Cafma, Eduardo Borri. <\/h2>\n\n\n\n<p>El ministro de Producci\u00f3n, Ciencia y Tecnolog\u00eda, Daniel Costamagna, acompa\u00f1ado por miembros de su gabinete, recibi\u00f3 este martes a una veintena de fabricantes de maquinaria agr\u00edcola de Santa Fe para analizar la situaci\u00f3n del sector y plantear una agenda com\u00fan. El encuentro tuvo lugar en el stand institucional del Gobierno de Santa Fe en Expoagro, y cont\u00f3 con la participaci\u00f3n de los presidentes de la Asociaci\u00f3n Santafesina de Industriales de la M\u00e1quinas Agr\u00edcolas y Sectores Afines (Asima), Ignacio Tanzi; de la C\u00e1mara Argentina de Fabricantes de Maquinaria Agr\u00edcola (Cafma), Eduardo Borri; y el secretario de Industria, Claudio Mossuz; el secretario de Comercio Exterior, Germ\u00e1n Burcher; el subsecretario de Peque\u00f1a y Mediana Industria e Innovaci\u00f3n, Marcelo Comelli; el subsecretario de Fortalecimiento Industrial, Iv\u00e1n Piascik; y el director de Tecnolog\u00eda e Innovaci\u00f3n, Enrique Bertini.<\/p>\n\n\n\n<p>Acerca de los temas tratados, Costamagna afirm\u00f3: \u201cEn el encuentro se pusieron de relieve los signos de recuperaci\u00f3n que muestra el sector. Manifestamos el apoyo ofrecido por la Provincia a trav\u00e9s de los cr\u00e9ditos Santa Fe de Pie a trav\u00e9s de los cuales empresas del sector ya han monetizado, o est\u00e1n pr\u00f3ximas a hacerlo, m\u00e1s de 1.100 millones de pesos destinados a mejoras productivas\u201d.<\/p>\n\n\n\n<p>Adem\u00e1s, Mossuz plante\u00f3 a los industriales el trabajo que se est\u00e1 haciendo para contar en el corto plazo con un nuevo r\u00e9gimen de promoci\u00f3n industrial. \u201cEn el a\u00f1o 2009 ten\u00edamos un promedio de 120 industrias promocionadas. Para 2019 hab\u00eda poco m\u00e1s de 30. Es evidente que fue decayendo tanto la promoci\u00f3n industrial como el inter\u00e9s de las industrias por ingresar en este r\u00e9gimen. Esta nueva propuesta va a intentar dar vuelta esa ecuaci\u00f3n y hacer foco en el sector pyme, incorporando otras alternativas que permitan considerar cuestiones de g\u00e9nero, comercio exterior, adquisici\u00f3n de tecnolog\u00eda, entre otras, y ya no solamente el incremento de capacidad productiva y de personal\u201d, explic\u00f3.<\/p>\n\n\n\n<p>Junto a esta iniciativa, el secretario de Industria agreg\u00f3 que est\u00e1n dise\u00f1ando un nuevo programa de asistencia al trabajo industrial que, seg\u00fan detall\u00f3, \u201cpretende incentivar el trabajo industrial a trav\u00e9s de un subsidio provincial a aquellas empresas que incorporen mano de obra\u201d.<\/p>\n\n\n\n<p>Por otra parte, los funcionarios e industriales abordaron las consecuencias que supone el conflicto b\u00e9lico entre Rusia y Ucrania para la econom\u00eda santafesina, y para el sector de la maquinaria agr\u00edcola en particular. En este sentido, manifestaron que un 20% de las exportaciones del rubro tienen por destino a estos dos pa\u00edses y muchas empresas santafesinas poseen contratos con compradores rusos y ucranianos cuya vigencia se ha visto supeditada a la coyuntura. Desde la Secretar\u00eda de Comercio Exterior aseguraron que ya se est\u00e1n llevando adelante avanzadas gestiones a los fines de garantizar los contactos comerciales. Asimismo, se destac\u00f3 la preponderancia que en este contexto adquieren los mercados lim\u00edtrofes como son los de Uruguay, Bolivia y Paraguay.<\/p>\n\n\n\n<p>A su turno, Tanzi ponder\u00f3 la pol\u00edtica de financiamiento productivo que lleva adelante la Provincia a trav\u00e9s de Santa Fe de Pie: \u00abEs una herramienta excelente para nosotros ya que el cr\u00e9dito es fundamental para poder concretar las ventas. Tambi\u00e9n es importante destacar la predisposici\u00f3n del ministro y sus funcionarios a fin de que nuestro sector siga pujando y generando empleo para poder expandirse\u201d.<\/p>\n\n\n\n<p>Finalmente, Borri manifest\u00f3 su benepl\u00e1cito por los anuncios y comentarios expresados, y destac\u00f3 la necesidad de contar con una ley que permita distinguir la maquinaria agr\u00edcola de fabricaci\u00f3n nacional de aquella importada o ensamblada en el pa\u00eds. El objetivo de esta propuesta es poder enfocar de manera m\u00e1s precisa los esfuerzos del Estado para hacer m\u00e1s eficiente el est\u00edmulo a los fabricantes nacionales.<\/p>\n","protected":false},"excerpt":{"rendered":"<p>El ministro Costamagna y funcionarios de su cartera se reunieron con un grupo de industriales santafesinos encabezados por los presidentes de la Asima, Ignacio Tanzi, y de la Cafma, Eduardo Borri. El ministro de Producci\u00f3n, Ciencia y Tecnolog\u00eda, Daniel Costamagna, acompa\u00f1ado por miembros de su gabinete, recibi\u00f3 este martes a una veintena de fabricantes de <a href=\"https:\/\/armstrongyregion.com.ar\/diario\/expoagro-autoridades-provinciales-analizaron-la-situacion-industrial-con-fabricantes-de-maquinaria-agricola\/\" title=\"Read more\" >&#8230;<\/a><\/p>\n","protected":false},"author":1,"featured_media":33482,"comment_status":"open","ping_status":"open","sticky":false,"template":"","format":"image","meta":{"_jetpack_memberships_contains_paid_content":false,"footnotes":"","jetpack_publicize_message":"","jetpack_publicize_feature_enabled":true,"jetpack_social_post_already_shared":true,"jetpack_social_options":{"image_generator_settings":{"template":"highway","default_image_id":0,"enabled":false},"version":2}},"categories":[1],"tags":[],"class_list":["post-33481","post","type-post","status-publish","format-image","has-post-thumbnail","hentry","category-diario-armstrong","post_format-post-format-image"],"jetpack_publicize_connections":[],"jetpack_featured_media_url":"https:\/\/armstrongyregion.com.ar\/diario\/wp-content\/uploads\/2022\/03\/expoagro-.jpg","jetpack_shortlink":"https:\/\/wp.me\/p62QDO-8I1","jetpack_sharing_enabled":true,"amp_enabled":true,"_links":{"self":[{"href":"https:\/\/armstrongyregion.com.ar\/diario\/wp-json\/wp\/v2\/posts\/33481","targetHints":{"allow":["GET"]}}],"collection":[{"href":"https:\/\/armstrongyregion.com.ar\/diario\/wp-json\/wp\/v2\/posts"}],"about":[{"href":"https:\/\/armstrongyregion.com.ar\/diario\/wp-json\/wp\/v2\/types\/post"}],"author":[{"embeddable":true,"href":"https:\/\/armstrongyregion.com.ar\/diario\/wp-json\/wp\/v2\/users\/1"}],"replies":[{"embeddable":true,"href":"https:\/\/armstrongyregion.com.ar\/diario\/wp-json\/wp\/v2\/comments?post=33481"}],"version-history":[{"count":1,"href":"https:\/\/armstrongyregion.com.ar\/diario\/wp-json\/wp\/v2\/posts\/33481\/revisions"}],"predecessor-version":[{"id":33483,"href":"https:\/\/armstrongyregion.com.ar\/diario\/wp-json\/wp\/v2\/posts\/33481\/revisions\/33483"}],"wp:featuredmedia":[{"embeddable":true,"href":"https:\/\/armstrongyregion.com.ar\/diario\/wp-json\/wp\/v2\/media\/33482"}],"wp:attachment":[{"href":"https:\/\/armstrongyregion.com.ar\/diario\/wp-json\/wp\/v2\/media?parent=33481"}],"wp:term":[{"taxonomy":"category","embeddable":true,"href":"https:\/\/armstrongyregion.com.ar\/diario\/wp-json\/wp\/v2\/categories?post=33481"},{"taxonomy":"post_tag","embeddable":true,"href":"https:\/\/armstrongyregion.com.ar\/diario\/wp-json\/wp\/v2\/tags?post=33481"}],"curies":[{"name":"wp","href":"https:\/\/api.w.org\/{rel}","templated":true}]}}