{"id":33461,"date":"2022-03-08T14:50:13","date_gmt":"2022-03-08T14:50:13","guid":{"rendered":"https:\/\/armstrongyregion.com.ar\/diario\/?p=33461"},"modified":"2022-03-08T14:50:17","modified_gmt":"2022-03-08T14:50:17","slug":"canada-nuevamente-sede-de-las-mesas-territoriales-educativas","status":"publish","type":"post","link":"https:\/\/armstrongyregion.com.ar\/diario\/canada-nuevamente-sede-de-las-mesas-territoriales-educativas\/","title":{"rendered":"Ca\u00f1ada nuevamente sede de las mesas territoriales educativas."},"content":{"rendered":"\n<figure class=\"wp-block-image size-large\"><img loading=\"lazy\" decoding=\"async\" width=\"541\" height=\"407\" src=\"http:\/\/armstrongyregion.com.ar\/diario\/wp-content\/uploads\/2022\/03\/clerici-8-3-.jpg\" alt=\"\" class=\"wp-image-33462\" srcset=\"https:\/\/armstrongyregion.com.ar\/diario\/wp-content\/uploads\/2022\/03\/clerici-8-3-.jpg 541w, https:\/\/armstrongyregion.com.ar\/diario\/wp-content\/uploads\/2022\/03\/clerici-8-3--300x226.jpg 300w\" sizes=\"auto, (max-width: 541px) 100vw, 541px\" \/><\/figure>\n\n\n\n<p>Nuestra ciudad fue el pasado lunes nuevamente sede de las mesas territoriales educativas impulsadas desde el Ministerio de Educaci\u00f3n provincial junto con la Regional V y la gesti\u00f3n municipal.<\/p>\n\n\n\n<p>La intendenta Stella Cl\u00e9rici recibi\u00f3 a estudiantes, comunidad educativa, intendentes y presidentes comunales de toda la regi\u00f3n para compartir la jornada. \u201cEs importante trabajar en red y de forma interinstitucional para que las escuelas sean ese espacio de contenci\u00f3n e igualdad. Todas las chicas y los chicos en la escuela aprendiendo\u201d, expres\u00f3.&nbsp;<\/p>\n","protected":false},"excerpt":{"rendered":"<p>Nuestra ciudad fue el pasado lunes nuevamente sede de las mesas territoriales educativas impulsadas desde el Ministerio de Educaci\u00f3n provincial junto con la Regional V y la gesti\u00f3n municipal. La intendenta Stella Cl\u00e9rici recibi\u00f3 a estudiantes, comunidad educativa, intendentes y presidentes comunales de toda la regi\u00f3n para compartir la jornada. \u201cEs importante trabajar en red <a href=\"https:\/\/armstrongyregion.com.ar\/diario\/canada-nuevamente-sede-de-las-mesas-territoriales-educativas\/\" title=\"Read more\" >&#8230;<\/a><\/p>\n","protected":false},"author":1,"featured_media":33462,"comment_status":"open","ping_status":"open","sticky":false,"template":"","format":"image","meta":{"_jetpack_memberships_contains_paid_content":false,"footnotes":"","jetpack_publicize_message":"","jetpack_publicize_feature_enabled":true,"jetpack_social_post_already_shared":true,"jetpack_social_options":{"image_generator_settings":{"template":"highway","default_image_id":0,"enabled":false},"version":2}},"categories":[8,1,2,7,3],"tags":[],"class_list":["post-33461","post","type-post","status-publish","format-image","has-post-thumbnail","hentry","category-deliberando","category-diario-armstrong","category-locales","category-politica","category-region","post_format-post-format-image"],"jetpack_publicize_connections":[],"jetpack_featured_media_url":"https:\/\/armstrongyregion.com.ar\/diario\/wp-content\/uploads\/2022\/03\/clerici-8-3-.jpg","jetpack_shortlink":"https:\/\/wp.me\/p62QDO-8HH","jetpack_sharing_enabled":true,"amp_enabled":true,"_links":{"self":[{"href":"https:\/\/armstrongyregion.com.ar\/diario\/wp-json\/wp\/v2\/posts\/33461","targetHints":{"allow":["GET"]}}],"collection":[{"href":"https:\/\/armstrongyregion.com.ar\/diario\/wp-json\/wp\/v2\/posts"}],"about":[{"href":"https:\/\/armstrongyregion.com.ar\/diario\/wp-json\/wp\/v2\/types\/post"}],"author":[{"embeddable":true,"href":"https:\/\/armstrongyregion.com.ar\/diario\/wp-json\/wp\/v2\/users\/1"}],"replies":[{"embeddable":true,"href":"https:\/\/armstrongyregion.com.ar\/diario\/wp-json\/wp\/v2\/comments?post=33461"}],"version-history":[{"count":1,"href":"https:\/\/armstrongyregion.com.ar\/diario\/wp-json\/wp\/v2\/posts\/33461\/revisions"}],"predecessor-version":[{"id":33463,"href":"https:\/\/armstrongyregion.com.ar\/diario\/wp-json\/wp\/v2\/posts\/33461\/revisions\/33463"}],"wp:featuredmedia":[{"embeddable":true,"href":"https:\/\/armstrongyregion.com.ar\/diario\/wp-json\/wp\/v2\/media\/33462"}],"wp:attachment":[{"href":"https:\/\/armstrongyregion.com.ar\/diario\/wp-json\/wp\/v2\/media?parent=33461"}],"wp:term":[{"taxonomy":"category","embeddable":true,"href":"https:\/\/armstrongyregion.com.ar\/diario\/wp-json\/wp\/v2\/categories?post=33461"},{"taxonomy":"post_tag","embeddable":true,"href":"https:\/\/armstrongyregion.com.ar\/diario\/wp-json\/wp\/v2\/tags?post=33461"}],"curies":[{"name":"wp","href":"https:\/\/api.w.org\/{rel}","templated":true}]}}