{"id":33455,"date":"2022-03-08T02:59:30","date_gmt":"2022-03-08T02:59:30","guid":{"rendered":"https:\/\/armstrongyregion.com.ar\/diario\/?p=33455"},"modified":"2022-03-08T02:59:32","modified_gmt":"2022-03-08T02:59:32","slug":"el-ex-jefe-de-orden-publico-explico-los-motivos-de-su-retiro-en-la-gestion-verdecchia","status":"publish","type":"post","link":"https:\/\/armstrongyregion.com.ar\/diario\/el-ex-jefe-de-orden-publico-explico-los-motivos-de-su-retiro-en-la-gestion-verdecchia\/","title":{"rendered":"El ex Jefe de Orden P\u00fablico explic\u00f3 los motivos de su retiro en la gesti\u00f3n Verdecchia."},"content":{"rendered":"\n<figure class=\"wp-block-image size-large\"><img loading=\"lazy\" decoding=\"async\" width=\"650\" height=\"600\" src=\"http:\/\/armstrongyregion.com.ar\/diario\/wp-content\/uploads\/2022\/03\/jorge-urquia-7-3-22-.jpg\" alt=\"\" class=\"wp-image-33456\" srcset=\"https:\/\/armstrongyregion.com.ar\/diario\/wp-content\/uploads\/2022\/03\/jorge-urquia-7-3-22-.jpg 650w, https:\/\/armstrongyregion.com.ar\/diario\/wp-content\/uploads\/2022\/03\/jorge-urquia-7-3-22--300x277.jpg 300w\" sizes=\"auto, (max-width: 650px) 100vw, 650px\" \/><\/figure>\n\n\n\n<h2 class=\"wp-block-heading\"> Jorge Urqu\u00eda, ex Jefe de Orden P\u00fablico de la Municipalidad de Armstrong, explic\u00f3 que los motivos  de su retiro en la gesti\u00f3n del Intendente Pablo Verdecchia fue por falta de herramientas y de acompa\u00f1amiento en las propuestas de mejoras en tr\u00e1nsito y seguridad vial. \u201cEstuve cuatro a\u00f1o mas en la gesti\u00f3n, que no deber\u00eda haber estado, porque si en ocho a\u00f1os de gesti\u00f3n no logr\u00e9 los objetivos el \u00fanico perjudicado es la comunidad\u201d, expres\u00f3 Urqu\u00eda. <\/h2>\n\n\n\n<figure class=\"wp-block-embed-youtube wp-block-embed is-type-video is-provider-youtube wp-embed-aspect-4-3 wp-has-aspect-ratio\"><div class=\"wp-block-embed__wrapper\">\n<iframe loading=\"lazy\" title=\"Locales: el ex Jefe de Orden P\u00fablico explic\u00f3 los motivos de su retiro en la gesti\u00f3n Verdecchia\" width=\"800\" height=\"600\" src=\"https:\/\/www.youtube.com\/embed\/N1vM9medfyA?feature=oembed\" frameborder=\"0\" allow=\"accelerometer; autoplay; clipboard-write; encrypted-media; gyroscope; picture-in-picture\" allowfullscreen><\/iframe>\n<\/div><\/figure>\n\n\n\n<p>Fuente: Cable Imagen Armstrong.<\/p>\n","protected":false},"excerpt":{"rendered":"<p>Jorge Urqu\u00eda, ex Jefe de Orden P\u00fablico de la Municipalidad de Armstrong, explic\u00f3 que los motivos de su retiro en la gesti\u00f3n del Intendente Pablo Verdecchia fue por falta de herramientas y de acompa\u00f1amiento en las propuestas de mejoras en tr\u00e1nsito y seguridad vial. \u201cEstuve cuatro a\u00f1o mas en la gesti\u00f3n, que no deber\u00eda haber <a href=\"https:\/\/armstrongyregion.com.ar\/diario\/el-ex-jefe-de-orden-publico-explico-los-motivos-de-su-retiro-en-la-gestion-verdecchia\/\" title=\"Read more\" >&#8230;<\/a><\/p>\n","protected":false},"author":1,"featured_media":33456,"comment_status":"open","ping_status":"open","sticky":false,"template":"","format":"image","meta":{"_jetpack_memberships_contains_paid_content":false,"footnotes":"","jetpack_publicize_message":"","jetpack_publicize_feature_enabled":true,"jetpack_social_post_already_shared":true,"jetpack_social_options":{"image_generator_settings":{"template":"highway","default_image_id":0,"enabled":false},"version":2}},"categories":[8,1,2,7],"tags":[],"class_list":["post-33455","post","type-post","status-publish","format-image","has-post-thumbnail","hentry","category-deliberando","category-diario-armstrong","category-locales","category-politica","post_format-post-format-image"],"jetpack_publicize_connections":[],"jetpack_featured_media_url":"https:\/\/armstrongyregion.com.ar\/diario\/wp-content\/uploads\/2022\/03\/jorge-urquia-7-3-22-.jpg","jetpack_shortlink":"https:\/\/wp.me\/p62QDO-8HB","jetpack_sharing_enabled":true,"amp_enabled":true,"_links":{"self":[{"href":"https:\/\/armstrongyregion.com.ar\/diario\/wp-json\/wp\/v2\/posts\/33455","targetHints":{"allow":["GET"]}}],"collection":[{"href":"https:\/\/armstrongyregion.com.ar\/diario\/wp-json\/wp\/v2\/posts"}],"about":[{"href":"https:\/\/armstrongyregion.com.ar\/diario\/wp-json\/wp\/v2\/types\/post"}],"author":[{"embeddable":true,"href":"https:\/\/armstrongyregion.com.ar\/diario\/wp-json\/wp\/v2\/users\/1"}],"replies":[{"embeddable":true,"href":"https:\/\/armstrongyregion.com.ar\/diario\/wp-json\/wp\/v2\/comments?post=33455"}],"version-history":[{"count":1,"href":"https:\/\/armstrongyregion.com.ar\/diario\/wp-json\/wp\/v2\/posts\/33455\/revisions"}],"predecessor-version":[{"id":33457,"href":"https:\/\/armstrongyregion.com.ar\/diario\/wp-json\/wp\/v2\/posts\/33455\/revisions\/33457"}],"wp:featuredmedia":[{"embeddable":true,"href":"https:\/\/armstrongyregion.com.ar\/diario\/wp-json\/wp\/v2\/media\/33456"}],"wp:attachment":[{"href":"https:\/\/armstrongyregion.com.ar\/diario\/wp-json\/wp\/v2\/media?parent=33455"}],"wp:term":[{"taxonomy":"category","embeddable":true,"href":"https:\/\/armstrongyregion.com.ar\/diario\/wp-json\/wp\/v2\/categories?post=33455"},{"taxonomy":"post_tag","embeddable":true,"href":"https:\/\/armstrongyregion.com.ar\/diario\/wp-json\/wp\/v2\/tags?post=33455"}],"curies":[{"name":"wp","href":"https:\/\/api.w.org\/{rel}","templated":true}]}}