{"id":33452,"date":"2022-03-08T01:34:27","date_gmt":"2022-03-08T01:34:27","guid":{"rendered":"https:\/\/armstrongyregion.com.ar\/diario\/?p=33452"},"modified":"2022-03-08T01:34:29","modified_gmt":"2022-03-08T01:34:29","slug":"armstrong-mes-de-la-mujer-2022","status":"publish","type":"post","link":"https:\/\/armstrongyregion.com.ar\/diario\/armstrong-mes-de-la-mujer-2022\/","title":{"rendered":"Armstrong. Mes de la Mujer 2022."},"content":{"rendered":"\n<figure class=\"wp-block-image size-large\"><img loading=\"lazy\" decoding=\"async\" width=\"640\" height=\"640\" src=\"http:\/\/armstrongyregion.com.ar\/diario\/wp-content\/uploads\/2022\/03\/Mes-Mujer-.jpg\" alt=\"\" class=\"wp-image-33453\" srcset=\"https:\/\/armstrongyregion.com.ar\/diario\/wp-content\/uploads\/2022\/03\/Mes-Mujer-.jpg 640w, https:\/\/armstrongyregion.com.ar\/diario\/wp-content\/uploads\/2022\/03\/Mes-Mujer--300x300.jpg 300w, https:\/\/armstrongyregion.com.ar\/diario\/wp-content\/uploads\/2022\/03\/Mes-Mujer--150x150.jpg 150w\" sizes=\"auto, (max-width: 640px) 100vw, 640px\" \/><\/figure>\n\n\n\n<p>\nLa Municipalidad de Armstrong invita a participar de las actividades\nprevistas con motivo del D\u00eda de la Mujer, el cual se conmemora\ncada&nbsp;<a href=\"https:\/\/es.wikipedia.org\/wiki\/8_de_marzo\">8\nde marzo<\/a>&nbsp;por la lucha de\nlas&nbsp;<a href=\"https:\/\/es.wikipedia.org\/wiki\/Mujer\">mujeres<\/a>&nbsp;por\nsu&nbsp;<a href=\"https:\/\/es.wikipedia.org\/wiki\/Emancipaci%C3%B3n_de_la_mujer\">participaci\u00f3n\nen la sociedad<\/a>&nbsp;y su desarrollo \u00edntegro\ncomo persona, en pie de&nbsp;<a href=\"https:\/\/es.wikipedia.org\/wiki\/Equidad_de_g%C3%A9nero\">igualdad<\/a>&nbsp;con\nel hombre.&nbsp;<\/p>\n\n\n\n<p>Las mismas son las siguientes: \n<\/p>\n\n\n\n<p>Desde el 01 al 08\/03: 10 hs. por FM\nSol 103.1 Mhz, integrantes de Biblioteca Popular Sarmiento dan\nlectura a poes\u00edas, relatos, reflexiones sobre las mujeres.<\/p>\n\n\n\n<p>Martes 08\/03: 21:30 hs. A trav\u00e9s de\nCable Imagen Armstrong, la emisi\u00f3n del film \u201cLas Sufragistas\u201d.<\/p>\n\n\n\n<p>Jueves 10\/03: 18 hs. Convoca: Punto\nVioleta (Las Parejas). Conversatorio \u201cEl Movimiento de Mujeres y\nlos Desaf\u00edos en la Agenda del Cuidado\u201d. Transmisi\u00f3n a trav\u00e9s de\nFacebook en vivo.<\/p>\n\n\n\n<p>                           19 hs. En\nel sum de Biblioteca Popular Sarmiento, presentaci\u00f3n del libro\n\u201cMujeres Resilientes\u201d, con la presencia de su autor Sr. Alejandro\nGorenstein.<\/p>\n\n\n\n<p>Domingo 13\/03: 18:30 hs. en el Museo\nHist\u00f3rico Municipal, apertura de la muestra \u201cMujeres\n(in)visibles\u201d, piezas donadas que no hab\u00edan sido expuestos hasta\nla fecha: vestimenta, objetos y fotos de mujeres de nuestra ciudad en\nsu vida cotidiana y eventos sociales.<\/p>\n\n\n\n<p>Domingo 27\/03: 20 hs. En lugar a\nconfirmar, evento art\u00edstico \u201cEl amor que nos merecemos\u201d.<\/p>\n\n\n\n<p>Cabe destacar que el municipio, y en\nel \u00e1mbito de Promoci\u00f3n Comunitaria, cuenta con el \u00c1rea de\nDiversidad y G\u00e9nero, con atenci\u00f3n a particulares e instituciones\ntodos los d\u00edas de la semana, especialmente los jueves donde se\nencuentran los profesionales del equipo interdisciplinario.<\/p>\n","protected":false},"excerpt":{"rendered":"<p>La Municipalidad de Armstrong invita a participar de las actividades previstas con motivo del D\u00eda de la Mujer, el cual se conmemora cada&nbsp;8 de marzo&nbsp;por la lucha de las&nbsp;mujeres&nbsp;por su&nbsp;participaci\u00f3n en la sociedad&nbsp;y su desarrollo \u00edntegro como persona, en pie de&nbsp;igualdad&nbsp;con el hombre.&nbsp; Las mismas son las siguientes: Desde el 01 al 08\/03: 10 hs. <a href=\"https:\/\/armstrongyregion.com.ar\/diario\/armstrong-mes-de-la-mujer-2022\/\" title=\"Read more\" >&#8230;<\/a><\/p>\n","protected":false},"author":1,"featured_media":33453,"comment_status":"open","ping_status":"open","sticky":false,"template":"","format":"image","meta":{"_jetpack_memberships_contains_paid_content":false,"footnotes":"","jetpack_publicize_message":"","jetpack_publicize_feature_enabled":true,"jetpack_social_post_already_shared":true,"jetpack_social_options":{"image_generator_settings":{"template":"highway","default_image_id":0,"enabled":false},"version":2}},"categories":[8,1,2,7,3],"tags":[],"class_list":["post-33452","post","type-post","status-publish","format-image","has-post-thumbnail","hentry","category-deliberando","category-diario-armstrong","category-locales","category-politica","category-region","post_format-post-format-image"],"jetpack_publicize_connections":[],"jetpack_featured_media_url":"https:\/\/armstrongyregion.com.ar\/diario\/wp-content\/uploads\/2022\/03\/Mes-Mujer-.jpg","jetpack_shortlink":"https:\/\/wp.me\/p62QDO-8Hy","jetpack_sharing_enabled":true,"amp_enabled":true,"_links":{"self":[{"href":"https:\/\/armstrongyregion.com.ar\/diario\/wp-json\/wp\/v2\/posts\/33452","targetHints":{"allow":["GET"]}}],"collection":[{"href":"https:\/\/armstrongyregion.com.ar\/diario\/wp-json\/wp\/v2\/posts"}],"about":[{"href":"https:\/\/armstrongyregion.com.ar\/diario\/wp-json\/wp\/v2\/types\/post"}],"author":[{"embeddable":true,"href":"https:\/\/armstrongyregion.com.ar\/diario\/wp-json\/wp\/v2\/users\/1"}],"replies":[{"embeddable":true,"href":"https:\/\/armstrongyregion.com.ar\/diario\/wp-json\/wp\/v2\/comments?post=33452"}],"version-history":[{"count":1,"href":"https:\/\/armstrongyregion.com.ar\/diario\/wp-json\/wp\/v2\/posts\/33452\/revisions"}],"predecessor-version":[{"id":33454,"href":"https:\/\/armstrongyregion.com.ar\/diario\/wp-json\/wp\/v2\/posts\/33452\/revisions\/33454"}],"wp:featuredmedia":[{"embeddable":true,"href":"https:\/\/armstrongyregion.com.ar\/diario\/wp-json\/wp\/v2\/media\/33453"}],"wp:attachment":[{"href":"https:\/\/armstrongyregion.com.ar\/diario\/wp-json\/wp\/v2\/media?parent=33452"}],"wp:term":[{"taxonomy":"category","embeddable":true,"href":"https:\/\/armstrongyregion.com.ar\/diario\/wp-json\/wp\/v2\/categories?post=33452"},{"taxonomy":"post_tag","embeddable":true,"href":"https:\/\/armstrongyregion.com.ar\/diario\/wp-json\/wp\/v2\/tags?post=33452"}],"curies":[{"name":"wp","href":"https:\/\/api.w.org\/{rel}","templated":true}]}}