{"id":33449,"date":"2022-03-07T22:09:48","date_gmt":"2022-03-07T22:09:48","guid":{"rendered":"https:\/\/armstrongyregion.com.ar\/diario\/?p=33449"},"modified":"2022-03-07T22:09:50","modified_gmt":"2022-03-07T22:09:50","slug":"senadores-se-reunieron-con-funcionarios-del-ministerio-de-infraestructura","status":"publish","type":"post","link":"https:\/\/armstrongyregion.com.ar\/diario\/senadores-se-reunieron-con-funcionarios-del-ministerio-de-infraestructura\/","title":{"rendered":"Senadores se reunieron con funcionarios del ministerio de infraestructura."},"content":{"rendered":"\n<figure class=\"wp-block-image size-large\"><img loading=\"lazy\" decoding=\"async\" width=\"960\" height=\"540\" src=\"http:\/\/armstrongyregion.com.ar\/diario\/wp-content\/uploads\/2022\/03\/GC-2022-03-07-Fb-Leg-Ministra-Frana-2.jpg\" alt=\"\" class=\"wp-image-33450\" srcset=\"https:\/\/armstrongyregion.com.ar\/diario\/wp-content\/uploads\/2022\/03\/GC-2022-03-07-Fb-Leg-Ministra-Frana-2.jpg 960w, https:\/\/armstrongyregion.com.ar\/diario\/wp-content\/uploads\/2022\/03\/GC-2022-03-07-Fb-Leg-Ministra-Frana-2-300x169.jpg 300w, https:\/\/armstrongyregion.com.ar\/diario\/wp-content\/uploads\/2022\/03\/GC-2022-03-07-Fb-Leg-Ministra-Frana-2-768x432.jpg 768w\" sizes=\"auto, (max-width: 960px) 100vw, 960px\" \/><\/figure>\n\n\n\n<h2 class=\"wp-block-heading\"><strong>En el recinto de sesiones, recibieron a la ministra Silvina Frana y al secretario Carlos Maina para dialogar acerca del Acueducto Interprovincial Santa Fe-C\u00f3rdoba y otras obras de inter\u00e9s para los departamentos de la provincia.<\/strong><\/h2>\n\n\n\n<p>Guillermo Cornaglia inform\u00f3 que los senadores provinciales se reunieron con funcionarios del Ministerio de Infraestructura, Servicios P\u00fablicos y H\u00e1bitat de la Provincia. El encuentro tuvo lugar en el recinto de sesiones y sirvi\u00f3 para que los legisladores realicen diferentes consultas acerca del Acueducto Interprovincial Santa Fe-C\u00f3rdoba, as\u00ed como expresar distintas demandas de inter\u00e9s para los departamentos que representan, la mayor\u00eda de ellas vinculadas a la situaci\u00f3n actual por la bajante de los r\u00edos.<\/p>\n\n\n\n<p>Durante el encuentro, la ministra Silvina Frana y el secretario de Empresas y Servicios P\u00fablicos, Carlos Maina, respondieron inquietudes de los senadores respecto a le ejecuci\u00f3n del mencionado acueducto. Cabe mencionar que se encuentra en tratamiento un Mensaje del Poder Ejecutivo solicitando autorizaci\u00f3n para llevar adelante un endeudamiento con el Fondo Kuwait\u00ed para el Desarrollo Econ\u00f3mico \u00c1rabe, a los efectos de ejecutar la \u201cEtapa I \u2013 Bloque A\u201d de dicho proyecto.<br><\/p>\n\n\n\n<p>En la sesi\u00f3n del jueves 3 de marzo pasado, los senadores decidieron posponer por una semana el tratamiento del proyecto referido al Acueducto Interprovincial Santa Fe-C\u00f3rdoba para ser estudiado con mayor profundidad y requerir al Ministerio mayor informaci\u00f3n y precisi\u00f3n sobre el mismo.<br><\/p>\n\n\n\n<p>Adem\u00e1s, en la misma jornada, el senador Guillermo Cornaglia solicit\u00f3 que el Poder Ejecutivo, a trav\u00e9s de la Empresa Provincial de la Energ\u00eda, y con car\u00e1cter de urgente, proceda a ejecutar la obra de construcci\u00f3n de la Estaci\u00f3n de Rebaje en la localidad de Bouquet, tomando la L\u00ednea de 33 kilovoltiamperios de potencia aparente que proviene de la localidad de Las Rosas y conectando la electrificaci\u00f3n rural a dicha L\u00ednea.<br><\/p>\n\n\n\n<p>Por otra parte, obtuvo media sanci\u00f3n del cuerpo el mensaje del Poder Ejecutivo que solicita la aprobaci\u00f3n para contraer un empr\u00e9stito con el Fondo Fiduciario Federal de Infraestructura, para el financiamiento del Proyecto \u00abReadecuaci\u00f3n de las obras de mitigaci\u00f3n contra inundaciones y estabilizaci\u00f3n de las barrancas zona este de la ciudad de San Javier\u00bb.<\/p>\n","protected":false},"excerpt":{"rendered":"<p>En el recinto de sesiones, recibieron a la ministra Silvina Frana y al secretario Carlos Maina para dialogar acerca del Acueducto Interprovincial Santa Fe-C\u00f3rdoba y otras obras de inter\u00e9s para los departamentos de la provincia. Guillermo Cornaglia inform\u00f3 que los senadores provinciales se reunieron con funcionarios del Ministerio de Infraestructura, Servicios P\u00fablicos y H\u00e1bitat de <a href=\"https:\/\/armstrongyregion.com.ar\/diario\/senadores-se-reunieron-con-funcionarios-del-ministerio-de-infraestructura\/\" title=\"Read more\" >&#8230;<\/a><\/p>\n","protected":false},"author":1,"featured_media":33450,"comment_status":"open","ping_status":"open","sticky":false,"template":"","format":"image","meta":{"_jetpack_memberships_contains_paid_content":false,"footnotes":"","jetpack_publicize_message":"","jetpack_publicize_feature_enabled":true,"jetpack_social_post_already_shared":true,"jetpack_social_options":{"image_generator_settings":{"template":"highway","default_image_id":0,"enabled":false},"version":2}},"categories":[8,1,7,3],"tags":[],"class_list":["post-33449","post","type-post","status-publish","format-image","has-post-thumbnail","hentry","category-deliberando","category-diario-armstrong","category-politica","category-region","post_format-post-format-image"],"jetpack_publicize_connections":[],"jetpack_featured_media_url":"https:\/\/armstrongyregion.com.ar\/diario\/wp-content\/uploads\/2022\/03\/GC-2022-03-07-Fb-Leg-Ministra-Frana-2.jpg","jetpack_shortlink":"https:\/\/wp.me\/p62QDO-8Hv","jetpack_sharing_enabled":true,"amp_enabled":true,"_links":{"self":[{"href":"https:\/\/armstrongyregion.com.ar\/diario\/wp-json\/wp\/v2\/posts\/33449","targetHints":{"allow":["GET"]}}],"collection":[{"href":"https:\/\/armstrongyregion.com.ar\/diario\/wp-json\/wp\/v2\/posts"}],"about":[{"href":"https:\/\/armstrongyregion.com.ar\/diario\/wp-json\/wp\/v2\/types\/post"}],"author":[{"embeddable":true,"href":"https:\/\/armstrongyregion.com.ar\/diario\/wp-json\/wp\/v2\/users\/1"}],"replies":[{"embeddable":true,"href":"https:\/\/armstrongyregion.com.ar\/diario\/wp-json\/wp\/v2\/comments?post=33449"}],"version-history":[{"count":1,"href":"https:\/\/armstrongyregion.com.ar\/diario\/wp-json\/wp\/v2\/posts\/33449\/revisions"}],"predecessor-version":[{"id":33451,"href":"https:\/\/armstrongyregion.com.ar\/diario\/wp-json\/wp\/v2\/posts\/33449\/revisions\/33451"}],"wp:featuredmedia":[{"embeddable":true,"href":"https:\/\/armstrongyregion.com.ar\/diario\/wp-json\/wp\/v2\/media\/33450"}],"wp:attachment":[{"href":"https:\/\/armstrongyregion.com.ar\/diario\/wp-json\/wp\/v2\/media?parent=33449"}],"wp:term":[{"taxonomy":"category","embeddable":true,"href":"https:\/\/armstrongyregion.com.ar\/diario\/wp-json\/wp\/v2\/categories?post=33449"},{"taxonomy":"post_tag","embeddable":true,"href":"https:\/\/armstrongyregion.com.ar\/diario\/wp-json\/wp\/v2\/tags?post=33449"}],"curies":[{"name":"wp","href":"https:\/\/api.w.org\/{rel}","templated":true}]}}