{"id":3343,"date":"2015-07-30T11:51:21","date_gmt":"2015-07-30T11:51:21","guid":{"rendered":"https:\/\/armstrongyregion.com.ar\/diario\/?p=3343"},"modified":"2015-07-30T11:51:21","modified_gmt":"2015-07-30T11:51:21","slug":"avanzan-las-obras-de-cordon-cuneta-en-el-norte-de-la-ciudad","status":"publish","type":"post","link":"https:\/\/armstrongyregion.com.ar\/diario\/avanzan-las-obras-de-cordon-cuneta-en-el-norte-de-la-ciudad\/","title":{"rendered":"Avanzan las obras de cord\u00f3n cuneta en el norte de la ciudad."},"content":{"rendered":"<p><a href=\"http:\/\/armstrongyregion.com.ar\/diario\/wp-content\/uploads\/2015\/07\/Dr.-Pablo-Verdecchia..jpg\"><img loading=\"lazy\" decoding=\"async\" class=\"alignnone size-medium wp-image-3344\" src=\"http:\/\/armstrongyregion.com.ar\/diario\/wp-content\/uploads\/2015\/07\/Dr.-Pablo-Verdecchia.-300x175.jpg\" alt=\"Dr. Pablo Verdecchia-Armstrong-y-region-\" width=\"300\" height=\"175\" srcset=\"https:\/\/armstrongyregion.com.ar\/diario\/wp-content\/uploads\/2015\/07\/Dr.-Pablo-Verdecchia.-300x175.jpg 300w, https:\/\/armstrongyregion.com.ar\/diario\/wp-content\/uploads\/2015\/07\/Dr.-Pablo-Verdecchia..jpg 768w\" sizes=\"auto, (max-width: 300px) 100vw, 300px\" \/><\/a>El intendente de la ciudad Dr. Pablo Verdecchia, expresaba a los medios locales en la ma\u00f1ana de ayer que \u00e9sta es una obra important\u00edsima por el crecimiento que est\u00e1 teniendo la ciudad para la zona norte de la ciudad\u201d.<br \/>\nEsta obra es un pedido de los vecinos que viven y otros que est\u00e1n construyendo por calle Fischer entre Ruta 9 y calle El Hornero.<br \/>\nUna vez que este el cord\u00f3n cuneta con el ripiado, los vecinos podr\u00e1n hacer sus veredas, y parquizar, a futuro podr\u00e1n tener una asfalto o un pavimento\u201d. Expres\u00f3 el intendente.<\/p>\n","protected":false},"excerpt":{"rendered":"<p>El intendente de la ciudad Dr. Pablo Verdecchia, expresaba a los medios locales en la ma\u00f1ana de ayer que \u00e9sta es una obra important\u00edsima por el crecimiento que est\u00e1 teniendo la ciudad para la zona norte de la ciudad\u201d. Esta obra es un pedido de los vecinos que viven y otros que est\u00e1n construyendo por <a href=\"https:\/\/armstrongyregion.com.ar\/diario\/avanzan-las-obras-de-cordon-cuneta-en-el-norte-de-la-ciudad\/\" title=\"Read more\" >&#8230;<\/a><\/p>\n","protected":false},"author":2,"featured_media":3344,"comment_status":"open","ping_status":"open","sticky":false,"template":"","format":"standard","meta":{"_jetpack_memberships_contains_paid_content":false,"footnotes":"","jetpack_publicize_message":"","jetpack_publicize_feature_enabled":true,"jetpack_social_post_already_shared":false,"jetpack_social_options":{"image_generator_settings":{"template":"highway","default_image_id":0,"enabled":false},"version":2}},"categories":[1,2],"tags":[2400,390,2401,2402,19,16,15,31,23,106,220],"class_list":["post-3343","post","type-post","status-publish","format-standard","has-post-thumbnail","hentry","category-diario-armstrong","category-locales","tag-avanzan","tag-ciudad","tag-cordon","tag-cuneta","tag-de","tag-el","tag-en","tag-la","tag-las","tag-norte","tag-obras"],"jetpack_publicize_connections":[],"jetpack_featured_media_url":"https:\/\/armstrongyregion.com.ar\/diario\/wp-content\/uploads\/2015\/07\/Dr.-Pablo-Verdecchia..jpg","jetpack_shortlink":"https:\/\/wp.me\/p62QDO-RV","jetpack_sharing_enabled":true,"amp_enabled":true,"_links":{"self":[{"href":"https:\/\/armstrongyregion.com.ar\/diario\/wp-json\/wp\/v2\/posts\/3343","targetHints":{"allow":["GET"]}}],"collection":[{"href":"https:\/\/armstrongyregion.com.ar\/diario\/wp-json\/wp\/v2\/posts"}],"about":[{"href":"https:\/\/armstrongyregion.com.ar\/diario\/wp-json\/wp\/v2\/types\/post"}],"author":[{"embeddable":true,"href":"https:\/\/armstrongyregion.com.ar\/diario\/wp-json\/wp\/v2\/users\/2"}],"replies":[{"embeddable":true,"href":"https:\/\/armstrongyregion.com.ar\/diario\/wp-json\/wp\/v2\/comments?post=3343"}],"version-history":[{"count":0,"href":"https:\/\/armstrongyregion.com.ar\/diario\/wp-json\/wp\/v2\/posts\/3343\/revisions"}],"wp:featuredmedia":[{"embeddable":true,"href":"https:\/\/armstrongyregion.com.ar\/diario\/wp-json\/wp\/v2\/media\/3344"}],"wp:attachment":[{"href":"https:\/\/armstrongyregion.com.ar\/diario\/wp-json\/wp\/v2\/media?parent=3343"}],"wp:term":[{"taxonomy":"category","embeddable":true,"href":"https:\/\/armstrongyregion.com.ar\/diario\/wp-json\/wp\/v2\/categories?post=3343"},{"taxonomy":"post_tag","embeddable":true,"href":"https:\/\/armstrongyregion.com.ar\/diario\/wp-json\/wp\/v2\/tags?post=3343"}],"curies":[{"name":"wp","href":"https:\/\/api.w.org\/{rel}","templated":true}]}}