{"id":33418,"date":"2022-03-05T19:26:35","date_gmt":"2022-03-05T19:26:35","guid":{"rendered":"https:\/\/armstrongyregion.com.ar\/diario\/?p=33418"},"modified":"2022-03-05T19:26:38","modified_gmt":"2022-03-05T19:26:38","slug":"conflicto-docente-la-provincia-no-hizo-otra-oferta-y-los-paros-siguen-en-pie","status":"publish","type":"post","link":"https:\/\/armstrongyregion.com.ar\/diario\/conflicto-docente-la-provincia-no-hizo-otra-oferta-y-los-paros-siguen-en-pie\/","title":{"rendered":"Conflicto docente: la Provincia no hizo otra oferta y los paros siguen en pie."},"content":{"rendered":"\n<figure class=\"wp-block-image size-large\"><img loading=\"lazy\" decoding=\"async\" width=\"800\" height=\"450\" src=\"http:\/\/armstrongyregion.com.ar\/diario\/wp-content\/uploads\/2022\/03\/pusineri.jpg_1756841869.jpg\" alt=\"\" class=\"wp-image-33419\" srcset=\"https:\/\/armstrongyregion.com.ar\/diario\/wp-content\/uploads\/2022\/03\/pusineri.jpg_1756841869.jpg 800w, https:\/\/armstrongyregion.com.ar\/diario\/wp-content\/uploads\/2022\/03\/pusineri.jpg_1756841869-300x169.jpg 300w, https:\/\/armstrongyregion.com.ar\/diario\/wp-content\/uploads\/2022\/03\/pusineri.jpg_1756841869-768x432.jpg 768w\" sizes=\"auto, (max-width: 800px) 100vw, 800px\" \/><figcaption> Pusineri: \u201cQuedamos en mantener un esquema de intercambio <\/figcaption><\/figure>\n\n\n\n<h2 class=\"wp-block-heading\"> Despu\u00e9s del paro de 48 horas que aplaz\u00f3 el comienzo del ciclo lectivo 2022, este viernes al mediod\u00eda\u00a0representantes del gobierno santafesino y de los sindicatos se reunieron nuevamente pero no se habl\u00f3 de otro porcentaje de aumento salarial.<\/h2>\n\n\n\n<p> Despu\u00e9s del paro de 48 horas en la educaci\u00f3n p\u00fablica y privada que aplaz\u00f3 el comienzo del ciclo lectivo 2022 en muchas escuelas santafesinas, finalmente\u00a0<strong>este viernes al mediod\u00eda representantes del gobierno provincial y de los sindicatos se reunieron<\/strong>\u00a0nuevamente pero\u00a0<strong>no se puso sobre la mesa ninguna oferta nueva y as\u00ed las cosas, los paros de la semana que vienen siguen en pie.<\/strong> <\/p>\n\n\n\n<p> En conferencia de prensa este viernes pasadas las 13, el<strong>\u00a0ministro de Trabajo, Juan Manuel Pusineri<\/strong>, inform\u00f3 que se pas\u00f3 a un cuarto intermedio con los gremios y que\u00a0<strong>la reuni\u00f3n de este mediod\u00eda fue para acercar posiciones<\/strong>, aunque no se hizo ninguna propuesta salarial nueva <\/p>\n\n\n\n<p> <strong>\u201cQuedamos en mantener un esquema de intercambio\u201d<\/strong>, dijo Pusineri que\u00a0<strong>volvi\u00f3 a defender la oferta rechazada del 41,7% en cuatro partes.<\/strong> <\/p>\n\n\n\n<p>Con todo, dijo que est\u00e1n abiertos a analizar mejoras \u201cen el marco de la razonabilidad y racionalidad de una propuesta cuando hablamos de recursos p\u00fablicos\u201d.<\/p>\n\n\n\n<p><\/p>\n\n\n\n<p>Por ahora entonces, los paros del martes y mi\u00e9rcoles pr\u00f3ximos se mantienen.<\/p>\n\n\n\n<p><\/p>\n","protected":false},"excerpt":{"rendered":"<p>Despu\u00e9s del paro de 48 horas que aplaz\u00f3 el comienzo del ciclo lectivo 2022, este viernes al mediod\u00eda\u00a0representantes del gobierno santafesino y de los sindicatos se reunieron nuevamente pero no se habl\u00f3 de otro porcentaje de aumento salarial. Despu\u00e9s del paro de 48 horas en la educaci\u00f3n p\u00fablica y privada que aplaz\u00f3 el comienzo del <a href=\"https:\/\/armstrongyregion.com.ar\/diario\/conflicto-docente-la-provincia-no-hizo-otra-oferta-y-los-paros-siguen-en-pie\/\" title=\"Read more\" >&#8230;<\/a><\/p>\n","protected":false},"author":1,"featured_media":33419,"comment_status":"open","ping_status":"open","sticky":false,"template":"","format":"image","meta":{"_jetpack_memberships_contains_paid_content":false,"footnotes":"","jetpack_publicize_message":"","jetpack_publicize_feature_enabled":true,"jetpack_social_post_already_shared":true,"jetpack_social_options":{"image_generator_settings":{"template":"highway","default_image_id":0,"enabled":false},"version":2}},"categories":[6,8,1,2,7,3],"tags":[],"class_list":["post-33418","post","type-post","status-publish","format-image","has-post-thumbnail","hentry","category-cultura-entretenimiento","category-deliberando","category-diario-armstrong","category-locales","category-politica","category-region","post_format-post-format-image"],"jetpack_publicize_connections":[],"jetpack_featured_media_url":"https:\/\/armstrongyregion.com.ar\/diario\/wp-content\/uploads\/2022\/03\/pusineri.jpg_1756841869.jpg","jetpack_shortlink":"https:\/\/wp.me\/p62QDO-8H0","jetpack_sharing_enabled":true,"amp_enabled":true,"_links":{"self":[{"href":"https:\/\/armstrongyregion.com.ar\/diario\/wp-json\/wp\/v2\/posts\/33418","targetHints":{"allow":["GET"]}}],"collection":[{"href":"https:\/\/armstrongyregion.com.ar\/diario\/wp-json\/wp\/v2\/posts"}],"about":[{"href":"https:\/\/armstrongyregion.com.ar\/diario\/wp-json\/wp\/v2\/types\/post"}],"author":[{"embeddable":true,"href":"https:\/\/armstrongyregion.com.ar\/diario\/wp-json\/wp\/v2\/users\/1"}],"replies":[{"embeddable":true,"href":"https:\/\/armstrongyregion.com.ar\/diario\/wp-json\/wp\/v2\/comments?post=33418"}],"version-history":[{"count":1,"href":"https:\/\/armstrongyregion.com.ar\/diario\/wp-json\/wp\/v2\/posts\/33418\/revisions"}],"predecessor-version":[{"id":33420,"href":"https:\/\/armstrongyregion.com.ar\/diario\/wp-json\/wp\/v2\/posts\/33418\/revisions\/33420"}],"wp:featuredmedia":[{"embeddable":true,"href":"https:\/\/armstrongyregion.com.ar\/diario\/wp-json\/wp\/v2\/media\/33419"}],"wp:attachment":[{"href":"https:\/\/armstrongyregion.com.ar\/diario\/wp-json\/wp\/v2\/media?parent=33418"}],"wp:term":[{"taxonomy":"category","embeddable":true,"href":"https:\/\/armstrongyregion.com.ar\/diario\/wp-json\/wp\/v2\/categories?post=33418"},{"taxonomy":"post_tag","embeddable":true,"href":"https:\/\/armstrongyregion.com.ar\/diario\/wp-json\/wp\/v2\/tags?post=33418"}],"curies":[{"name":"wp","href":"https:\/\/api.w.org\/{rel}","templated":true}]}}