{"id":33388,"date":"2022-03-03T14:50:11","date_gmt":"2022-03-03T14:50:11","guid":{"rendered":"https:\/\/armstrongyregion.com.ar\/diario\/?p=33388"},"modified":"2022-03-03T14:50:14","modified_gmt":"2022-03-03T14:50:14","slug":"armstrong-educacion-y-desarrollo-integral","status":"publish","type":"post","link":"https:\/\/armstrongyregion.com.ar\/diario\/armstrong-educacion-y-desarrollo-integral\/","title":{"rendered":"Armstrong. Educaci\u00f3n y Desarrollo Integral."},"content":{"rendered":"\n<figure class=\"wp-block-image size-large\"><img loading=\"lazy\" decoding=\"async\" width=\"664\" height=\"374\" src=\"http:\/\/armstrongyregion.com.ar\/diario\/wp-content\/uploads\/2022\/03\/reunion-.jpg\" alt=\"\" class=\"wp-image-33389\" srcset=\"https:\/\/armstrongyregion.com.ar\/diario\/wp-content\/uploads\/2022\/03\/reunion-.jpg 664w, https:\/\/armstrongyregion.com.ar\/diario\/wp-content\/uploads\/2022\/03\/reunion--300x169.jpg 300w\" sizes=\"auto, (max-width: 664px) 100vw, 664px\" \/><\/figure>\n\n\n\n<p>\nPor iniciativa de la Secretar\u00eda de Educaci\u00f3n y Desarrollo Integral\nde la Municipalidad de Armstrong a cargo de a Prof. Rosana Siri, el\npasado jueves 24\nde febrero se llev\u00f3 a cabo una importante reuni\u00f3n con el objetivo\nde fortalecer el trabajo en red, a trav\u00e9s de la permanente y fluida\ncomunicaci\u00f3n.<\/p>\n\n\n\n<figure class=\"wp-block-image size-large\"><img loading=\"lazy\" decoding=\"async\" width=\"664\" height=\"374\" src=\"http:\/\/armstrongyregion.com.ar\/diario\/wp-content\/uploads\/2022\/03\/reunion-3.jpg\" alt=\"\" class=\"wp-image-33390\" srcset=\"https:\/\/armstrongyregion.com.ar\/diario\/wp-content\/uploads\/2022\/03\/reunion-3.jpg 664w, https:\/\/armstrongyregion.com.ar\/diario\/wp-content\/uploads\/2022\/03\/reunion-3-300x169.jpg 300w\" sizes=\"auto, (max-width: 664px) 100vw, 664px\" \/><\/figure>\n\n\n\n<p>De\nla misma participaron las profesionales del Gabinete Psicopedag\u00f3gico\nMunicipal, equipo de Ni\u00f1ez, de Promoci\u00f3n Comunitaria y equipos\ndirectivos de las escuelas de la ciudad.<\/p>\n\n\n\n<p>\nSe\nofrecieron detalles sobre qu\u00e9 funci\u00f3n aborda tanto el Gabinete\nPsicopedag\u00f3gico como el equipo de Ni\u00f1ez, d\u00edas y horarios de\nfuncionamiento, tel\u00e9fonos de contacto, y el seguimiento de casos.<\/p>\n\n\n\n<p>\nEl\ntemario continu\u00f3 con el programa de alfabetizaci\u00f3n \u201cLa Ciudad\nEducadora no deja a nadie atr\u00e1s, seguimiento de la asistencia a\nclase, actos patrios, educaci\u00f3n ambiental: \u201cYo me comprometo\u201d\ncon la propuesta del trabajo en conjunto con la separaci\u00f3n  llegar a\ntodos los hogares, abarcativo de lo que se trabaja en el aula,\neducaci\u00f3n vial, entre otros, y se contempl\u00f3 la posibilidad de\ncapacitaciones durante el a\u00f1o de educaci\u00f3n emocional y otras\ntem\u00e1ticas.<\/p>\n\n\n\n<p>\nLa\niniciativa de esta reuni\u00f3n fue muy bien recepacionada por los\ndirectivos presentes, dada la importancia de estar comunicados\nbuscando soluciones entre todos y valorando el aporte que desde el\nGabinete Psicopedag\u00f3gico como del Equipo de Ni\u00f1ez se brinda, quiz\u00e1s\neste a\u00f1o con mayor demanda dada la vuelta a la presencialidad plena,\nluego de los dos a\u00f1os de pandemia.<\/p>\n\n\n\n<p>\nComo\nresultado de la misma queda la decisi\u00f3n de reiterar estas reuniones\ncon una frecuencia bimestral, la b\u00fasqueda y propuestas de\ncapacitaciones con temas de inter\u00e9s y necesidad de los docentes.<\/p>\n\n\n\n<p>\nOtra\nconclusi\u00f3n es en relaci\u00f3n al \u00e1rea salud p\u00fablica, ya que se\nnecesita la atenci\u00f3n de profesionales como Fonoadi\u00f3logos,\nPsicopedagogos y Psic\u00f3logos para atenci\u00f3n de los ni\u00f1os, punto\nfundamental sobre el que se  \n<\/p>\n\n\n\n<p>\ncomienza\na trabajar.<\/p>\n","protected":false},"excerpt":{"rendered":"<p>Por iniciativa de la Secretar\u00eda de Educaci\u00f3n y Desarrollo Integral de la Municipalidad de Armstrong a cargo de a Prof. Rosana Siri, el pasado jueves 24 de febrero se llev\u00f3 a cabo una importante reuni\u00f3n con el objetivo de fortalecer el trabajo en red, a trav\u00e9s de la permanente y fluida comunicaci\u00f3n. De la misma <a href=\"https:\/\/armstrongyregion.com.ar\/diario\/armstrong-educacion-y-desarrollo-integral\/\" title=\"Read more\" >&#8230;<\/a><\/p>\n","protected":false},"author":1,"featured_media":0,"comment_status":"open","ping_status":"open","sticky":false,"template":"","format":"image","meta":{"_jetpack_memberships_contains_paid_content":false,"footnotes":"","jetpack_publicize_message":"","jetpack_publicize_feature_enabled":true,"jetpack_social_post_already_shared":true,"jetpack_social_options":{"image_generator_settings":{"template":"highway","default_image_id":0,"enabled":false},"version":2}},"categories":[8,1,2,7,3],"tags":[],"class_list":["post-33388","post","type-post","status-publish","format-image","hentry","category-deliberando","category-diario-armstrong","category-locales","category-politica","category-region","post_format-post-format-image"],"jetpack_publicize_connections":[],"jetpack_featured_media_url":"","jetpack_shortlink":"https:\/\/wp.me\/p62QDO-8Gw","jetpack_sharing_enabled":true,"amp_enabled":true,"_links":{"self":[{"href":"https:\/\/armstrongyregion.com.ar\/diario\/wp-json\/wp\/v2\/posts\/33388","targetHints":{"allow":["GET"]}}],"collection":[{"href":"https:\/\/armstrongyregion.com.ar\/diario\/wp-json\/wp\/v2\/posts"}],"about":[{"href":"https:\/\/armstrongyregion.com.ar\/diario\/wp-json\/wp\/v2\/types\/post"}],"author":[{"embeddable":true,"href":"https:\/\/armstrongyregion.com.ar\/diario\/wp-json\/wp\/v2\/users\/1"}],"replies":[{"embeddable":true,"href":"https:\/\/armstrongyregion.com.ar\/diario\/wp-json\/wp\/v2\/comments?post=33388"}],"version-history":[{"count":1,"href":"https:\/\/armstrongyregion.com.ar\/diario\/wp-json\/wp\/v2\/posts\/33388\/revisions"}],"predecessor-version":[{"id":33391,"href":"https:\/\/armstrongyregion.com.ar\/diario\/wp-json\/wp\/v2\/posts\/33388\/revisions\/33391"}],"wp:attachment":[{"href":"https:\/\/armstrongyregion.com.ar\/diario\/wp-json\/wp\/v2\/media?parent=33388"}],"wp:term":[{"taxonomy":"category","embeddable":true,"href":"https:\/\/armstrongyregion.com.ar\/diario\/wp-json\/wp\/v2\/categories?post=33388"},{"taxonomy":"post_tag","embeddable":true,"href":"https:\/\/armstrongyregion.com.ar\/diario\/wp-json\/wp\/v2\/tags?post=33388"}],"curies":[{"name":"wp","href":"https:\/\/api.w.org\/{rel}","templated":true}]}}