{"id":33370,"date":"2022-03-02T20:47:41","date_gmt":"2022-03-02T20:47:41","guid":{"rendered":"https:\/\/armstrongyregion.com.ar\/diario\/?p=33370"},"modified":"2022-03-02T20:47:43","modified_gmt":"2022-03-02T20:47:43","slug":"pullaro-en-el-juicio-contra-alvarado-no-era-un-slogan-vacio-fuimos-contra-todos","status":"publish","type":"post","link":"https:\/\/armstrongyregion.com.ar\/diario\/pullaro-en-el-juicio-contra-alvarado-no-era-un-slogan-vacio-fuimos-contra-todos\/","title":{"rendered":"Pullaro en el juicio contra Alvarado: \u201cNo era un slogan vac\u00edo, fuimos contra todos\u201d."},"content":{"rendered":"\n<figure class=\"wp-block-image size-large\"><img loading=\"lazy\" decoding=\"async\" width=\"800\" height=\"600\" src=\"http:\/\/armstrongyregion.com.ar\/diario\/wp-content\/uploads\/2022\/03\/pullaro-clarita.jpg\" alt=\"\" class=\"wp-image-33371\" srcset=\"https:\/\/armstrongyregion.com.ar\/diario\/wp-content\/uploads\/2022\/03\/pullaro-clarita.jpg 800w, https:\/\/armstrongyregion.com.ar\/diario\/wp-content\/uploads\/2022\/03\/pullaro-clarita-300x225.jpg 300w, https:\/\/armstrongyregion.com.ar\/diario\/wp-content\/uploads\/2022\/03\/pullaro-clarita-768x576.jpg 768w\" sizes=\"auto, (max-width: 800px) 100vw, 800px\" \/><\/figure>\n\n\n\n<h2 class=\"wp-block-heading\"> \u201cDurante la gesti\u00f3n de Miguel Lifschitz tomamos la decisi\u00f3n de avanzar sobre las organizaciones criminales sin treguas ni pactos y con todo el peso del Estado._ _No era un slogan vac\u00edo, fuimos contra todos\u201d se\u00f1al\u00f3 Maximiliano Pullaro en el Centro de Justicia Penal de Rosario. <\/h2>\n\n\n\n<p>\n\nEl exministro de Seguridad atestigu\u00f3 en el juicio contra la organizaci\u00f3n criminal liderada por Esteban Lindor Alvarado. No es la primera vez que Pullaro se enfrenta cara a cara con los jefes de una banda narco, en 2021 lo hizo ante Los Monos, tambi\u00e9n para explicar c\u00f3mo fueron las actuaciones impulsadas desde el Estado para detenerlos. En esta ocasi\u00f3n lo hizo acompa\u00f1ado por su par en la legislatura, Clara Garc\u00eda, el diputado nacional, Gabriel Chumpitaz, y el exministro de Justicia, Ricardo Silberstein.&nbsp;&nbsp;<br>Para Pullaro la importancia de la causa radica en que, cuando todav\u00eda ocupaba el cargo de ministro de Seguridad, se contaba con la informaci\u00f3n de que al salir Alvarado de la c\u00e1rcel la violencia se ver\u00eda incrementada y focalizada hacia la zona oeste de Rosario. \u201cQue hoy salgan a la luz todos los v\u00ednculos que esta organizaci\u00f3n criminal ten\u00eda con el delito y la violencia es muy importante y sentimos que estamos cumpliendo con lo que nos pidi\u00f3 el gobernador en ese momento\u201d, se\u00f1al\u00f3.&nbsp;<br>En relaci\u00f3n a las declaraciones del testigo \u201carrepentido\u201d Carlos Arg\u00fcelles sobre un supuesto plan para secuestrar uno de sus hijos, Pullaro descart\u00f3 toda connotaci\u00f3n personal al afirmar: \u201ctodo lo que hicimos fue en representaci\u00f3n de la legalidad del Estado\u201d y consider\u00f3 que: \u201cpor eso logramos que cayeran no s\u00f3lo las primeras y segundas l\u00edneas de Los Monos, sino tambi\u00e9n la \u00fanica banda que le disputaba poder y territorio, porque Alvarado construy\u00f3 y lideraba la mayor organizaci\u00f3n criminal de la provincia de Santa Fe.\u201d<br>En el mismo sentido, el referente del espacio UCR Evoluci\u00f3n consider\u00f3 que fue la decisi\u00f3n de \u201cir a fondo contra todas las organizaciones\u201d lo que posibilit\u00f3 trabajar en las investigaciones junto a los fiscales del Ministerio P\u00fablico de la Acusaci\u00f3n hasta llegar a dar con la ubicaci\u00f3n de Alvarado en C\u00f3rdoba, donde se manten\u00eda pr\u00f3fugo de la justicia.<br>\u201cEl operativo fue complejo porque hab\u00eda que llegar a la zona de R\u00edo Tercero sin hacer ruido ni que se filtrara informaci\u00f3n\u201d cont\u00f3 Pullaro sobre el momento en que la Polic\u00eda de Investigaciones santafesina bajo su mando logr\u00f3 la detenci\u00f3n del l\u00edder narco. \u201cDespu\u00e9s hubo que viajar a EEUU para desencriptar el celular que rescatamos del fondo del lago, donde lo hab\u00eda tirado el propio Alvarado\u201d dijo y agreg\u00f3 que \u201cesto fue lo que permiti\u00f3 avanzar en la causa con todo lo que ahora se sabe de su organizaci\u00f3n.\u201d\n\n<\/p>\n","protected":false},"excerpt":{"rendered":"<p>\u201cDurante la gesti\u00f3n de Miguel Lifschitz tomamos la decisi\u00f3n de avanzar sobre las organizaciones criminales sin treguas ni pactos y con todo el peso del Estado._ _No era un slogan vac\u00edo, fuimos contra todos\u201d se\u00f1al\u00f3 Maximiliano Pullaro en el Centro de Justicia Penal de Rosario. El exministro de Seguridad atestigu\u00f3 en el juicio contra la <a href=\"https:\/\/armstrongyregion.com.ar\/diario\/pullaro-en-el-juicio-contra-alvarado-no-era-un-slogan-vacio-fuimos-contra-todos\/\" title=\"Read more\" >&#8230;<\/a><\/p>\n","protected":false},"author":1,"featured_media":33371,"comment_status":"open","ping_status":"open","sticky":false,"template":"","format":"image","meta":{"_jetpack_memberships_contains_paid_content":false,"footnotes":"","jetpack_publicize_message":"","jetpack_publicize_feature_enabled":true,"jetpack_social_post_already_shared":true,"jetpack_social_options":{"image_generator_settings":{"template":"highway","default_image_id":0,"enabled":false},"version":2}},"categories":[8,1,2,7,3],"tags":[],"class_list":["post-33370","post","type-post","status-publish","format-image","has-post-thumbnail","hentry","category-deliberando","category-diario-armstrong","category-locales","category-politica","category-region","post_format-post-format-image"],"jetpack_publicize_connections":[],"jetpack_featured_media_url":"https:\/\/armstrongyregion.com.ar\/diario\/wp-content\/uploads\/2022\/03\/pullaro-clarita.jpg","jetpack_shortlink":"https:\/\/wp.me\/p62QDO-8Ge","jetpack_sharing_enabled":true,"amp_enabled":true,"_links":{"self":[{"href":"https:\/\/armstrongyregion.com.ar\/diario\/wp-json\/wp\/v2\/posts\/33370","targetHints":{"allow":["GET"]}}],"collection":[{"href":"https:\/\/armstrongyregion.com.ar\/diario\/wp-json\/wp\/v2\/posts"}],"about":[{"href":"https:\/\/armstrongyregion.com.ar\/diario\/wp-json\/wp\/v2\/types\/post"}],"author":[{"embeddable":true,"href":"https:\/\/armstrongyregion.com.ar\/diario\/wp-json\/wp\/v2\/users\/1"}],"replies":[{"embeddable":true,"href":"https:\/\/armstrongyregion.com.ar\/diario\/wp-json\/wp\/v2\/comments?post=33370"}],"version-history":[{"count":1,"href":"https:\/\/armstrongyregion.com.ar\/diario\/wp-json\/wp\/v2\/posts\/33370\/revisions"}],"predecessor-version":[{"id":33372,"href":"https:\/\/armstrongyregion.com.ar\/diario\/wp-json\/wp\/v2\/posts\/33370\/revisions\/33372"}],"wp:featuredmedia":[{"embeddable":true,"href":"https:\/\/armstrongyregion.com.ar\/diario\/wp-json\/wp\/v2\/media\/33371"}],"wp:attachment":[{"href":"https:\/\/armstrongyregion.com.ar\/diario\/wp-json\/wp\/v2\/media?parent=33370"}],"wp:term":[{"taxonomy":"category","embeddable":true,"href":"https:\/\/armstrongyregion.com.ar\/diario\/wp-json\/wp\/v2\/categories?post=33370"},{"taxonomy":"post_tag","embeddable":true,"href":"https:\/\/armstrongyregion.com.ar\/diario\/wp-json\/wp\/v2\/tags?post=33370"}],"curies":[{"name":"wp","href":"https:\/\/api.w.org\/{rel}","templated":true}]}}