{"id":3334,"date":"2015-07-30T11:14:20","date_gmt":"2015-07-30T11:14:20","guid":{"rendered":"https:\/\/armstrongyregion.com.ar\/diario\/?p=3334"},"modified":"2015-07-30T11:14:20","modified_gmt":"2015-07-30T11:14:20","slug":"junto-con-omar-perotti-alejandro-ramos-y-diego-mansilla-marcos-cleri-se-reunio-ayer-con-daniel-scioli","status":"publish","type":"post","link":"https:\/\/armstrongyregion.com.ar\/diario\/junto-con-omar-perotti-alejandro-ramos-y-diego-mansilla-marcos-cleri-se-reunio-ayer-con-daniel-scioli\/","title":{"rendered":"Junto con Omar Perotti, Alejandro Ramos y Diego Mansilla, Marcos Cleri se reuni\u00f3 ayer con Daniel Scioli."},"content":{"rendered":"<p><a href=\"http:\/\/armstrongyregion.com.ar\/diario\/wp-content\/uploads\/2015\/07\/reuni\u00f3n-con-scioli-3jpg.jpg\"><img loading=\"lazy\" decoding=\"async\" class=\"alignnone size-medium wp-image-3335\" src=\"http:\/\/armstrongyregion.com.ar\/diario\/wp-content\/uploads\/2015\/07\/reuni\u00f3n-con-scioli-3jpg-300x257.jpg\" alt=\"reuni\u00f3n con scioli-Armstrong-y-Region-\" width=\"300\" height=\"257\" srcset=\"https:\/\/armstrongyregion.com.ar\/diario\/wp-content\/uploads\/2015\/07\/reuni\u00f3n-con-scioli-3jpg-300x257.jpg 300w, https:\/\/armstrongyregion.com.ar\/diario\/wp-content\/uploads\/2015\/07\/reuni\u00f3n-con-scioli-3jpg.jpg 960w\" sizes=\"auto, (max-width: 300px) 100vw, 300px\" \/><\/a>\u201cNuestra f\u00f3rmula presidencial genera previsibilidad, garantiza la continuidad de la transformaci\u00f3n iniciada en 2003\u201d<br \/>\nEl candidato presidencial Daniel Scioli se reuni\u00f3 el d\u00eda miercoles con los candidatos a legisladores por la provincia de Santa Fe Marcos Cleri, Omar Perotti, Diego Mansilla, Silvina Frana y Alejandro Ramos, con quienes coincidi\u00f3 en la confianza respecto de un triunfo del Frente para la Victoria (FPV) en el proceso electoral nacional que tendr\u00e1 su primera instancia el pr\u00f3ximo 9 de agosto con las Paso. \u201cConfiamos en que en la provincia de Santa Fe nuestras listas van a ser las que m\u00e1s adhesiones reciban y van a aportar un importante caudal de votos al gran triunfo nacional; y nuestro candidato presidencial nos expres\u00f3 su mirada en el mismo sentido\u201d, sostuvo Marcos Cleri, tras el encuentro con Scioli llevado a cabo sobre el final de la jornada de este mi\u00e9rcoles en Buenos Aires.<br \/>\n\u201cCon la lista para diputados que tengo el orgullo y la responsabilidad de encabezar, con Omar Perotti para el Senado, con Diego Mansilla postulado para el parlamento del Mercosur, en Santa Fe tenemos todo dado para realizar una gran elecci\u00f3n, para consolidar el crecimiento que mostr\u00f3 el peronismo con el Frente para la Victoria en las elecciones provinciales\u201d, enfatiz\u00f3 Marcos Cleri. \u201cLa f\u00f3rmula que integran Daniel Scioli y Carlos Zannini genera tranquilidad y previsibilidad porque garantiza la continuidad del proyecto nacional de crecimiento con inclusi\u00f3n que iniciamos en 2003 de la mano de N\u00e9stor Kirchner y hoy se afianza y se profundiza con la conducci\u00f3n de la Presidenta\u201d, remarc\u00f3 el primer candidato a diputado nacional por el FPV santafesino.<br \/>\n\u201cCon su talla de estadista, con su sensibilidad, con su compromiso y su capacidad de gesti\u00f3n, Cristina es la referencia de este proyecto que sac\u00f3 a la Argentina del infierno del neoliberalismo y la desocupaci\u00f3n, la pobreza, la exclusi\u00f3n de las grandes mayor\u00edas\u201d, sostuvo por su parte el candidato al parlamento del Mercosur, Diego Mansilla.<br \/>\n\u201cSe crearon millones de puestos de trabajo a trav\u00e9s del apoyo a la producci\u00f3n y la industria, se combati\u00f3 la pobreza con pol\u00edticas inclusivas como la Asignaci\u00f3n Universal por Hijo y las moratorias previsionales, se multiplic\u00f3 la inversi\u00f3n en educaci\u00f3n, en salud, en cultura; se foment\u00f3 un formidable desarrollo soberano de la ciencia y la tecnolog\u00eda. Lo que defendemos, el camino que queremos seguir transitando sin sobresaltos, sin retrocesos, es el que expresan claramente todas estas realizaciones, todos estos avances concretos que se pueden apreciar en los rostros, en los sentimientos m\u00e1s profundos de millones de argentinos y argentinas\u201d, expres\u00f3 Mansilla.<\/p>\n","protected":false},"excerpt":{"rendered":"<p>\u201cNuestra f\u00f3rmula presidencial genera previsibilidad, garantiza la continuidad de la transformaci\u00f3n iniciada en 2003\u201d El candidato presidencial Daniel Scioli se reuni\u00f3 el d\u00eda miercoles con los candidatos a legisladores por la provincia de Santa Fe Marcos Cleri, Omar Perotti, Diego Mansilla, Silvina Frana y Alejandro Ramos, con quienes coincidi\u00f3 en la confianza respecto de un <a href=\"https:\/\/armstrongyregion.com.ar\/diario\/junto-con-omar-perotti-alejandro-ramos-y-diego-mansilla-marcos-cleri-se-reunio-ayer-con-daniel-scioli\/\" title=\"Read more\" >&#8230;<\/a><\/p>\n","protected":false},"author":2,"featured_media":3335,"comment_status":"open","ping_status":"open","sticky":false,"template":"","format":"standard","meta":{"_jetpack_memberships_contains_paid_content":false,"footnotes":"","jetpack_publicize_message":"","jetpack_publicize_feature_enabled":true,"jetpack_social_post_already_shared":false,"jetpack_social_options":{"image_generator_settings":{"template":"highway","default_image_id":0,"enabled":false},"version":2}},"categories":[5,1,7,3],"tags":[2394,2395,223,100,2396,2393,991,222,343,2331,86],"class_list":["post-3334","post","type-post","status-publish","format-standard","has-post-thumbnail","hentry","category-deportes","category-diario-armstrong","category-politica","category-region","tag-alejandro-ramos-y-diego","tag-ayer","tag-cleri","tag-con","tag-daniel","tag-junto-con-omar-perotti","tag-mansilla","tag-marcos","tag-reunio","tag-scioli","tag-se"],"jetpack_publicize_connections":[],"jetpack_featured_media_url":"https:\/\/armstrongyregion.com.ar\/diario\/wp-content\/uploads\/2015\/07\/reuni\u00f3n-con-scioli-3jpg.jpg","jetpack_shortlink":"https:\/\/wp.me\/p62QDO-RM","jetpack_sharing_enabled":true,"amp_enabled":true,"_links":{"self":[{"href":"https:\/\/armstrongyregion.com.ar\/diario\/wp-json\/wp\/v2\/posts\/3334","targetHints":{"allow":["GET"]}}],"collection":[{"href":"https:\/\/armstrongyregion.com.ar\/diario\/wp-json\/wp\/v2\/posts"}],"about":[{"href":"https:\/\/armstrongyregion.com.ar\/diario\/wp-json\/wp\/v2\/types\/post"}],"author":[{"embeddable":true,"href":"https:\/\/armstrongyregion.com.ar\/diario\/wp-json\/wp\/v2\/users\/2"}],"replies":[{"embeddable":true,"href":"https:\/\/armstrongyregion.com.ar\/diario\/wp-json\/wp\/v2\/comments?post=3334"}],"version-history":[{"count":0,"href":"https:\/\/armstrongyregion.com.ar\/diario\/wp-json\/wp\/v2\/posts\/3334\/revisions"}],"wp:featuredmedia":[{"embeddable":true,"href":"https:\/\/armstrongyregion.com.ar\/diario\/wp-json\/wp\/v2\/media\/3335"}],"wp:attachment":[{"href":"https:\/\/armstrongyregion.com.ar\/diario\/wp-json\/wp\/v2\/media?parent=3334"}],"wp:term":[{"taxonomy":"category","embeddable":true,"href":"https:\/\/armstrongyregion.com.ar\/diario\/wp-json\/wp\/v2\/categories?post=3334"},{"taxonomy":"post_tag","embeddable":true,"href":"https:\/\/armstrongyregion.com.ar\/diario\/wp-json\/wp\/v2\/tags?post=3334"}],"curies":[{"name":"wp","href":"https:\/\/api.w.org\/{rel}","templated":true}]}}