{"id":33328,"date":"2022-02-25T22:00:43","date_gmt":"2022-02-25T22:00:43","guid":{"rendered":"https:\/\/armstrongyregion.com.ar\/diario\/?p=33328"},"modified":"2022-02-25T22:00:46","modified_gmt":"2022-02-25T22:00:46","slug":"este-lunes-canada-vive-el-carnaval","status":"publish","type":"post","link":"https:\/\/armstrongyregion.com.ar\/diario\/este-lunes-canada-vive-el-carnaval\/","title":{"rendered":"Este lunes Ca\u00f1ada vive el carnaval."},"content":{"rendered":"\n<figure class=\"wp-block-image size-large\"><img decoding=\"async\" src=\"http:\/\/armstrongyregion.com.ar\/diario\/wp-content\/uploads\/2022\/02\/carnaval-ca\u00f1ada-2022-.jpg\" alt=\"\" class=\"wp-image-33329\"\/><\/figure>\n\n\n\n<p>La ciudad tendr\u00e1 un nuevo a\u00f1o los festejos de carnaval impulsados por la gesti\u00f3n municipal, con la participaci\u00f3n de comparsas de la ciudad y m\u00fasica este lunes 28 de febrero desde las 19.30 hs en Plaza San Mart\u00edn.<\/p>\n\n\n\n<p>Desfilar\u00e1n comparsas locales y \u201cCateret\u00e9\u201d, en tanto se presentar\u00e1 el \u201cGrupo Iebale\u201d y el cierre estar\u00e1 a cargo de la Murga \u201cLos vecinos re contentos\u201d.&nbsp;<\/p>\n","protected":false},"excerpt":{"rendered":"<p>La ciudad tendr\u00e1 un nuevo a\u00f1o los festejos de carnaval impulsados por la gesti\u00f3n municipal, con la participaci\u00f3n de comparsas de la ciudad y m\u00fasica este lunes 28 de febrero desde las 19.30 hs en Plaza San Mart\u00edn. Desfilar\u00e1n comparsas locales y \u201cCateret\u00e9\u201d, en tanto se presentar\u00e1 el \u201cGrupo Iebale\u201d y el cierre estar\u00e1 a <a href=\"https:\/\/armstrongyregion.com.ar\/diario\/este-lunes-canada-vive-el-carnaval\/\" title=\"Read more\" >&#8230;<\/a><\/p>\n","protected":false},"author":1,"featured_media":0,"comment_status":"open","ping_status":"open","sticky":false,"template":"","format":"image","meta":{"_jetpack_memberships_contains_paid_content":false,"footnotes":"","jetpack_publicize_message":"","jetpack_publicize_feature_enabled":true,"jetpack_social_post_already_shared":false,"jetpack_social_options":{"image_generator_settings":{"template":"highway","default_image_id":0,"enabled":false},"version":2}},"categories":[6,8,1,7,3],"tags":[],"class_list":["post-33328","post","type-post","status-publish","format-image","hentry","category-cultura-entretenimiento","category-deliberando","category-diario-armstrong","category-politica","category-region","post_format-post-format-image"],"jetpack_publicize_connections":[],"jetpack_featured_media_url":"","jetpack_shortlink":"https:\/\/wp.me\/p62QDO-8Fy","jetpack_sharing_enabled":true,"amp_enabled":true,"_links":{"self":[{"href":"https:\/\/armstrongyregion.com.ar\/diario\/wp-json\/wp\/v2\/posts\/33328","targetHints":{"allow":["GET"]}}],"collection":[{"href":"https:\/\/armstrongyregion.com.ar\/diario\/wp-json\/wp\/v2\/posts"}],"about":[{"href":"https:\/\/armstrongyregion.com.ar\/diario\/wp-json\/wp\/v2\/types\/post"}],"author":[{"embeddable":true,"href":"https:\/\/armstrongyregion.com.ar\/diario\/wp-json\/wp\/v2\/users\/1"}],"replies":[{"embeddable":true,"href":"https:\/\/armstrongyregion.com.ar\/diario\/wp-json\/wp\/v2\/comments?post=33328"}],"version-history":[{"count":1,"href":"https:\/\/armstrongyregion.com.ar\/diario\/wp-json\/wp\/v2\/posts\/33328\/revisions"}],"predecessor-version":[{"id":33330,"href":"https:\/\/armstrongyregion.com.ar\/diario\/wp-json\/wp\/v2\/posts\/33328\/revisions\/33330"}],"wp:attachment":[{"href":"https:\/\/armstrongyregion.com.ar\/diario\/wp-json\/wp\/v2\/media?parent=33328"}],"wp:term":[{"taxonomy":"category","embeddable":true,"href":"https:\/\/armstrongyregion.com.ar\/diario\/wp-json\/wp\/v2\/categories?post=33328"},{"taxonomy":"post_tag","embeddable":true,"href":"https:\/\/armstrongyregion.com.ar\/diario\/wp-json\/wp\/v2\/tags?post=33328"}],"curies":[{"name":"wp","href":"https:\/\/api.w.org\/{rel}","templated":true}]}}