{"id":3331,"date":"2015-07-29T22:46:20","date_gmt":"2015-07-29T22:46:20","guid":{"rendered":"https:\/\/armstrongyregion.com.ar\/diario\/?p=3331"},"modified":"2015-07-29T22:46:20","modified_gmt":"2015-07-29T22:46:20","slug":"la-ciencia-la-tecnologia-y-la-innovacion-deben-estar-al-servicio-de-la-produccion","status":"publish","type":"post","link":"https:\/\/armstrongyregion.com.ar\/diario\/la-ciencia-la-tecnologia-y-la-innovacion-deben-estar-al-servicio-de-la-produccion\/","title":{"rendered":"\u00abLa ciencia la tecnolog\u00eda y la innovaci\u00f3n deben estar al servicio de la producci\u00f3n\u00bb."},"content":{"rendered":"<p><a href=\"http:\/\/armstrongyregion.com.ar\/diario\/wp-content\/uploads\/2015\/07\/perotti2.jpg\"><img loading=\"lazy\" decoding=\"async\" class=\"alignnone size-medium wp-image-3332\" src=\"http:\/\/armstrongyregion.com.ar\/diario\/wp-content\/uploads\/2015\/07\/perotti2-300x200.jpg\" alt=\"perotti-armstrong-y-region-\" width=\"300\" height=\"200\" srcset=\"https:\/\/armstrongyregion.com.ar\/diario\/wp-content\/uploads\/2015\/07\/perotti2-300x200.jpg 300w, https:\/\/armstrongyregion.com.ar\/diario\/wp-content\/uploads\/2015\/07\/perotti2-1024x683.jpg 1024w, https:\/\/armstrongyregion.com.ar\/diario\/wp-content\/uploads\/2015\/07\/perotti2.jpg 1125w\" sizes=\"auto, (max-width: 300px) 100vw, 300px\" \/><\/a>Asegur\u00f3 el pre candidato a senador nacional y sostuvo que la nueva etapa del desarrollo argentino , se basar\u00e1 en la Ciencia y la Tecnolog\u00eda aplicada a la industria nacional para lograr m\u00e1s desarrollo y m\u00e1s empleo.<br \/>\nEl pre candidato a Senador Nacional afirm\u00f3 que la pol\u00edtica que viene consiste en \u201c transitar de una etapa de crecimiento econ\u00f3mico a generar condiciones estructurales que sienten a la Argentina en la senda del Desarrollo\u201d, y ello implica \u201ctener la decisi\u00f3n pol\u00edtica necesaria para cuidar la industria nacional, el empleo y crear Valor Agregado a trav\u00e9s de la econom\u00eda del conocimiento \u201d.<br \/>\nDe esta forma el actual Diputado Nacional, vice presidente de la comisi\u00f3n de Ciencia y Tecnolog\u00eda, se refiri\u00f3 a \u00ablas tres I del desarrollo: inversi\u00f3n, investigaci\u00f3n e innovaci\u00f3n\u00bb que Daniel Scioli propone como la Agenda del Futuro, y se\u00f1al\u00f3 que \u00abSanta Fe ser\u00e1 parte principal en ese proceso de desarrollo industrial con inclusi\u00f3n social que viene\u00bb dijo el ex intendente de Rafaela.<br \/>\nEn este sentido Perotti sostuvo que \u201ctodos los pa\u00edses desarrollados han crecido porque primero han cuidado a sus industrias \u201c, y remarc\u00f3 \u201cesa es la etapa que vamos a vivir los argentinos a partir del proyecto de desarrollo de Scioli\u201d , en la que el desaf\u00edo radicar\u00e1 en \u201cuna mayor articulaci\u00f3n p\u00fablico privada para vincular la ciencia , la tecnolog\u00eda y la innovaci\u00f3n con el sector productivo\u201d.<br \/>\nEl precandidato a Senador Nacional, destac\u00f3 la necesidad de \u201cactuar con el Estado en el Territorio \u201d pues all\u00ed se ve \u201cel rol importante que van a tener los municipios\u201d en esta nueva etapa. La tarea de los municipios ser\u00e1 \u201cgenerar las condiciones de infraestructura, asociatividad, log\u00edstica en la producci\u00f3n, vinculaci\u00f3n con las universidades, acompa\u00f1ando al peque\u00f1o y mediano productor para que pueda acceder a la ventajas que ofrece la aplicaci\u00f3n de la tecnolog\u00eda para el acceso a nuevos mercados \u201c, de esta forma se le dar\u00e1 al territorio \u201cun nivel de competitividad que supere las desventajas de estar lejos de los grandes centros\u201d<br \/>\nPor otra parte Omar Perotti afirm\u00f3 que \u201cSanta fe se destaca a nivel nacional por la fuerte apuesta al sector cient\u00edfico\u201d y ello se ve en \u201clos dos polos cient\u00edfico tecnol\u00f3gico, y en que concentra una parte importante de la capacidad biotecnol\u00f3gica del pa\u00eds\u201d, es por \u00e9sto que Perotti sostiene que \u201cen la capacidad creativa de nuestra gente, en su capacidad para innovar\u201d y en \u201cel esp\u00edritu emprendedor para sobreponerse a los desaf\u00edos\u201d, \u201cson estas cualidades las que permiten que los santafesinos encontremos una posibilidad de desarrollo provincial, que nos posicionar\u00e1, en el debate nacional, como protagonistas\u201d.<\/p>\n","protected":false},"excerpt":{"rendered":"<p>Asegur\u00f3 el pre candidato a senador nacional y sostuvo que la nueva etapa del desarrollo argentino , se basar\u00e1 en la Ciencia y la Tecnolog\u00eda aplicada a la industria nacional para lograr m\u00e1s desarrollo y m\u00e1s empleo. El pre candidato a Senador Nacional afirm\u00f3 que la pol\u00edtica que viene consiste en \u201c transitar de una <a href=\"https:\/\/armstrongyregion.com.ar\/diario\/la-ciencia-la-tecnologia-y-la-innovacion-deben-estar-al-servicio-de-la-produccion\/\" title=\"Read more\" >&#8230;<\/a><\/p>\n","protected":false},"author":2,"featured_media":3332,"comment_status":"open","ping_status":"open","sticky":false,"template":"","format":"standard","meta":{"_jetpack_memberships_contains_paid_content":false,"footnotes":"","jetpack_publicize_message":"","jetpack_publicize_feature_enabled":true,"jetpack_social_post_already_shared":false,"jetpack_social_options":{"image_generator_settings":{"template":"highway","default_image_id":0,"enabled":false},"version":2}},"categories":[1,7,3],"tags":[179,2391,19,1820,974,2392,31,282,508,1909,13],"class_list":["post-3331","post","type-post","status-publish","format-standard","has-post-thumbnail","hentry","category-diario-armstrong","category-politica","category-region","tag-al","tag-ciencia","tag-de","tag-deben","tag-estar","tag-innovacion","tag-la","tag-produccion","tag-servicio","tag-tecnologia","tag-y"],"jetpack_publicize_connections":[],"jetpack_featured_media_url":"https:\/\/armstrongyregion.com.ar\/diario\/wp-content\/uploads\/2015\/07\/perotti2.jpg","jetpack_shortlink":"https:\/\/wp.me\/p62QDO-RJ","jetpack_sharing_enabled":true,"amp_enabled":true,"_links":{"self":[{"href":"https:\/\/armstrongyregion.com.ar\/diario\/wp-json\/wp\/v2\/posts\/3331","targetHints":{"allow":["GET"]}}],"collection":[{"href":"https:\/\/armstrongyregion.com.ar\/diario\/wp-json\/wp\/v2\/posts"}],"about":[{"href":"https:\/\/armstrongyregion.com.ar\/diario\/wp-json\/wp\/v2\/types\/post"}],"author":[{"embeddable":true,"href":"https:\/\/armstrongyregion.com.ar\/diario\/wp-json\/wp\/v2\/users\/2"}],"replies":[{"embeddable":true,"href":"https:\/\/armstrongyregion.com.ar\/diario\/wp-json\/wp\/v2\/comments?post=3331"}],"version-history":[{"count":0,"href":"https:\/\/armstrongyregion.com.ar\/diario\/wp-json\/wp\/v2\/posts\/3331\/revisions"}],"wp:featuredmedia":[{"embeddable":true,"href":"https:\/\/armstrongyregion.com.ar\/diario\/wp-json\/wp\/v2\/media\/3332"}],"wp:attachment":[{"href":"https:\/\/armstrongyregion.com.ar\/diario\/wp-json\/wp\/v2\/media?parent=3331"}],"wp:term":[{"taxonomy":"category","embeddable":true,"href":"https:\/\/armstrongyregion.com.ar\/diario\/wp-json\/wp\/v2\/categories?post=3331"},{"taxonomy":"post_tag","embeddable":true,"href":"https:\/\/armstrongyregion.com.ar\/diario\/wp-json\/wp\/v2\/tags?post=3331"}],"curies":[{"name":"wp","href":"https:\/\/api.w.org\/{rel}","templated":true}]}}