{"id":33289,"date":"2022-02-22T03:07:51","date_gmt":"2022-02-22T03:07:51","guid":{"rendered":"https:\/\/armstrongyregion.com.ar\/diario\/?p=33289"},"modified":"2022-02-22T03:07:54","modified_gmt":"2022-02-22T03:07:54","slug":"se-presento-el-censo-2022-en-la-ciudad-de-santa-fe","status":"publish","type":"post","link":"https:\/\/armstrongyregion.com.ar\/diario\/se-presento-el-censo-2022-en-la-ciudad-de-santa-fe\/","title":{"rendered":"Se present\u00f3 el Censo 2022 en la ciudad de Santa Fe."},"content":{"rendered":"\n<figure class=\"wp-block-image size-large\"><img loading=\"lazy\" decoding=\"async\" width=\"420\" height=\"280\" src=\"http:\/\/armstrongyregion.com.ar\/diario\/wp-content\/uploads\/2022\/02\/censo.jpg\" alt=\"\" class=\"wp-image-33290\" srcset=\"https:\/\/armstrongyregion.com.ar\/diario\/wp-content\/uploads\/2022\/02\/censo.jpg 420w, https:\/\/armstrongyregion.com.ar\/diario\/wp-content\/uploads\/2022\/02\/censo-300x200.jpg 300w\" sizes=\"auto, (max-width: 420px) 100vw, 420px\" \/><\/figure>\n\n\n\n<h2 class=\"wp-block-heading\"> Se llevar\u00e1 a cabo el mi\u00e9rcoles 18 de mayo. Por primera vez en el pa\u00eds ser\u00e1 de modalidad bimodal: digital y presencial. <\/h2>\n\n\n\n<p>El director del Instituto Nacional de Estad\u00edstica y Censos de Argentina (INDEC), Marco Lavagna; y el director del Instituto Provincial de Estad\u00edsticas y Censos (IPEC), Gabriel Frontons, presentaron este lunes, en la ciudad de Santa Fe, los detalles del Censo 2022 de la Rep\u00fablica Argentina, que se llevar\u00e1 a cabo el mi\u00e9rcoles 18 de mayo.<\/p>\n\n\n\n<p>Por primera vez en el pa\u00eds, el Censo 2022 ser\u00e1 bimodal (digital y presencial). Al respecto, Lavagna describi\u00f3 que \u201ces una de las grandes innovaciones que hemos hecho. Los censos deben evolucionar a medida que va evolucionando la sociedad. Hace 10 a\u00f1os no exist\u00eda la pregunta de identidad de g\u00e9nero, la sociedad fue evolucionando y hoy no poner preguntas sobre identidad de g\u00e9nero estar\u00edamos no dando informaci\u00f3n sobre un tema que la sociedad est\u00e1 demandando\u201d.<\/p>\n\n\n\n<p>Sobre la importancia del censo, el director del INDEC destac\u00f3 que la relevancia \u201cque tienen los datos a la hora de tomar decisiones. A veces parece que las estad\u00edsticas son algo lejano, pero los censos nos permite volver a conocernos, a reconocernos, a encontrar nuestra diversidad cultural, nos permite conocer como pa\u00eds, conocer nuestras debilidades y nuestras fortalezas sobre aquellos temas que hay que trabajar. Los censos nos muestran como somos, de ah\u00ed la importancia\u201d.<\/p>\n\n\n\n<p>Por \u00faltimo, Lavagna se refiri\u00f3 a los resultados finales y dijo que \u201cvamos a tenerlos en un a\u00f1o y medio. Eso no significa que durante ese tiempo no vayamos a dar informaci\u00f3n. La primera informaci\u00f3n la vamos a dar esa misma noche o al d\u00eda siguiente, a los 3 meses vamos a dar el primer informe preliminar, a los 8 meses vamos a dar el informe final y al a\u00f1o y medio vamos a tener toda la base disponible con el mayor nivel de detalle para que toda la sociedad acceda\u201d.<\/p>\n\n\n\n<p>Por su parte, Frontons sostuvo que \u201ctuvimos una reuni\u00f3n del comit\u00e9 censal a los efectos de coordinar el trabajo que tiene que ver con el operativo. El censo tiene una gran importancia que nos va a permitir conocer de manera actualizada la estructura demogr\u00e1fica socioecon\u00f3mica de la provincia, la distribuci\u00f3n espacial de la poblaci\u00f3n, vamos a contar de manera correcta a todas las personas, a los hogares y a las viviendas. Es el operativo estad\u00edstico m\u00e1s grande que se realiza en la provincia e involucra el trabajo de m\u00e1s de 50.000 personas\u201d.<\/p>\n\n\n\n<p><strong>Censo digital<\/strong><\/p>\n\n\n\n<p>Desde el 16 de marzo y hasta el 18 de mayo de 2022 a las 8 de la ma\u00f1ana, las personas que lo prefieran podr\u00e1n autocompletar el cuestionario digital para censar a todos los integrantes de su hogar. El Censo digital se podr\u00e1 completar desde cualquier dispositivo digital con conexi\u00f3n a internet, a trav\u00e9s de los siguientes pasos:<\/p>\n\n\n\n<p>&gt;&gt; Ingresar en&nbsp;<a href=\"http:\/\/censo.gob.ar\/\" target=\"_blank\" rel=\"noreferrer noopener\">censo.gob.ar<\/a>.<\/p>\n\n\n\n<p>&gt;&gt; Seleccionar el bot\u00f3n \u201cCenso digital\u201d ubicado en el margen superior derecho de la pantalla.<\/p>\n\n\n\n<p>&gt;&gt; Seguir las instrucciones para generar el c\u00f3digo \u00fanico de la vivienda.<\/p>\n\n\n\n<p>&gt;&gt; Acceder al cuestionario digital para responder las preguntas por todas las personas que integran el hogar.<\/p>\n\n\n\n<p>&gt;&gt; Guardar el comprobante del Censo digital (c\u00f3digo alfanum\u00e9rico de seis d\u00edgitos que se entrega al completar el cuestionario) para el mi\u00e9rcoles 18 de mayo, d\u00eda del Censo.<\/p>\n\n\n\n<p><strong>Censo presencial<\/strong><\/p>\n\n\n\n<p>El 18 de mayo, d\u00eda que ser\u00e1 feriado nacional (Decreto 42\/2022), las personas censistas visitar\u00e1n todas las viviendas del pa\u00eds entre las 8 y las 18 h para solicitar el comprobante del Censo digital o realizar la entrevista tradicional a quienes no hayan completado el cuestionario en l\u00ednea.<\/p>\n\n\n\n<p><strong>Relevamientos especiales<\/strong><\/p>\n\n\n\n<p>Adem\u00e1s de la modalidad digital y del D\u00eda del Censo, habr\u00e1 tres operativos especiales:<\/p>\n\n\n\n<p>&gt;&gt; Viviendas colectivas: se har\u00e1 un relevamiento digital durante los diez d\u00edas previos al D\u00eda del Censo en c\u00e1rceles, geri\u00e1tricos y hospitales, por citar tres ejemplos.<\/p>\n\n\n\n<p>&gt;&gt; Personas en situaci\u00f3n de calle: se censar\u00e1 a las personas que viven en la calle durante la noche previa al D\u00eda del Censo.<\/p>\n\n\n\n<p>&gt;&gt; \u00c1reas rurales: se desarrollar\u00e1 un operativo presencial que se extender\u00e1 durante los diez d\u00edas previos al censo.<\/p>\n\n\n\n<p><strong>Novedades del censo<\/strong><\/p>\n\n\n\n<p>Las personas ser\u00e1n contabilizadas seg\u00fan su lugar de residencia habitual, es decir, donde pasan la mayor parte del tiempo durante la semana y en el lugar donde demandan servicios, por ejemplo. Hasta ahora, el censo contabilizaba a las personas en el lugar en el que hab\u00edan pasado la noche anterior.<\/p>\n\n\n\n<p>El cuestionario censal tendr\u00e1 hasta 61 preguntas. Los cambios que introduce el nuevo cuestionario son:<\/p>\n\n\n\n<p>&gt;&gt; Sexo e identidad de g\u00e9nero: se preguntar\u00e1 a todas las personas el sexo registrado al nacer (incluyendo la categor\u00eda \u201cX\u201d) y c\u00f3mo se consideran\/autoperciben (\u201cmujer\u201d, \u201cmujer trans \/ travesti\u201d, \u201cvar\u00f3n\u201d, \u201cvar\u00f3n trans \/ masculinidad trans\u201d, \u201cno binario\u201d, \u201cotra identidad \/ ninguna de las anteriores\u201d).<\/p>\n\n\n\n<p>&gt;&gt; Autorreconocimiento ind\u00edgena u originario: se preguntar\u00e1 a todas las personas si se reconocen ind\u00edgenas o descendientes de pueblos ind\u00edgenas u originarios, aclarando el pueblo y, adem\u00e1s, si hablan o entienden la lengua de ese pueblo declarado.<\/p>\n\n\n\n<p>&gt;&gt; Autorreconocimiento afrodescendiente o de antepasados negros o africanos: todas las personas responder\u00e1n si se reconocen afrodescendientes o de antepasados negros o africanos.<\/p>\n\n\n\n<p>&gt;&gt; Dificultades \/ discapacidad: se relevar\u00e1 si en los hogares hay personas con dificultades para caminar o subir escaleras; recordar o concentrarse; comunicarse, entender o ser entendidas por otras personas; o\u00edr, aun con el uso de aud\u00edfonos; ver, aun con anteojos; y comer, ba\u00f1arse o vestirse solas.<\/p>\n\n\n\n<p><strong>El Censo 2022 en n\u00fameros<\/strong><\/p>\n\n\n\n<p>Participar\u00e1n m\u00e1s de 600 mil personas, entre censistas urbanos y rurales, coordinadores nacionales y provinciales y otros puestos que integran la estructura censal, que ser\u00e1 capacitada a trav\u00e9s de un campus virtual desarrollado \u00edntegramente por el INDEC.<\/p>\n\n\n\n<p>Se censar\u00e1n m\u00e1s de 15 millones de viviendas y aproximadamente 45 millones de personas.<\/p>\n","protected":false},"excerpt":{"rendered":"<p>Se llevar\u00e1 a cabo el mi\u00e9rcoles 18 de mayo. Por primera vez en el pa\u00eds ser\u00e1 de modalidad bimodal: digital y presencial. El director del Instituto Nacional de Estad\u00edstica y Censos de Argentina (INDEC), Marco Lavagna; y el director del Instituto Provincial de Estad\u00edsticas y Censos (IPEC), Gabriel Frontons, presentaron este lunes, en la ciudad <a href=\"https:\/\/armstrongyregion.com.ar\/diario\/se-presento-el-censo-2022-en-la-ciudad-de-santa-fe\/\" title=\"Read more\" >&#8230;<\/a><\/p>\n","protected":false},"author":1,"featured_media":33290,"comment_status":"open","ping_status":"open","sticky":false,"template":"","format":"image","meta":{"_jetpack_memberships_contains_paid_content":false,"footnotes":"","jetpack_publicize_message":"","jetpack_publicize_feature_enabled":true,"jetpack_social_post_already_shared":true,"jetpack_social_options":{"image_generator_settings":{"template":"highway","default_image_id":0,"enabled":false},"version":2}},"categories":[8,1,2,7,3],"tags":[],"class_list":["post-33289","post","type-post","status-publish","format-image","has-post-thumbnail","hentry","category-deliberando","category-diario-armstrong","category-locales","category-politica","category-region","post_format-post-format-image"],"jetpack_publicize_connections":[],"jetpack_featured_media_url":"https:\/\/armstrongyregion.com.ar\/diario\/wp-content\/uploads\/2022\/02\/censo.jpg","jetpack_shortlink":"https:\/\/wp.me\/p62QDO-8EV","jetpack_sharing_enabled":true,"amp_enabled":true,"_links":{"self":[{"href":"https:\/\/armstrongyregion.com.ar\/diario\/wp-json\/wp\/v2\/posts\/33289","targetHints":{"allow":["GET"]}}],"collection":[{"href":"https:\/\/armstrongyregion.com.ar\/diario\/wp-json\/wp\/v2\/posts"}],"about":[{"href":"https:\/\/armstrongyregion.com.ar\/diario\/wp-json\/wp\/v2\/types\/post"}],"author":[{"embeddable":true,"href":"https:\/\/armstrongyregion.com.ar\/diario\/wp-json\/wp\/v2\/users\/1"}],"replies":[{"embeddable":true,"href":"https:\/\/armstrongyregion.com.ar\/diario\/wp-json\/wp\/v2\/comments?post=33289"}],"version-history":[{"count":1,"href":"https:\/\/armstrongyregion.com.ar\/diario\/wp-json\/wp\/v2\/posts\/33289\/revisions"}],"predecessor-version":[{"id":33291,"href":"https:\/\/armstrongyregion.com.ar\/diario\/wp-json\/wp\/v2\/posts\/33289\/revisions\/33291"}],"wp:featuredmedia":[{"embeddable":true,"href":"https:\/\/armstrongyregion.com.ar\/diario\/wp-json\/wp\/v2\/media\/33290"}],"wp:attachment":[{"href":"https:\/\/armstrongyregion.com.ar\/diario\/wp-json\/wp\/v2\/media?parent=33289"}],"wp:term":[{"taxonomy":"category","embeddable":true,"href":"https:\/\/armstrongyregion.com.ar\/diario\/wp-json\/wp\/v2\/categories?post=33289"},{"taxonomy":"post_tag","embeddable":true,"href":"https:\/\/armstrongyregion.com.ar\/diario\/wp-json\/wp\/v2\/tags?post=33289"}],"curies":[{"name":"wp","href":"https:\/\/api.w.org\/{rel}","templated":true}]}}