{"id":33263,"date":"2022-02-20T16:24:14","date_gmt":"2022-02-20T16:24:14","guid":{"rendered":"https:\/\/armstrongyregion.com.ar\/diario\/?p=33263"},"modified":"2022-02-20T16:24:17","modified_gmt":"2022-02-20T16:24:17","slug":"municipio-y-provincia-firmaron-acuerdo-por-todos-los-chicos-en-la-escuela","status":"publish","type":"post","link":"https:\/\/armstrongyregion.com.ar\/diario\/municipio-y-provincia-firmaron-acuerdo-por-todos-los-chicos-en-la-escuela\/","title":{"rendered":"Municipio y Provincia firmaron acuerdo por \u00abTodos los chicos en la escuela\u00bb."},"content":{"rendered":"\n<figure class=\"wp-block-image size-large\"><img loading=\"lazy\" decoding=\"async\" width=\"500\" height=\"375\" src=\"http:\/\/armstrongyregion.com.ar\/diario\/wp-content\/uploads\/2022\/02\/perotti-compagnucci-.jpg\" alt=\"\" class=\"wp-image-33264\" srcset=\"https:\/\/armstrongyregion.com.ar\/diario\/wp-content\/uploads\/2022\/02\/perotti-compagnucci-.jpg 500w, https:\/\/armstrongyregion.com.ar\/diario\/wp-content\/uploads\/2022\/02\/perotti-compagnucci--300x225.jpg 300w\" sizes=\"auto, (max-width: 500px) 100vw, 500px\" \/><\/figure>\n\n\n\n<h2 class=\"wp-block-heading\"> La Iniciativa busca que la provincia de Santa Fe tenga escolaridad plena en este 2022. <\/h2>\n\n\n\n<figure class=\"wp-block-image\"><img decoding=\"async\" src=\"http:\/\/renacerfm.com.ar\/download\/multimedia.normal.9028667745aae7d7.3237343036313039385f3333323330303736383930393430315f3435323239335f6e6f726d616c2e6a7067.jpg\" alt=\"274061098_332300768909401_4522938061969270004_n\"\/><\/figure>\n\n\n\n<p>La iniciativa busca que la provincia de Santa Fe tenga escolaridad plena durante este a\u00f1o 2022.<\/p>\n\n\n\n<p>Omar Perotti, Gobernador de Santa Fe, detall\u00f3 que, \u201ctenemos que corroborar sobre estos datos, y eso son los que van a recibir cada intendente y cada presidente comunal, es un dato simple de un cruce, quien termin\u00f3 la primaria, quien en el inicio de clase est\u00e1 anotado, y quien no\u201d<\/p>\n\n\n\n<p>\u201cYa sabemos ahora, por eso vamos a anticipar en la semana quienes son los que deber\u00edan estar inscriptos y no est\u00e1n, para salir a buscarlos antes del inicio de clases\u201d, expres\u00f3 el gobernante.<\/p>\n\n\n\n<p>\u201cEmpezamos esto en febrero del 2020, despu\u00e9s lleg\u00f3 la pandemia, pero todo el trabajo previo hasta marzo sent\u00f3 bases muy importantes de mejoras y recuperaci\u00f3n de matriculas\u201d. Y agreg\u00f3, \u201ceste a\u00f1o tenemos las mejores expectativas, todo indica que vamos a tener m\u00e1s presencialidad\u201d<\/p>\n\n\n\n<p>De esta manera, el gobierno de la provincia de Santa Fe junto a municipios y comunas, se encuentran trabajando en conjunto en la b\u00fasqueda de los alumnos que no se han inscriptos para este a\u00f1o.<\/p>\n\n\n\n<p>Fuente: Renacer FM<\/p>\n\n\n\n<figure><iframe loading=\"lazy\" allowfullscreen=\"allowfullscreen\" height=\"300\" src=\"https:\/\/www.youtube.com\/embed\/NlLmxXGXO90\" width=\"500\"><\/iframe><\/figure>\n\n\n\n<figure><iframe loading=\"lazy\" allowfullscreen=\"true\" height=\"793\" src=\"https:\/\/www.facebook.com\/plugins\/post.php?href=https%3A%2F%2Fwww.facebook.com%2Fcompagnucci.intendente%2Fposts%2F332302085575936&amp;show_text=true&amp;width=500\" width=\"500\"><\/iframe><\/figure>\n\n\n\n<h2 class=\"wp-block-heading\"><\/h2>\n","protected":false},"excerpt":{"rendered":"<p>La Iniciativa busca que la provincia de Santa Fe tenga escolaridad plena en este 2022. La iniciativa busca que la provincia de Santa Fe tenga escolaridad plena durante este a\u00f1o 2022. Omar Perotti, Gobernador de Santa Fe, detall\u00f3 que, \u201ctenemos que corroborar sobre estos datos, y eso son los que van a recibir cada intendente <a href=\"https:\/\/armstrongyregion.com.ar\/diario\/municipio-y-provincia-firmaron-acuerdo-por-todos-los-chicos-en-la-escuela\/\" title=\"Read more\" >&#8230;<\/a><\/p>\n","protected":false},"author":1,"featured_media":33264,"comment_status":"open","ping_status":"open","sticky":false,"template":"","format":"image","meta":{"_jetpack_memberships_contains_paid_content":false,"footnotes":"","jetpack_publicize_message":"","jetpack_publicize_feature_enabled":true,"jetpack_social_post_already_shared":true,"jetpack_social_options":{"image_generator_settings":{"template":"highway","default_image_id":0,"enabled":false},"version":2}},"categories":[8,1,7,3],"tags":[],"class_list":["post-33263","post","type-post","status-publish","format-image","has-post-thumbnail","hentry","category-deliberando","category-diario-armstrong","category-politica","category-region","post_format-post-format-image"],"jetpack_publicize_connections":[],"jetpack_featured_media_url":"https:\/\/armstrongyregion.com.ar\/diario\/wp-content\/uploads\/2022\/02\/perotti-compagnucci-.jpg","jetpack_shortlink":"https:\/\/wp.me\/p62QDO-8Ev","jetpack_sharing_enabled":true,"amp_enabled":true,"_links":{"self":[{"href":"https:\/\/armstrongyregion.com.ar\/diario\/wp-json\/wp\/v2\/posts\/33263","targetHints":{"allow":["GET"]}}],"collection":[{"href":"https:\/\/armstrongyregion.com.ar\/diario\/wp-json\/wp\/v2\/posts"}],"about":[{"href":"https:\/\/armstrongyregion.com.ar\/diario\/wp-json\/wp\/v2\/types\/post"}],"author":[{"embeddable":true,"href":"https:\/\/armstrongyregion.com.ar\/diario\/wp-json\/wp\/v2\/users\/1"}],"replies":[{"embeddable":true,"href":"https:\/\/armstrongyregion.com.ar\/diario\/wp-json\/wp\/v2\/comments?post=33263"}],"version-history":[{"count":1,"href":"https:\/\/armstrongyregion.com.ar\/diario\/wp-json\/wp\/v2\/posts\/33263\/revisions"}],"predecessor-version":[{"id":33265,"href":"https:\/\/armstrongyregion.com.ar\/diario\/wp-json\/wp\/v2\/posts\/33263\/revisions\/33265"}],"wp:featuredmedia":[{"embeddable":true,"href":"https:\/\/armstrongyregion.com.ar\/diario\/wp-json\/wp\/v2\/media\/33264"}],"wp:attachment":[{"href":"https:\/\/armstrongyregion.com.ar\/diario\/wp-json\/wp\/v2\/media?parent=33263"}],"wp:term":[{"taxonomy":"category","embeddable":true,"href":"https:\/\/armstrongyregion.com.ar\/diario\/wp-json\/wp\/v2\/categories?post=33263"},{"taxonomy":"post_tag","embeddable":true,"href":"https:\/\/armstrongyregion.com.ar\/diario\/wp-json\/wp\/v2\/tags?post=33263"}],"curies":[{"name":"wp","href":"https:\/\/api.w.org\/{rel}","templated":true}]}}