{"id":33258,"date":"2022-02-20T16:18:37","date_gmt":"2022-02-20T16:18:37","guid":{"rendered":"https:\/\/armstrongyregion.com.ar\/diario\/?p=33258"},"modified":"2022-02-20T16:25:49","modified_gmt":"2022-02-20T16:25:49","slug":"las-rosas-importante-inversion-para-posibilitar-la-extension-de-red-de-cloacas","status":"publish","type":"post","link":"https:\/\/armstrongyregion.com.ar\/diario\/las-rosas-importante-inversion-para-posibilitar-la-extension-de-red-de-cloacas\/","title":{"rendered":"Las Rosas. Importante inversi\u00f3n para posibilitar la extensi\u00f3n de red de cloacas."},"content":{"rendered":"\n<figure class=\"wp-block-image size-large\"><img loading=\"lazy\" decoding=\"async\" width=\"540\" height=\"283\" src=\"http:\/\/armstrongyregion.com.ar\/diario\/wp-content\/uploads\/2022\/02\/meyer-cloacas-22-.jpg\" alt=\"\" class=\"wp-image-33259\" srcset=\"https:\/\/armstrongyregion.com.ar\/diario\/wp-content\/uploads\/2022\/02\/meyer-cloacas-22-.jpg 540w, https:\/\/armstrongyregion.com.ar\/diario\/wp-content\/uploads\/2022\/02\/meyer-cloacas-22--300x157.jpg 300w\" sizes=\"auto, (max-width: 540px) 100vw, 540px\" \/><\/figure>\n\n\n\n<h2 class=\"wp-block-heading\"> La estaci\u00f3n elevadora de l\u00edquidos cloacales signific\u00f3 una erogaci\u00f3n de 50.000 d\u00f3lares de fondos propios del municipio. <\/h2>\n\n\n\n<p>Intendente Javier Meyer. <\/p>\n\n\n\n<figure class=\"wp-block-audio\"><audio controls src=\"http:\/\/armstrongyregion.com.ar\/diario\/wp-content\/uploads\/2022\/02\/multimedia.audio_.b97a5f85b524b005.617564696f206d6f6e6f2e6d7033.mp3\"><\/audio><figcaption>Por Renacer FM<\/figcaption><\/figure>\n\n\n\n<p><\/p>\n\n\n\n<p><\/p>\n\n\n\n<p><strong>Algunos conceptos del Intendente Javier Meyer<\/strong><\/p>\n\n\n\n<p><strong>Estaci\u00f3n elevadora de l\u00edquidos cloacales.<\/strong>&nbsp;\u00abHoy la gente puede ver la dimensi\u00f3n de esta obra tan importante, que cuando est\u00e9 habilitada va a posibilitar que un sector sureste y noeste de nuestra ciudad tenga acceso a la red de cloacas.&nbsp;Es de destacar la inversi\u00f3n que ha hecho el municipio, con recursos propios, para lograr esta estaci\u00f3n de bombeo que fuimos comprando por partes desde hace 2 a\u00f1os: 50.000 d\u00f3lares,&nbsp;que no se aplica como contribuci\u00f3n de mejoras por lo cual no es un costo trasladado a los frentistas. Por supuesto que despu\u00e9s hay costos de materiales en el tendido de red y conexiones que si aplican al pago.\u00bb<\/p>\n\n\n\n<p>\u00abEste avance me pone orgulloso, porque el servicio de agua y cloacas en casi toda la regi\u00f3n es prestado por cooperativas. Ac\u00e1 en Las Rosas en cambio se hace por administraci\u00f3n municipal, cuando en otras comunas y municipios lo maneja el sector privado.\u00bb<\/p>\n\n\n\n<p><strong>Aumento en servicio de obras de salubridad (SOS).<\/strong>&nbsp;\u00abEs ya conocido que se cuestion\u00f3 el aumento aprobado hace poco del 32% para derecho de conexi\u00f3n y otros aspectos. Se objeta este incremento cuando estamos ante una inflaci\u00f3n de m\u00e1s del 50% en el mismo per\u00edodo; y tambi\u00e9n el a\u00f1o pasado se subi\u00f3 el valor un 30% ante inflaci\u00f3n del 50%. Es decir que venimos para atr\u00e1s, y sin embargo el servicio ha mejorado sustancialmente y se realizaron inversiones millonarias\u00bb<\/p>\n\n\n\n<p>\u00abPara hablar de costos y valores hay que conocer, m\u00e1s siendo funcionarios p\u00fablicos como son los concejales. Hay que recorrer, preguntar, ir a ver la cantidad de insumos que tenemos ya adquiridos, las herramientas y m\u00e1quinas que contamos para construir y atender emergencias. Adem\u00e1s los pozos realizados y la compra de la planta de \u00f3smosis inversa para enfrentar el problema de la salinidad del agua que viene desde el acueducto, todo hecho con la urgencia que se precisaba.\u00bb<\/p>\n\n\n\n<p><strong>Avenida Las Rosas.<\/strong>&nbsp;\u00abLa ejecuci\u00f3n de esta obra era todo un desaf\u00edo por el tama\u00f1o de la misma y la cantidad de trabajo necesario. Pero se concret\u00f3. Ya se finaliz\u00f3 la pavimentaci\u00f3n desde calle Uruguay hasta calle Alberdi, una inversi\u00f3n que se hizo que el Fondo de Obras Menores 2020. Solo falta el tiempo de fraguado para que se habilite.\u00bb<\/p>\n\n\n\n<p><strong>Acceso calle Santa Fe.&nbsp;<\/strong>\u00abEstamos continuando con los trabajos, donde se van a reponer varios pa\u00f1os de hormig\u00f3n. Es una tarea que hay que realizarla muy bien, con las condiciones que se requiere, porque es una arteria con importante tr\u00e1nsito y con tr\u00e1fico pesado.\u00bb<\/p>\n\n\n\n<p><strong>Convenios con la Provincia de Santa Fe.\u00a0<\/strong>\u00abEst\u00e1 a la firma un convenio que se ha gestionado ya hace algo m\u00e1s de un a\u00f1o, en el cual se va avanzando y creo que va a salir porque el gobierno provincial est\u00e1 cumpliendo. Quiero destacar que esta semana se han depositado lo pedido como \u201cgastos corrientes\u201d del a\u00f1o 2021, finalizando todos los compromisos de provincia con el municipio de Las Rosas. Es la primera vez que no nos adeudan ning\u00fan recurso; y eso es muy importante porque cuando presentemos ahora en 2022 el proyecto para Obras Menores vamos a estar al corriente, sin esperar que nos paguen primero el a\u00f1o vencido o alguna cuesti\u00f3n de ese tipo\u00bb.<\/p>\n\n\n\n<p>Fuente: Las Rosas Digital\/ Renacer FM<\/p>\n\n\n\n<hr class=\"wp-block-separator\"\/>\n\n\n\n<figure><iframe loading=\"lazy\" allowfullscreen=\"true\" height=\"665\" src=\"https:\/\/www.facebook.com\/plugins\/post.php?href=https%3A%2F%2Fwww.facebook.com%2Fpermalink.php%3Fstory_fbid%3D245662334420323%26id%3D100069296736104&amp;show_text=true&amp;width=500\" width=\"500\"><\/iframe><\/figure>\n\n\n\n<hr class=\"wp-block-separator\"\/>\n\n\n\n<figure><iframe loading=\"lazy\" allowfullscreen=\"true\" height=\"709\" src=\"https:\/\/www.facebook.com\/plugins\/post.php?href=https%3A%2F%2Fwww.facebook.com%2Fpermalink.php%3Fstory_fbid%3D240592791593944%26id%3D100069296736104&amp;show_text=true&amp;width=500\" width=\"500\"><\/iframe><\/figure>\n","protected":false},"excerpt":{"rendered":"<p>La estaci\u00f3n elevadora de l\u00edquidos cloacales signific\u00f3 una erogaci\u00f3n de 50.000 d\u00f3lares de fondos propios del municipio. Intendente Javier Meyer. Algunos conceptos del Intendente Javier Meyer Estaci\u00f3n elevadora de l\u00edquidos cloacales.&nbsp;\u00abHoy la gente puede ver la dimensi\u00f3n de esta obra tan importante, que cuando est\u00e9 habilitada va a posibilitar que un sector sureste y noeste <a href=\"https:\/\/armstrongyregion.com.ar\/diario\/las-rosas-importante-inversion-para-posibilitar-la-extension-de-red-de-cloacas\/\" title=\"Read more\" >&#8230;<\/a><\/p>\n","protected":false},"author":1,"featured_media":33259,"comment_status":"open","ping_status":"open","sticky":false,"template":"","format":"image","meta":{"_jetpack_memberships_contains_paid_content":false,"footnotes":"","jetpack_publicize_message":"","jetpack_publicize_feature_enabled":true,"jetpack_social_post_already_shared":true,"jetpack_social_options":{"image_generator_settings":{"template":"highway","default_image_id":0,"enabled":false},"version":2}},"categories":[8,1,7,3],"tags":[],"class_list":["post-33258","post","type-post","status-publish","format-image","has-post-thumbnail","hentry","category-deliberando","category-diario-armstrong","category-politica","category-region","post_format-post-format-image"],"jetpack_publicize_connections":[],"jetpack_featured_media_url":"https:\/\/armstrongyregion.com.ar\/diario\/wp-content\/uploads\/2022\/02\/meyer-cloacas-22-.jpg","jetpack_shortlink":"https:\/\/wp.me\/p62QDO-8Eq","jetpack_sharing_enabled":true,"amp_enabled":true,"_links":{"self":[{"href":"https:\/\/armstrongyregion.com.ar\/diario\/wp-json\/wp\/v2\/posts\/33258","targetHints":{"allow":["GET"]}}],"collection":[{"href":"https:\/\/armstrongyregion.com.ar\/diario\/wp-json\/wp\/v2\/posts"}],"about":[{"href":"https:\/\/armstrongyregion.com.ar\/diario\/wp-json\/wp\/v2\/types\/post"}],"author":[{"embeddable":true,"href":"https:\/\/armstrongyregion.com.ar\/diario\/wp-json\/wp\/v2\/users\/1"}],"replies":[{"embeddable":true,"href":"https:\/\/armstrongyregion.com.ar\/diario\/wp-json\/wp\/v2\/comments?post=33258"}],"version-history":[{"count":3,"href":"https:\/\/armstrongyregion.com.ar\/diario\/wp-json\/wp\/v2\/posts\/33258\/revisions"}],"predecessor-version":[{"id":33266,"href":"https:\/\/armstrongyregion.com.ar\/diario\/wp-json\/wp\/v2\/posts\/33258\/revisions\/33266"}],"wp:featuredmedia":[{"embeddable":true,"href":"https:\/\/armstrongyregion.com.ar\/diario\/wp-json\/wp\/v2\/media\/33259"}],"wp:attachment":[{"href":"https:\/\/armstrongyregion.com.ar\/diario\/wp-json\/wp\/v2\/media?parent=33258"}],"wp:term":[{"taxonomy":"category","embeddable":true,"href":"https:\/\/armstrongyregion.com.ar\/diario\/wp-json\/wp\/v2\/categories?post=33258"},{"taxonomy":"post_tag","embeddable":true,"href":"https:\/\/armstrongyregion.com.ar\/diario\/wp-json\/wp\/v2\/tags?post=33258"}],"curies":[{"name":"wp","href":"https:\/\/api.w.org\/{rel}","templated":true}]}}