{"id":33248,"date":"2022-02-18T20:26:30","date_gmt":"2022-02-18T20:26:30","guid":{"rendered":"https:\/\/armstrongyregion.com.ar\/diario\/?p=33248"},"modified":"2022-02-18T20:26:33","modified_gmt":"2022-02-18T20:26:33","slug":"clerici-recorrio-trabajos-de-pavimento-en-calle-colon","status":"publish","type":"post","link":"https:\/\/armstrongyregion.com.ar\/diario\/clerici-recorrio-trabajos-de-pavimento-en-calle-colon\/","title":{"rendered":"Clerici recorri\u00f3 trabajos de pavimento en calle Col\u00f3n."},"content":{"rendered":"\n<figure class=\"wp-block-image size-large\"><img loading=\"lazy\" decoding=\"async\" width=\"400\" height=\"300\" src=\"http:\/\/armstrongyregion.com.ar\/diario\/wp-content\/uploads\/2022\/02\/clerici-calle-colon.jpg\" alt=\"\" class=\"wp-image-33249\" srcset=\"https:\/\/armstrongyregion.com.ar\/diario\/wp-content\/uploads\/2022\/02\/clerici-calle-colon.jpg 400w, https:\/\/armstrongyregion.com.ar\/diario\/wp-content\/uploads\/2022\/02\/clerici-calle-colon-300x225.jpg 300w\" sizes=\"auto, (max-width: 400px) 100vw, 400px\" \/><\/figure>\n\n\n\n<p>La gesti\u00f3n municipal sigue adelante con obras de pavimento, en esta oportunidad con el hormigonado de la primera mitad de la calzada de calle Col\u00f3n entre 9 de Julio y Av. Santa Fe, para luego continuar hacia el norte hasta calle Avellaneda.<\/p>\n\n\n\n<p>\u201cSeguimos adelante, con nuevos frentes de pavimento de hormig\u00f3n trabajando hacia una Ca\u00f1ada 100% pavimentada\u201d, expres\u00f3 Cl\u00e9rici, destacando que este circuito de pavimento se complementa con la construcci\u00f3n del Punto Violeta junto al Centro Integrador Comunitario.<br><\/p>\n","protected":false},"excerpt":{"rendered":"<p>La gesti\u00f3n municipal sigue adelante con obras de pavimento, en esta oportunidad con el hormigonado de la primera mitad de la calzada de calle Col\u00f3n entre 9 de Julio y Av. Santa Fe, para luego continuar hacia el norte hasta calle Avellaneda. \u201cSeguimos adelante, con nuevos frentes de pavimento de hormig\u00f3n trabajando hacia una Ca\u00f1ada <a href=\"https:\/\/armstrongyregion.com.ar\/diario\/clerici-recorrio-trabajos-de-pavimento-en-calle-colon\/\" title=\"Read more\" >&#8230;<\/a><\/p>\n","protected":false},"author":1,"featured_media":33249,"comment_status":"open","ping_status":"open","sticky":false,"template":"","format":"image","meta":{"_jetpack_memberships_contains_paid_content":false,"footnotes":"","jetpack_publicize_message":"","jetpack_publicize_feature_enabled":true,"jetpack_social_post_already_shared":true,"jetpack_social_options":{"image_generator_settings":{"template":"highway","default_image_id":0,"enabled":false},"version":2}},"categories":[8,1,7,3],"tags":[],"class_list":["post-33248","post","type-post","status-publish","format-image","has-post-thumbnail","hentry","category-deliberando","category-diario-armstrong","category-politica","category-region","post_format-post-format-image"],"jetpack_publicize_connections":[],"jetpack_featured_media_url":"https:\/\/armstrongyregion.com.ar\/diario\/wp-content\/uploads\/2022\/02\/clerici-calle-colon.jpg","jetpack_shortlink":"https:\/\/wp.me\/p62QDO-8Eg","jetpack_sharing_enabled":true,"amp_enabled":true,"_links":{"self":[{"href":"https:\/\/armstrongyregion.com.ar\/diario\/wp-json\/wp\/v2\/posts\/33248","targetHints":{"allow":["GET"]}}],"collection":[{"href":"https:\/\/armstrongyregion.com.ar\/diario\/wp-json\/wp\/v2\/posts"}],"about":[{"href":"https:\/\/armstrongyregion.com.ar\/diario\/wp-json\/wp\/v2\/types\/post"}],"author":[{"embeddable":true,"href":"https:\/\/armstrongyregion.com.ar\/diario\/wp-json\/wp\/v2\/users\/1"}],"replies":[{"embeddable":true,"href":"https:\/\/armstrongyregion.com.ar\/diario\/wp-json\/wp\/v2\/comments?post=33248"}],"version-history":[{"count":1,"href":"https:\/\/armstrongyregion.com.ar\/diario\/wp-json\/wp\/v2\/posts\/33248\/revisions"}],"predecessor-version":[{"id":33250,"href":"https:\/\/armstrongyregion.com.ar\/diario\/wp-json\/wp\/v2\/posts\/33248\/revisions\/33250"}],"wp:featuredmedia":[{"embeddable":true,"href":"https:\/\/armstrongyregion.com.ar\/diario\/wp-json\/wp\/v2\/media\/33249"}],"wp:attachment":[{"href":"https:\/\/armstrongyregion.com.ar\/diario\/wp-json\/wp\/v2\/media?parent=33248"}],"wp:term":[{"taxonomy":"category","embeddable":true,"href":"https:\/\/armstrongyregion.com.ar\/diario\/wp-json\/wp\/v2\/categories?post=33248"},{"taxonomy":"post_tag","embeddable":true,"href":"https:\/\/armstrongyregion.com.ar\/diario\/wp-json\/wp\/v2\/tags?post=33248"}],"curies":[{"name":"wp","href":"https:\/\/api.w.org\/{rel}","templated":true}]}}