{"id":33220,"date":"2022-02-16T19:05:13","date_gmt":"2022-02-16T19:05:13","guid":{"rendered":"https:\/\/armstrongyregion.com.ar\/diario\/?p=33220"},"modified":"2022-02-16T19:05:15","modified_gmt":"2022-02-16T19:05:15","slug":"mas-de-70-intendentes-y-ptes-comunales-se-movilizaron-a-la-capital-santafesina-para-que-el-gobernador-los-reciba-y-escuche","status":"publish","type":"post","link":"https:\/\/armstrongyregion.com.ar\/diario\/mas-de-70-intendentes-y-ptes-comunales-se-movilizaron-a-la-capital-santafesina-para-que-el-gobernador-los-reciba-y-escuche\/","title":{"rendered":"M\u00e1s de 70 Intendentes y Ptes Comunales se movilizaron a la capital santafesina  para que el Gobernador los reciba y escuche."},"content":{"rendered":"\n<figure class=\"wp-block-image size-large\"><img loading=\"lazy\" decoding=\"async\" width=\"720\" height=\"502\" src=\"http:\/\/armstrongyregion.com.ar\/diario\/wp-content\/uploads\/2022\/02\/oposicion-movilizada.jpg\" alt=\"\" class=\"wp-image-33221\" srcset=\"https:\/\/armstrongyregion.com.ar\/diario\/wp-content\/uploads\/2022\/02\/oposicion-movilizada.jpg 720w, https:\/\/armstrongyregion.com.ar\/diario\/wp-content\/uploads\/2022\/02\/oposicion-movilizada-300x209.jpg 300w\" sizes=\"auto, (max-width: 720px) 100vw, 720px\" \/><\/figure>\n\n\n\n<p> El pasado martes 15 de febrero, m\u00e1s de 70 Presidentes Comunales e Intendentes de nuestra provincia se movilizaron a la Casa de Gobierno para pedirle al Gobernador <a href=\"https:\/\/www.facebook.com\/omarperotti?__cft__[0]=AZXYSWbTvoE_l5nXtlV_zN5IFGQQ5NmZte0Yo9Pu9N6mgckirPYz2eAPKHFL0h6EqXMubJYtcda9kAoKxUH5EP6F9VYy__DA996-zqxa43O5uZrqupLM4pkGvSuDq5kIzGypbUmb3eyVPVl1dSIRURA3&amp;__tn__=-]K-R\">Omar Perotti<\/a> que los reciba y  escuche. <\/p>\n\n\n\n<p>El Intendente local Dr. Pablo Verdecchia poste\u00f3 en sus redes sociales, \u00abUn d\u00eda muy triste para la democracia y las instituciones de nuestra provincia. M\u00e1s de 70 localidades movilizadas para pedirle al Gobernador Perotti que nos atienda y frene la discriminaci\u00f3n a m\u00e1s del 80 % de los santafesinos que viven en ciudades que no son gobernadas por su partido. Gobernando con ma\u00f1as pol\u00edticas como la discrecionalidad en la transferencia de fondos, nunca vista en Santa Fe\u00bb. <\/p>\n\n\n\n<p>El Pte Comunal de Correa, Nahuel Cejas tambi\u00e9n se expres\u00f3 \u00abQueremos que pague lo que corresponde pagar a nuestras localidades, dinero que es de todos nuestros vecinos y vecinas, as\u00ed como les paga a las localidades que est\u00e1n gobernadas por el PJ\u00bb. <\/p>\n\n\n\n<p>El pasado martes, quedo expuesto el descontento, la situaci\u00f3n de destrato, discriminaci\u00f3n y falta de atenci\u00f3n del gobierno de Omar Perotti a un gran porcentaje de pueblos y ciudades de la provincia.<\/p>\n\n\n\n<p><\/p>\n\n\n\n<p> <\/p>\n\n\n\n<p><\/p>\n\n\n\n<p><\/p>\n","protected":false},"excerpt":{"rendered":"<p>El pasado martes 15 de febrero, m\u00e1s de 70 Presidentes Comunales e Intendentes de nuestra provincia se movilizaron a la Casa de Gobierno para pedirle al Gobernador Omar Perotti que los reciba y escuche. El Intendente local Dr. Pablo Verdecchia poste\u00f3 en sus redes sociales, \u00abUn d\u00eda muy triste para la democracia y las instituciones <a href=\"https:\/\/armstrongyregion.com.ar\/diario\/mas-de-70-intendentes-y-ptes-comunales-se-movilizaron-a-la-capital-santafesina-para-que-el-gobernador-los-reciba-y-escuche\/\" title=\"Read more\" >&#8230;<\/a><\/p>\n","protected":false},"author":1,"featured_media":33221,"comment_status":"open","ping_status":"open","sticky":false,"template":"","format":"image","meta":{"_jetpack_memberships_contains_paid_content":false,"footnotes":"","jetpack_publicize_message":"","jetpack_publicize_feature_enabled":true,"jetpack_social_post_already_shared":true,"jetpack_social_options":{"image_generator_settings":{"template":"highway","default_image_id":0,"enabled":false},"version":2}},"categories":[8,1,2,7,3],"tags":[],"class_list":["post-33220","post","type-post","status-publish","format-image","has-post-thumbnail","hentry","category-deliberando","category-diario-armstrong","category-locales","category-politica","category-region","post_format-post-format-image"],"jetpack_publicize_connections":[],"jetpack_featured_media_url":"https:\/\/armstrongyregion.com.ar\/diario\/wp-content\/uploads\/2022\/02\/oposicion-movilizada.jpg","jetpack_shortlink":"https:\/\/wp.me\/p62QDO-8DO","jetpack_sharing_enabled":true,"amp_enabled":true,"_links":{"self":[{"href":"https:\/\/armstrongyregion.com.ar\/diario\/wp-json\/wp\/v2\/posts\/33220","targetHints":{"allow":["GET"]}}],"collection":[{"href":"https:\/\/armstrongyregion.com.ar\/diario\/wp-json\/wp\/v2\/posts"}],"about":[{"href":"https:\/\/armstrongyregion.com.ar\/diario\/wp-json\/wp\/v2\/types\/post"}],"author":[{"embeddable":true,"href":"https:\/\/armstrongyregion.com.ar\/diario\/wp-json\/wp\/v2\/users\/1"}],"replies":[{"embeddable":true,"href":"https:\/\/armstrongyregion.com.ar\/diario\/wp-json\/wp\/v2\/comments?post=33220"}],"version-history":[{"count":1,"href":"https:\/\/armstrongyregion.com.ar\/diario\/wp-json\/wp\/v2\/posts\/33220\/revisions"}],"predecessor-version":[{"id":33222,"href":"https:\/\/armstrongyregion.com.ar\/diario\/wp-json\/wp\/v2\/posts\/33220\/revisions\/33222"}],"wp:featuredmedia":[{"embeddable":true,"href":"https:\/\/armstrongyregion.com.ar\/diario\/wp-json\/wp\/v2\/media\/33221"}],"wp:attachment":[{"href":"https:\/\/armstrongyregion.com.ar\/diario\/wp-json\/wp\/v2\/media?parent=33220"}],"wp:term":[{"taxonomy":"category","embeddable":true,"href":"https:\/\/armstrongyregion.com.ar\/diario\/wp-json\/wp\/v2\/categories?post=33220"},{"taxonomy":"post_tag","embeddable":true,"href":"https:\/\/armstrongyregion.com.ar\/diario\/wp-json\/wp\/v2\/tags?post=33220"}],"curies":[{"name":"wp","href":"https:\/\/api.w.org\/{rel}","templated":true}]}}