{"id":33187,"date":"2022-02-13T17:07:39","date_gmt":"2022-02-13T17:07:39","guid":{"rendered":"https:\/\/armstrongyregion.com.ar\/diario\/?p=33187"},"modified":"2022-02-13T17:07:41","modified_gmt":"2022-02-13T17:07:41","slug":"clerici-participo-de-la-inauguracion-del-nuevo-local-del-centro-de-jubilados-primavera","status":"publish","type":"post","link":"https:\/\/armstrongyregion.com.ar\/diario\/clerici-participo-de-la-inauguracion-del-nuevo-local-del-centro-de-jubilados-primavera\/","title":{"rendered":"Cl\u00e9rici particip\u00f3 de la inauguraci\u00f3n del nuevo local del centro de jubilados \u00abPrimavera\u00bb."},"content":{"rendered":"\n<figure class=\"wp-block-image size-large\"><img loading=\"lazy\" decoding=\"async\" width=\"640\" height=\"446\" src=\"http:\/\/armstrongyregion.com.ar\/diario\/wp-content\/uploads\/2022\/02\/centro-jub-prim-.jpg\" alt=\"\" class=\"wp-image-33188\" srcset=\"https:\/\/armstrongyregion.com.ar\/diario\/wp-content\/uploads\/2022\/02\/centro-jub-prim-.jpg 640w, https:\/\/armstrongyregion.com.ar\/diario\/wp-content\/uploads\/2022\/02\/centro-jub-prim--300x209.jpg 300w\" sizes=\"auto, (max-width: 640px) 100vw, 640px\" \/><\/figure>\n\n\n\n<p>La intendenta Stella Cl\u00e9rici y el presidente del Concejo, Marcelo Casalegno, participaron de la inauguraci\u00f3n del nuevo edificio del Centro de Jubilados y Pensionados Primavera, ubicado en Bv. Balcarce 1442.<\/p>\n\n\n\n<p>La obra se hizo realidad con un importante acompa\u00f1amiento en aportes por parte de la gesti\u00f3n municipal. \u201cConcretamos el sue\u00f1o del edificio propio junto al Centro de Jubilados Primavera. Felicitaciones por este nuevo logro. Estamos muy felices de acompa\u00f1ar el crecimiento de nuestras instituciones\u201d, expres\u00f3 Cl\u00e9rici.&nbsp;<\/p>\n","protected":false},"excerpt":{"rendered":"<p>La intendenta Stella Cl\u00e9rici y el presidente del Concejo, Marcelo Casalegno, participaron de la inauguraci\u00f3n del nuevo edificio del Centro de Jubilados y Pensionados Primavera, ubicado en Bv. Balcarce 1442. La obra se hizo realidad con un importante acompa\u00f1amiento en aportes por parte de la gesti\u00f3n municipal. \u201cConcretamos el sue\u00f1o del edificio propio junto al <a href=\"https:\/\/armstrongyregion.com.ar\/diario\/clerici-participo-de-la-inauguracion-del-nuevo-local-del-centro-de-jubilados-primavera\/\" title=\"Read more\" >&#8230;<\/a><\/p>\n","protected":false},"author":1,"featured_media":33188,"comment_status":"open","ping_status":"open","sticky":false,"template":"","format":"image","meta":{"_jetpack_memberships_contains_paid_content":false,"footnotes":"","jetpack_publicize_message":"","jetpack_publicize_feature_enabled":true,"jetpack_social_post_already_shared":true,"jetpack_social_options":{"image_generator_settings":{"template":"highway","default_image_id":0,"enabled":false},"version":2}},"categories":[8,1,2,7,3],"tags":[],"class_list":["post-33187","post","type-post","status-publish","format-image","has-post-thumbnail","hentry","category-deliberando","category-diario-armstrong","category-locales","category-politica","category-region","post_format-post-format-image"],"jetpack_publicize_connections":[],"jetpack_featured_media_url":"https:\/\/armstrongyregion.com.ar\/diario\/wp-content\/uploads\/2022\/02\/centro-jub-prim-.jpg","jetpack_shortlink":"https:\/\/wp.me\/p62QDO-8Dh","jetpack_sharing_enabled":true,"amp_enabled":true,"_links":{"self":[{"href":"https:\/\/armstrongyregion.com.ar\/diario\/wp-json\/wp\/v2\/posts\/33187","targetHints":{"allow":["GET"]}}],"collection":[{"href":"https:\/\/armstrongyregion.com.ar\/diario\/wp-json\/wp\/v2\/posts"}],"about":[{"href":"https:\/\/armstrongyregion.com.ar\/diario\/wp-json\/wp\/v2\/types\/post"}],"author":[{"embeddable":true,"href":"https:\/\/armstrongyregion.com.ar\/diario\/wp-json\/wp\/v2\/users\/1"}],"replies":[{"embeddable":true,"href":"https:\/\/armstrongyregion.com.ar\/diario\/wp-json\/wp\/v2\/comments?post=33187"}],"version-history":[{"count":1,"href":"https:\/\/armstrongyregion.com.ar\/diario\/wp-json\/wp\/v2\/posts\/33187\/revisions"}],"predecessor-version":[{"id":33189,"href":"https:\/\/armstrongyregion.com.ar\/diario\/wp-json\/wp\/v2\/posts\/33187\/revisions\/33189"}],"wp:featuredmedia":[{"embeddable":true,"href":"https:\/\/armstrongyregion.com.ar\/diario\/wp-json\/wp\/v2\/media\/33188"}],"wp:attachment":[{"href":"https:\/\/armstrongyregion.com.ar\/diario\/wp-json\/wp\/v2\/media?parent=33187"}],"wp:term":[{"taxonomy":"category","embeddable":true,"href":"https:\/\/armstrongyregion.com.ar\/diario\/wp-json\/wp\/v2\/categories?post=33187"},{"taxonomy":"post_tag","embeddable":true,"href":"https:\/\/armstrongyregion.com.ar\/diario\/wp-json\/wp\/v2\/tags?post=33187"}],"curies":[{"name":"wp","href":"https:\/\/api.w.org\/{rel}","templated":true}]}}