{"id":33139,"date":"2022-02-09T17:27:41","date_gmt":"2022-02-09T17:27:41","guid":{"rendered":"https:\/\/armstrongyregion.com.ar\/diario\/?p=33139"},"modified":"2022-02-09T17:27:44","modified_gmt":"2022-02-09T17:27:44","slug":"enrique-estevez-el-pj-debe-mirar-puertas-adentro-antes-de-atacar-a-la-oposicion","status":"publish","type":"post","link":"https:\/\/armstrongyregion.com.ar\/diario\/enrique-estevez-el-pj-debe-mirar-puertas-adentro-antes-de-atacar-a-la-oposicion\/","title":{"rendered":"Enrique Est\u00e9vez: \u201cEl PJ debe mirar puertas adentro antes de atacar a la oposici\u00f3n."},"content":{"rendered":"\n<figure class=\"wp-block-image size-large\"><img loading=\"lazy\" decoding=\"async\" width=\"640\" height=\"359\" src=\"http:\/\/armstrongyregion.com.ar\/diario\/wp-content\/uploads\/2022\/02\/Enrique-Estevez-22-.jpg\" alt=\"\" class=\"wp-image-33140\" srcset=\"https:\/\/armstrongyregion.com.ar\/diario\/wp-content\/uploads\/2022\/02\/Enrique-Estevez-22-.jpg 640w, https:\/\/armstrongyregion.com.ar\/diario\/wp-content\/uploads\/2022\/02\/Enrique-Estevez-22--300x168.jpg 300w\" sizes=\"auto, (max-width: 640px) 100vw, 640px\" \/><\/figure>\n\n\n\n<p> _El diputado nacional del Partido Socialista pidi\u00f3 al Justicialismo hacer una autocr\u00edtica a la gesti\u00f3n del gobernador Omar Perotti antes de acusar a la oposici\u00f3n y seguir dinamitando los puentes de di\u00e1logo. \u201cDesde el socialismo tenemos la vocaci\u00f3n de aportar a la soluci\u00f3n de los problemas de las y los santafesinos\u201d, afirm\u00f3._<br>El diputado nacional por el Partido Socialista (PS) Enrique Est\u00e9vez pidi\u00f3 al Justicialismo que \u201cdeje de victimizarse y haga una autocr\u00edtica a la gesti\u00f3n del gobernador Omar Perotti antes de atacar a la oposici\u00f3n por los medios\u201d, y afirm\u00f3 que el verdadero problema es \u201cla falta de rumbo y de acci\u00f3n por parte del Gobierno Provincial\u201d. En su lugar, el dirigente afirm\u00f3 que desde el socialismo est\u00e1n abiertos al di\u00e1logo para acordar soluciones a los problemas de las y los santafesinos, y record\u00f3 que \u201cse aprobaron la mayor\u00eda de las leyes que el oficialismo envi\u00f3 a la Legislatura, a pesar de ser minor\u00eda\u201d.\u00a0<br>\u201cNuevamente el Partido Justicialista opta por victimizarse a trav\u00e9s de mentiras mediante un comunicado, buscando una vez m\u00e1s acusar a la oposici\u00f3n y al Partido Socialista en particular, de ponerle freno a una gesti\u00f3n, cuando el verdadero problema es la falta de rumbo y de acci\u00f3n por parte del Gobierno Provincial\u201d, afirm\u00f3 Est\u00e9vez en declaraciones period\u00edsticas.\u00a0<br>El secretario general del PS santafesino asever\u00f3 que la ausencia de comunicaci\u00f3n con los representantes de los partidos pol\u00edticos de la oposici\u00f3n por parte del gobierno de Omar Perotti \u201ces hist\u00f3rica, y se remonta a los meses previos a asumir el poder Ejecutivo, ya que durante la transici\u00f3n con la gesti\u00f3n de Miguel Lifschitz, es de p\u00fablico conocimiento su falta de voluntad pol\u00edtica para llevar adelante una transici\u00f3n ordenada. En su lugar, el actual gobernador y sus voceros optaron por sembrar acusaciones falaces por los medios, y detonar con agravios cualquier camino de interrelaci\u00f3n con los representantes de la oposici\u00f3n\u201d.\u00a0<br>\u201cDesde el socialismo \u2013 record\u00f3 Est\u00e9vez \u2013, siempre hemos tenido una vocaci\u00f3n sincera de apertura al di\u00e1logo y de encontrar acuerdos positivos para los santafesinos: se aprobaron la mayor\u00eda de las leyes que el Ejecutivo impuls\u00f3 a pesar de ser una clara minor\u00eda en la C\u00e1mara de Diputados y Diputadas\u201d.\u00a0En tal sentido, el dirigente plante\u00f3 que el debate sobre el Presupuesto 2022 \u201cest\u00e1 abierto\u201d, y sostuvo: \u201cNuestra posici\u00f3n est\u00e1 expresada p\u00fablicamente: no aceptamos que la Provincia le deba importantes recursos a los Municipios y Comunas cuando en las cuentas bancarias del Gobierno de Santa Fe se acumulan recursos sin ejecutar. Mientras la sociedad sufre los golpes de una crisis social y econ\u00f3mica de enormes dimensiones, la subejecuci\u00f3n presupuestaria en estos m\u00e1s de dos a\u00f1os de la administraci\u00f3n Perotti fue alarmante en todas las \u00e1reas de gesti\u00f3n incluidas obras p\u00fablicas, salud y seguridad. Nos resulta inexplicable la situaci\u00f3n de los 3.000 millones de pesos que el gobierno nacional envi\u00f3 a Santa Fe para equipamiento en seguridad: sigue sin utilizarse porque a un a\u00f1o y medio de ese anuncio, el gobernador y su equipo no fue capaz de licitar dichos insumos. Con un 50% de inflaci\u00f3n anual, cada d\u00eda que se pierde disminuye la capacidad de compra del Estado\u201d.\u00a0<br>Asimismo, el legislador nacional lament\u00f3 que el Partido Justicialista no realice una profunda autocr\u00edtica sobre los 26 meses de su gesti\u00f3n provincial. \u201cEl gobernador reemplaz\u00f3 en tres oportunidades la cabeza del Ministerio de Gobierno, quien lleva adelante la conducci\u00f3n pol\u00edtica de la gesti\u00f3n. Y si ponemos el foco en Seguridad, no s\u00f3lo reemplaz\u00f3 al ministro anterior, sino que su p\u00e9sima gesti\u00f3n, en palabras del actual titular de la cartera, Jorge Lagna, lo ha obligado a \u201crefundar el Ministerio de Seguridad\u201d, y el incremento de los \u00edndices delictivos llevaron a cambiar ocho veces la jefatura de polic\u00eda de Rosario, para poner un ejemplo\u201d, detall\u00f3, para luego ampliar: \u201cPrometieron la Unidad en la Diversidad, y nos condenaron a los santafesinos a ser rehenes de una disputa por el poder que llev\u00f3 al enfrentamiento electoral al Gobernador contra su Vicegobernadora. Es mucho lo que la conducci\u00f3n del Partido Justicialista debe mirar puertas adentro antes de atacar a la oposici\u00f3n\u201d.<br>Para finalizar, Est\u00e9vez reiter\u00f3 que el socialismo tiene \u201cuna inquebrantable voluntad de di\u00e1logo y de aporte a la soluci\u00f3n concreta de los graves problemas de la ciudadan\u00eda. Creemos que el gobierno provincial tiene la oportunidad y esperamos la convocatoria a un di\u00e1logo abierto y sincero de todas las fuerzas pol\u00edticas. El pa\u00eds vive momentos de grandes dificultades y tensiones, necesitamos madurez y dirigentes a la altura de las circunstancias para poder avanzar\u201d, concluy\u00f3. \u00c1rea de archivos adjuntos<br><\/p>\n","protected":false},"excerpt":{"rendered":"<p>_El diputado nacional del Partido Socialista pidi\u00f3 al Justicialismo hacer una autocr\u00edtica a la gesti\u00f3n del gobernador Omar Perotti antes de acusar a la oposici\u00f3n y seguir dinamitando los puentes de di\u00e1logo. \u201cDesde el socialismo tenemos la vocaci\u00f3n de aportar a la soluci\u00f3n de los problemas de las y los santafesinos\u201d, afirm\u00f3._El diputado nacional por <a href=\"https:\/\/armstrongyregion.com.ar\/diario\/enrique-estevez-el-pj-debe-mirar-puertas-adentro-antes-de-atacar-a-la-oposicion\/\" title=\"Read more\" >&#8230;<\/a><\/p>\n","protected":false},"author":1,"featured_media":33140,"comment_status":"open","ping_status":"open","sticky":false,"template":"","format":"image","meta":{"_jetpack_memberships_contains_paid_content":false,"footnotes":"","jetpack_publicize_message":"","jetpack_publicize_feature_enabled":true,"jetpack_social_post_already_shared":true,"jetpack_social_options":{"image_generator_settings":{"template":"highway","default_image_id":0,"enabled":false},"version":2}},"categories":[8,1,2,7,3],"tags":[],"class_list":["post-33139","post","type-post","status-publish","format-image","has-post-thumbnail","hentry","category-deliberando","category-diario-armstrong","category-locales","category-politica","category-region","post_format-post-format-image"],"jetpack_publicize_connections":[],"jetpack_featured_media_url":"https:\/\/armstrongyregion.com.ar\/diario\/wp-content\/uploads\/2022\/02\/Enrique-Estevez-22-.jpg","jetpack_shortlink":"https:\/\/wp.me\/p62QDO-8Cv","jetpack_sharing_enabled":true,"amp_enabled":true,"_links":{"self":[{"href":"https:\/\/armstrongyregion.com.ar\/diario\/wp-json\/wp\/v2\/posts\/33139","targetHints":{"allow":["GET"]}}],"collection":[{"href":"https:\/\/armstrongyregion.com.ar\/diario\/wp-json\/wp\/v2\/posts"}],"about":[{"href":"https:\/\/armstrongyregion.com.ar\/diario\/wp-json\/wp\/v2\/types\/post"}],"author":[{"embeddable":true,"href":"https:\/\/armstrongyregion.com.ar\/diario\/wp-json\/wp\/v2\/users\/1"}],"replies":[{"embeddable":true,"href":"https:\/\/armstrongyregion.com.ar\/diario\/wp-json\/wp\/v2\/comments?post=33139"}],"version-history":[{"count":1,"href":"https:\/\/armstrongyregion.com.ar\/diario\/wp-json\/wp\/v2\/posts\/33139\/revisions"}],"predecessor-version":[{"id":33141,"href":"https:\/\/armstrongyregion.com.ar\/diario\/wp-json\/wp\/v2\/posts\/33139\/revisions\/33141"}],"wp:featuredmedia":[{"embeddable":true,"href":"https:\/\/armstrongyregion.com.ar\/diario\/wp-json\/wp\/v2\/media\/33140"}],"wp:attachment":[{"href":"https:\/\/armstrongyregion.com.ar\/diario\/wp-json\/wp\/v2\/media?parent=33139"}],"wp:term":[{"taxonomy":"category","embeddable":true,"href":"https:\/\/armstrongyregion.com.ar\/diario\/wp-json\/wp\/v2\/categories?post=33139"},{"taxonomy":"post_tag","embeddable":true,"href":"https:\/\/armstrongyregion.com.ar\/diario\/wp-json\/wp\/v2\/tags?post=33139"}],"curies":[{"name":"wp","href":"https:\/\/api.w.org\/{rel}","templated":true}]}}