{"id":33130,"date":"2022-02-09T12:18:37","date_gmt":"2022-02-09T12:18:37","guid":{"rendered":"https:\/\/armstrongyregion.com.ar\/diario\/?p=33130"},"modified":"2022-02-09T12:18:40","modified_gmt":"2022-02-09T12:18:40","slug":"la-provincia-trabaja-para-que-municipios-y-comunas-proyecten-sus-centros-comerciales-a-cielo-abierto","status":"publish","type":"post","link":"https:\/\/armstrongyregion.com.ar\/diario\/la-provincia-trabaja-para-que-municipios-y-comunas-proyecten-sus-centros-comerciales-a-cielo-abierto\/","title":{"rendered":"La provincia trabaja para que municipios y comunas proyecten sus centros comerciales a cielo abierto."},"content":{"rendered":"\n<figure class=\"wp-block-image size-large\"><img loading=\"lazy\" decoding=\"async\" width=\"570\" height=\"320\" src=\"http:\/\/armstrongyregion.com.ar\/diario\/wp-content\/uploads\/2022\/02\/comercio-compagnucci-pcia.jpg\" alt=\"\" class=\"wp-image-33131\" srcset=\"https:\/\/armstrongyregion.com.ar\/diario\/wp-content\/uploads\/2022\/02\/comercio-compagnucci-pcia.jpg 570w, https:\/\/armstrongyregion.com.ar\/diario\/wp-content\/uploads\/2022\/02\/comercio-compagnucci-pcia-300x168.jpg 300w\" sizes=\"auto, (max-width: 570px) 100vw, 570px\" \/><\/figure>\n\n\n\n<h2 class=\"wp-block-heading\"> Al momento se han consolidado 25 proyectos para desarrollar propuestas comerciales y de mejoras para este a\u00f1o. <\/h2>\n\n\n\n<p>\n\nEn el marco del fortalecimiento de la Red Provincial de Centros Comerciales a Cielo Abierto, el Ministerio de Producci\u00f3n, Ciencia y Tecnolog\u00eda, contin\u00faa emitiendo certificados de reconocimiento a proyectos que llevan adelante distintos gobiernos locales. En el d\u00eda de ayer, en Rosario, fue el turno de la Municipalidad de Las Parejas y hoy, en la ciudad de Santa Fe, de la Comuna de Labordeboy.<\/p>\n\n\n\n<p>Dichos certificados se extienden a aquellos gobiernos locales que poseen convenios con el gobierno provincial, y que han avanzado a partir de los aportes otorgados con el dise\u00f1o de sus propuestas para la puesta en valor y mejoras urbanas de las zonas comerciales. Como as\u00ed tambi\u00e9n a nivel comercial, dise\u00f1o institucional y trabajo en red con los comerciantes frentistas y con las instituciones de la sociedad civil.<\/p>\n\n\n\n<p>En tal sentido, coment\u00f3 el secretario de Comercio Interior y Servicios, Juan Marcos Aviano: \u201cReconocemos un trabajo que es fruto de la articulaci\u00f3n p\u00fablico-privada, con una gran satisfacci\u00f3n, en \u00e9ste caso, con Las Parejas, que cuenta con 15 mil habitantes, y Labordeboy, con 2 mil, que est\u00e1n pensando en potenciar a su sector comercial, y que quieren trabajar en infraestructura comercial, al servicio de su gente\u201d.<\/p>\n\n\n\n<p>Luego de la extensi\u00f3n de este reconocimiento, comienza una etapa que incluye, por un lado, la organizaci\u00f3n de actividades de promoci\u00f3n y difusi\u00f3n de los comercios, y capacitaci\u00f3n de los comerciantes, y de los usuarios y consumidores que habitualmente adquieren bienes y servicios en estos paseos.<\/p>\n\n\n\n<p>Tambi\u00e9n se inicia la b\u00fasqueda de fondos (locales, provinciales y nacionales), y la organizaci\u00f3n del financiamiento para consolidar los espacios junto al mejorado del entorno urbano con mobiliarios, luminarias, vidrieras, ornamentaci\u00f3n, espacios p\u00fablicos, parques y paseos, tr\u00e1nsito y movilidad. \u00c9sta labor se lleva adelante de manera mancomunada con los municipios y comunas correspondientes, y con el Ministerio de Infraestructura, Servicios P\u00fablicos y H\u00e1bitat.<\/p>\n\n\n\n<p>En este sentido, cabe destacar que de 53 propuestas y convenios firmados a la fecha hay 25 proyectos presentados, algunos de los cuales han iniciado las obras, y otros ya est\u00e1n trabajando con su formato de Centro Comercial a Cielo Abierto.<\/p>\n\n\n\n<p>Finalmente, agreg\u00f3 Aviano: \u201cEntendemos que este es el camino para la recuperaci\u00f3n econ\u00f3mica en el sector comercial, donde tenemos que apalancar con pol\u00edticas p\u00fablicas, y la Red apunta en ese sentido, con la decisi\u00f3n del gobernador Omar Perotti, y del ministro Daniel Costamagna, que busca que m\u00e1s municipios y comunas trabajen esta tem\u00e1tica\u201d.<\/p>\n","protected":false},"excerpt":{"rendered":"<p>Al momento se han consolidado 25 proyectos para desarrollar propuestas comerciales y de mejoras para este a\u00f1o. En el marco del fortalecimiento de la Red Provincial de Centros Comerciales a Cielo Abierto, el Ministerio de Producci\u00f3n, Ciencia y Tecnolog\u00eda, contin\u00faa emitiendo certificados de reconocimiento a proyectos que llevan adelante distintos gobiernos locales. En el d\u00eda <a href=\"https:\/\/armstrongyregion.com.ar\/diario\/la-provincia-trabaja-para-que-municipios-y-comunas-proyecten-sus-centros-comerciales-a-cielo-abierto\/\" title=\"Read more\" >&#8230;<\/a><\/p>\n","protected":false},"author":1,"featured_media":33131,"comment_status":"open","ping_status":"open","sticky":false,"template":"","format":"image","meta":{"_jetpack_memberships_contains_paid_content":false,"footnotes":"","jetpack_publicize_message":"","jetpack_publicize_feature_enabled":true,"jetpack_social_post_already_shared":true,"jetpack_social_options":{"image_generator_settings":{"template":"highway","default_image_id":0,"enabled":false},"version":2}},"categories":[8,1,2,7,3],"tags":[],"class_list":["post-33130","post","type-post","status-publish","format-image","has-post-thumbnail","hentry","category-deliberando","category-diario-armstrong","category-locales","category-politica","category-region","post_format-post-format-image"],"jetpack_publicize_connections":[],"jetpack_featured_media_url":"https:\/\/armstrongyregion.com.ar\/diario\/wp-content\/uploads\/2022\/02\/comercio-compagnucci-pcia.jpg","jetpack_shortlink":"https:\/\/wp.me\/p62QDO-8Cm","jetpack_sharing_enabled":true,"amp_enabled":true,"_links":{"self":[{"href":"https:\/\/armstrongyregion.com.ar\/diario\/wp-json\/wp\/v2\/posts\/33130","targetHints":{"allow":["GET"]}}],"collection":[{"href":"https:\/\/armstrongyregion.com.ar\/diario\/wp-json\/wp\/v2\/posts"}],"about":[{"href":"https:\/\/armstrongyregion.com.ar\/diario\/wp-json\/wp\/v2\/types\/post"}],"author":[{"embeddable":true,"href":"https:\/\/armstrongyregion.com.ar\/diario\/wp-json\/wp\/v2\/users\/1"}],"replies":[{"embeddable":true,"href":"https:\/\/armstrongyregion.com.ar\/diario\/wp-json\/wp\/v2\/comments?post=33130"}],"version-history":[{"count":1,"href":"https:\/\/armstrongyregion.com.ar\/diario\/wp-json\/wp\/v2\/posts\/33130\/revisions"}],"predecessor-version":[{"id":33132,"href":"https:\/\/armstrongyregion.com.ar\/diario\/wp-json\/wp\/v2\/posts\/33130\/revisions\/33132"}],"wp:featuredmedia":[{"embeddable":true,"href":"https:\/\/armstrongyregion.com.ar\/diario\/wp-json\/wp\/v2\/media\/33131"}],"wp:attachment":[{"href":"https:\/\/armstrongyregion.com.ar\/diario\/wp-json\/wp\/v2\/media?parent=33130"}],"wp:term":[{"taxonomy":"category","embeddable":true,"href":"https:\/\/armstrongyregion.com.ar\/diario\/wp-json\/wp\/v2\/categories?post=33130"},{"taxonomy":"post_tag","embeddable":true,"href":"https:\/\/armstrongyregion.com.ar\/diario\/wp-json\/wp\/v2\/tags?post=33130"}],"curies":[{"name":"wp","href":"https:\/\/api.w.org\/{rel}","templated":true}]}}