{"id":3313,"date":"2015-07-29T12:06:52","date_gmt":"2015-07-29T12:06:52","guid":{"rendered":"https:\/\/armstrongyregion.com.ar\/diario\/?p=3313"},"modified":"2015-07-29T12:06:52","modified_gmt":"2015-07-29T12:06:52","slug":"el-candidato-a-diputado-nacional-por-el-frente-renovador-alejandro-grandinetti-estuvo-en-armstrong","status":"publish","type":"post","link":"https:\/\/armstrongyregion.com.ar\/diario\/el-candidato-a-diputado-nacional-por-el-frente-renovador-alejandro-grandinetti-estuvo-en-armstrong\/","title":{"rendered":"El candidato a Diputado Nacional por el Frente Renovador, Alejandro Grandinetti, estuvo en Armstrong."},"content":{"rendered":"<p><a href=\"http:\/\/armstrongyregion.com.ar\/diario\/wp-content\/uploads\/2015\/07\/emiliano.jpg\"><img loading=\"lazy\" decoding=\"async\" class=\"alignnone size-medium wp-image-3314\" src=\"http:\/\/armstrongyregion.com.ar\/diario\/wp-content\/uploads\/2015\/07\/emiliano-300x226.jpg\" alt=\"emiliano-Gramigna-Armstrong-y-region-\" width=\"300\" height=\"226\" srcset=\"https:\/\/armstrongyregion.com.ar\/diario\/wp-content\/uploads\/2015\/07\/emiliano-300x226.jpg 300w, https:\/\/armstrongyregion.com.ar\/diario\/wp-content\/uploads\/2015\/07\/emiliano.jpg 768w\" sizes=\"auto, (max-width: 300px) 100vw, 300px\" \/><\/a>El martes, acompa\u00f1ado por el concejal electo Emiliano Gramigna, el ex periodista rosarino, tom\u00f3 contacto con la prensa y nos dec\u00eda, \u201cVenimos a Armstrong, en esta recorrida de campa\u00f1a, para interiorizarnos de los temas que son de inter\u00e9s com\u00fan, desde Villa Ocampo, en el norte de la pcia. De Santa Fe, donde se necesita una obra de infraestructura, para un puerto, con el ingreso a la hidrov\u00eda, como uno de los ingresos m\u00e1s importantes del comercio de la Argentina.\u00a0Estuvimos en una industria metal\u00fargica de la ciudad donde la problem\u00e1tica es compleja, ya hay ca\u00edda de ventas\u201d.<\/p>\n<p>Grandinetti agreg\u00f3, \u201cVamos a trabajar en pol\u00edticas que alienten la producci\u00f3n el desarrollo de los mercados internacionales\u201d.<\/p>\n","protected":false},"excerpt":{"rendered":"<p>El martes, acompa\u00f1ado por el concejal electo Emiliano Gramigna, el ex periodista rosarino, tom\u00f3 contacto con la prensa y nos dec\u00eda, \u201cVenimos a Armstrong, en esta recorrida de campa\u00f1a, para interiorizarnos de los temas que son de inter\u00e9s com\u00fan, desde Villa Ocampo, en el norte de la pcia. De Santa Fe, donde se necesita una <a href=\"https:\/\/armstrongyregion.com.ar\/diario\/el-candidato-a-diputado-nacional-por-el-frente-renovador-alejandro-grandinetti-estuvo-en-armstrong\/\" title=\"Read more\" >&#8230;<\/a><\/p>\n","protected":false},"author":2,"featured_media":3314,"comment_status":"open","ping_status":"open","sticky":false,"template":"","format":"standard","meta":{"_jetpack_memberships_contains_paid_content":false,"footnotes":"","jetpack_publicize_message":"","jetpack_publicize_feature_enabled":true,"jetpack_social_post_already_shared":false,"jetpack_social_options":{"image_generator_settings":{"template":"highway","default_image_id":0,"enabled":false},"version":2}},"categories":[8,1,2,7],"tags":[33,2179,20,600,1458,16,15,961,257,2385,621,60,1275],"class_list":["post-3313","post","type-post","status-publish","format-standard","has-post-thumbnail","hentry","category-deliberando","category-diario-armstrong","category-locales","category-politica","tag-a","tag-alejandro","tag-armstrong","tag-candidato","tag-diputado","tag-el","tag-en","tag-estuvo","tag-frente","tag-grandinetti","tag-nacional","tag-por","tag-renovador"],"jetpack_publicize_connections":[],"jetpack_featured_media_url":"https:\/\/armstrongyregion.com.ar\/diario\/wp-content\/uploads\/2015\/07\/emiliano.jpg","jetpack_shortlink":"https:\/\/wp.me\/p62QDO-Rr","jetpack_sharing_enabled":true,"amp_enabled":true,"_links":{"self":[{"href":"https:\/\/armstrongyregion.com.ar\/diario\/wp-json\/wp\/v2\/posts\/3313","targetHints":{"allow":["GET"]}}],"collection":[{"href":"https:\/\/armstrongyregion.com.ar\/diario\/wp-json\/wp\/v2\/posts"}],"about":[{"href":"https:\/\/armstrongyregion.com.ar\/diario\/wp-json\/wp\/v2\/types\/post"}],"author":[{"embeddable":true,"href":"https:\/\/armstrongyregion.com.ar\/diario\/wp-json\/wp\/v2\/users\/2"}],"replies":[{"embeddable":true,"href":"https:\/\/armstrongyregion.com.ar\/diario\/wp-json\/wp\/v2\/comments?post=3313"}],"version-history":[{"count":0,"href":"https:\/\/armstrongyregion.com.ar\/diario\/wp-json\/wp\/v2\/posts\/3313\/revisions"}],"wp:featuredmedia":[{"embeddable":true,"href":"https:\/\/armstrongyregion.com.ar\/diario\/wp-json\/wp\/v2\/media\/3314"}],"wp:attachment":[{"href":"https:\/\/armstrongyregion.com.ar\/diario\/wp-json\/wp\/v2\/media?parent=3313"}],"wp:term":[{"taxonomy":"category","embeddable":true,"href":"https:\/\/armstrongyregion.com.ar\/diario\/wp-json\/wp\/v2\/categories?post=3313"},{"taxonomy":"post_tag","embeddable":true,"href":"https:\/\/armstrongyregion.com.ar\/diario\/wp-json\/wp\/v2\/tags?post=3313"}],"curies":[{"name":"wp","href":"https:\/\/api.w.org\/{rel}","templated":true}]}}