{"id":3310,"date":"2015-07-29T12:03:12","date_gmt":"2015-07-29T12:03:12","guid":{"rendered":"https:\/\/armstrongyregion.com.ar\/diario\/?p=3310"},"modified":"2015-07-29T12:03:12","modified_gmt":"2015-07-29T12:03:12","slug":"maraton-homenaje-a-delfo-cabrera-inscripciones-locales","status":"publish","type":"post","link":"https:\/\/armstrongyregion.com.ar\/diario\/maraton-homenaje-a-delfo-cabrera-inscripciones-locales\/","title":{"rendered":"Marat\u00f3n Homenaje a Delfo Cabrera. Inscripciones locales."},"content":{"rendered":"<p><a href=\"http:\/\/armstrongyregion.com.ar\/diario\/wp-content\/uploads\/2015\/07\/maratonplaca2.jpg\"><img loading=\"lazy\" decoding=\"async\" class=\"alignnone size-medium wp-image-3311\" src=\"http:\/\/armstrongyregion.com.ar\/diario\/wp-content\/uploads\/2015\/07\/maratonplaca2-300x211.jpg\" alt=\"maraton-Armstrong-y-region-\" width=\"300\" height=\"211\" srcset=\"https:\/\/armstrongyregion.com.ar\/diario\/wp-content\/uploads\/2015\/07\/maratonplaca2-300x211.jpg 300w, https:\/\/armstrongyregion.com.ar\/diario\/wp-content\/uploads\/2015\/07\/maratonplaca2.jpg 768w\" sizes=\"auto, (max-width: 300px) 100vw, 300px\" \/><\/a>La Municipalidad de Armstrong solicita a los atletas locales que deseen participar de la 13\u00b0 edici\u00f3n de la Marat\u00f3n Homenaje a Delfo Cabrera a realizarse el domingo 2 de agosto, se inscriban anticipadamente en la Secretar\u00eda de Educaci\u00f3n, Cultura y Deporte.<br \/>\nEs importante que esto suceda para que todos sean incluidos en el seguro de evento. Todos los participantes inscriptos en los 21, 10 y 5 km, categor\u00eda integrativa, deber\u00e1n acercar su nombre, DNI y otros datos requeridos.<br \/>\nTodos los ciudadanos est\u00e1n invitados a participar. Pueden inscribirse hasta el d\u00eda viernes 31 de julio de 7 a 13 hs. en la Secretar\u00eda mencionada y el s\u00e1bado 1 de agosto, durante todo el d\u00eda, en la Estaci\u00f3n M\u00e1s.<\/p>\n","protected":false},"excerpt":{"rendered":"<p>La Municipalidad de Armstrong solicita a los atletas locales que deseen participar de la 13\u00b0 edici\u00f3n de la Marat\u00f3n Homenaje a Delfo Cabrera a realizarse el domingo 2 de agosto, se inscriban anticipadamente en la Secretar\u00eda de Educaci\u00f3n, Cultura y Deporte. Es importante que esto suceda para que todos sean incluidos en el seguro de <a href=\"https:\/\/armstrongyregion.com.ar\/diario\/maraton-homenaje-a-delfo-cabrera-inscripciones-locales\/\" title=\"Read more\" >&#8230;<\/a><\/p>\n","protected":false},"author":2,"featured_media":3311,"comment_status":"open","ping_status":"open","sticky":false,"template":"","format":"standard","meta":{"_jetpack_memberships_contains_paid_content":false,"footnotes":"","jetpack_publicize_message":"","jetpack_publicize_feature_enabled":true,"jetpack_social_post_already_shared":false,"jetpack_social_options":{"image_generator_settings":{"template":"highway","default_image_id":0,"enabled":false},"version":2}},"categories":[5,1,2],"tags":[33,1564,1563,2072,2384,1337,1562],"class_list":["post-3310","post","type-post","status-publish","format-standard","has-post-thumbnail","hentry","category-deportes","category-diario-armstrong","category-locales","tag-a","tag-cabrera","tag-delfo","tag-homenaje","tag-inscripciones","tag-locales-2","tag-maraton"],"jetpack_publicize_connections":[],"jetpack_featured_media_url":"https:\/\/armstrongyregion.com.ar\/diario\/wp-content\/uploads\/2015\/07\/maratonplaca2.jpg","jetpack_shortlink":"https:\/\/wp.me\/p62QDO-Ro","jetpack_sharing_enabled":true,"amp_enabled":true,"_links":{"self":[{"href":"https:\/\/armstrongyregion.com.ar\/diario\/wp-json\/wp\/v2\/posts\/3310","targetHints":{"allow":["GET"]}}],"collection":[{"href":"https:\/\/armstrongyregion.com.ar\/diario\/wp-json\/wp\/v2\/posts"}],"about":[{"href":"https:\/\/armstrongyregion.com.ar\/diario\/wp-json\/wp\/v2\/types\/post"}],"author":[{"embeddable":true,"href":"https:\/\/armstrongyregion.com.ar\/diario\/wp-json\/wp\/v2\/users\/2"}],"replies":[{"embeddable":true,"href":"https:\/\/armstrongyregion.com.ar\/diario\/wp-json\/wp\/v2\/comments?post=3310"}],"version-history":[{"count":0,"href":"https:\/\/armstrongyregion.com.ar\/diario\/wp-json\/wp\/v2\/posts\/3310\/revisions"}],"wp:featuredmedia":[{"embeddable":true,"href":"https:\/\/armstrongyregion.com.ar\/diario\/wp-json\/wp\/v2\/media\/3311"}],"wp:attachment":[{"href":"https:\/\/armstrongyregion.com.ar\/diario\/wp-json\/wp\/v2\/media?parent=3310"}],"wp:term":[{"taxonomy":"category","embeddable":true,"href":"https:\/\/armstrongyregion.com.ar\/diario\/wp-json\/wp\/v2\/categories?post=3310"},{"taxonomy":"post_tag","embeddable":true,"href":"https:\/\/armstrongyregion.com.ar\/diario\/wp-json\/wp\/v2\/tags?post=3310"}],"curies":[{"name":"wp","href":"https:\/\/api.w.org\/{rel}","templated":true}]}}