{"id":33088,"date":"2022-02-02T21:37:51","date_gmt":"2022-02-02T21:37:51","guid":{"rendered":"https:\/\/armstrongyregion.com.ar\/diario\/?p=33088"},"modified":"2022-02-02T21:37:53","modified_gmt":"2022-02-02T21:37:53","slug":"martorano-ya-hemos-aplicado-1-100-000-terceras-dosis-en-toda-la-provincia","status":"publish","type":"post","link":"https:\/\/armstrongyregion.com.ar\/diario\/martorano-ya-hemos-aplicado-1-100-000-terceras-dosis-en-toda-la-provincia\/","title":{"rendered":"Martorano: \u201cYa hemos aplicado 1.100.000 terceras dosis en toda la provincia\u201d"},"content":{"rendered":"\n<figure class=\"wp-block-image size-large\"><img loading=\"lazy\" decoding=\"async\" width=\"570\" height=\"320\" src=\"http:\/\/armstrongyregion.com.ar\/diario\/wp-content\/uploads\/2022\/02\/martorano-3ra-dosis.jpg\" alt=\"\" class=\"wp-image-33089\" srcset=\"https:\/\/armstrongyregion.com.ar\/diario\/wp-content\/uploads\/2022\/02\/martorano-3ra-dosis.jpg 570w, https:\/\/armstrongyregion.com.ar\/diario\/wp-content\/uploads\/2022\/02\/martorano-3ra-dosis-300x168.jpg 300w\" sizes=\"auto, (max-width: 570px) 100vw, 570px\" \/><\/figure>\n\n\n\n<h2 class=\"wp-block-heading\"> As\u00ed lo anunci\u00f3 la ministra de Salud, quien sostuvo que el 31% de los santafesinos ya recibieron su dosis de refuerzo. <\/h2>\n\n\n\n<p>\n\nLa ministra de Salud, Sonia Martorano, brind\u00f3 este mi\u00e9rcoles una conferencia de prensa junto al secretario de Salud, Jorge Prieto, en el vacunatorio que funciona en la Esquina Encendida de la ciudad de Santa Fe.<\/p>\n\n\n\n<p>All\u00ed destac\u00f3 datos alentadores sobre el Plan de Vacunaci\u00f3n para Coronavirus y confirm\u00f3 que \u201cen la provincia se superaron las 7 millones de dosis aplicadas pero adem\u00e1s, estamos trabajando muy fuertemente en febrero y marzo en la aplicaci\u00f3n de terceras dosis o dosis de refuerzo\u201d.<br><br>En ese sentido, la ministra hizo un racconto en el tiempo y record\u00f3 que \u201chace poco m\u00e1s de un a\u00f1o, un 29 de diciembre, comenzamos con este plan de vacunaci\u00f3n, intramuro inicialmente con personal de los hospitales y centros de salud, al mes comenzamos con los geri\u00e1tricos porque estaban all\u00ed las personas m\u00e1s vulnerables, continuamos con los mayores para luego descender en edad. Hicimos 12 a 17 a\u00f1os, 3 a 11, a un a\u00f1o y poco m\u00e1s de un mes estamos hablando de las 3ras dosis\u201d, explic\u00f3.<br><br>Seguidamente, la funcionaria detall\u00f3 que \u201cllegamos al 84% de nuestra poblaci\u00f3n total con esquema inicial. Y hoy estamos con el 31% que se inocularon con 3ras dosis, siendo que estamos encarando los meses fuertes, febrero y marzo para colocar estas dosis\u201d.<br><br><strong>Inicio del ciclo lectivo<\/strong><br>M\u00e1s adelante, la ministra se refiri\u00f3 al comienzo de clases y afirm\u00f3 que \u201cestamos trabajando mucho con el secretario Jorge Prieto y con la ministra de Educaci\u00f3n, Adriana Cantero, en lo que denominamos Aulas Seguras\u201d.<br><br>\u201cEl n\u00famero 1 en esto es la vacunaci\u00f3n y para esto ya podemos contar con el 96% de nuestros docentes con esquema completo y el 72% ya cuentan con su refuerzo\u201d, sostuvo Martorano.<br><br>\u201cA ni\u00f1os y ni\u00f1as de 3 a 11-continu\u00f3- tambi\u00e9n comenz\u00f3 a vacunarse y el 68% ya tiene el esquema completo. Para el nivel secundario, es decir de 12 a 17 a\u00f1os, el 82% tambi\u00e9n est\u00e1 en esta situaci\u00f3n\u201d.<br><br>\u201cPor lo tanto, con estos n\u00fameros podemos trabajar desde Salud en la vacunaci\u00f3n y Aulas seguras\u201d, afirm\u00f3 con seguridad la Ministra.<br><br><strong>La descentralizaci\u00f3n como estrategia de vacunaci\u00f3n<\/strong><br>Martorano explic\u00f3 que \u201choy estamos descentralizando la inoculaci\u00f3n, estamos coordinando con los gremios para estar m\u00e1s cerca de la gente, comenzamos a trabajar con las empresas para generar en los lugares de trabajo el acceso de la vacuna. Para quienes necesiten el refuerzo que es a lo que estamos apuntando, pero probablemente nos encontremos con personas que, por alg\u00fan motivo, no se colocaron la segunda dosis o no iniciaron el esquema. Ah\u00ed estaremos para que lo puedan completar y poder enfrentar con la herramienta m\u00e1s fuerte que tenemos en esta pandemia la vacunaci\u00f3n\u201d.<br><br>Se otorgan m\u00e1s de 40 mil turnos diarios y \u201cle solicitamos a la gente que se acerque en su turno y horario en lo posible para sostener esto que puede observarse y que es el orden en la inoculaci\u00f3n, que pueda ser de manera \u00e1gil y segura\u201d, solicit\u00f3.<\/p>\n\n\n\n<p><strong>Ausentismo y post covid<\/strong><br>La funcionaria provincial reconoci\u00f3 que \u201cestamos teniendo ausentismos altos. Esto se da porque transcurridos un enero con una media de 10 mil o 12 mil casos por d\u00eda, seguramente esto se deba a personas que est\u00e1n transitando el Covid o est\u00e1n saliendo de la enfermedad\u201d.<br><br>En este contexto el Ministerio de Salud plante\u00f3 otra estrategia: \u201cla vacunaci\u00f3n libre para primeras, segundas dosis y para terceras dosis a mayores de 40 a\u00f1os, con 4 meses de la 2da dosis ya pueden acercarse y recibir el refuerzo\u201d.<br><br>Consultada sobre los pasos que deben seguir las personas que tienen o tuvieron Covid, la ministra sostuvo que \u201cla enfermedad deja anticuerpos y los mismos brindan protecci\u00f3n por 90 d\u00edas aproximadamente, por ello se aconseja esperar que transcurra ese plazo para colocarse el refuerzo\u201d.<\/p>\n\n\n\n<p><strong>Sarampi\u00f3n<\/strong><br>Por \u00faltimo, al ser consultada sobre otras vacunas, la ministra explic\u00f3 que \u201ctenemos vacunas de Sarampi\u00f3n y Rub\u00e9ola, son las dobles v\u00edrales distribuidas en todos los efectores. Se inicia una campa\u00f1a para personas entre 18 y 56 a\u00f1os, es muy importante tener el esquema completo porque vamos a salir de la pandemia pero nos queda una deuda con vacunas de calendario y esto ocurre en el mundo entero\u201d, finaliz\u00f3.<\/p>\n","protected":false},"excerpt":{"rendered":"<p>As\u00ed lo anunci\u00f3 la ministra de Salud, quien sostuvo que el 31% de los santafesinos ya recibieron su dosis de refuerzo. La ministra de Salud, Sonia Martorano, brind\u00f3 este mi\u00e9rcoles una conferencia de prensa junto al secretario de Salud, Jorge Prieto, en el vacunatorio que funciona en la Esquina Encendida de la ciudad de Santa <a href=\"https:\/\/armstrongyregion.com.ar\/diario\/martorano-ya-hemos-aplicado-1-100-000-terceras-dosis-en-toda-la-provincia\/\" title=\"Read more\" >&#8230;<\/a><\/p>\n","protected":false},"author":1,"featured_media":33089,"comment_status":"open","ping_status":"open","sticky":false,"template":"","format":"image","meta":{"_jetpack_memberships_contains_paid_content":false,"footnotes":"","jetpack_publicize_message":"","jetpack_publicize_feature_enabled":true,"jetpack_social_post_already_shared":true,"jetpack_social_options":{"image_generator_settings":{"template":"highway","default_image_id":0,"enabled":false},"version":2}},"categories":[8,1,2,4,3],"tags":[],"class_list":["post-33088","post","type-post","status-publish","format-image","has-post-thumbnail","hentry","category-deliberando","category-diario-armstrong","category-locales","category-prevencion-salud","category-region","post_format-post-format-image"],"jetpack_publicize_connections":[],"jetpack_featured_media_url":"https:\/\/armstrongyregion.com.ar\/diario\/wp-content\/uploads\/2022\/02\/martorano-3ra-dosis.jpg","jetpack_shortlink":"https:\/\/wp.me\/p62QDO-8BG","jetpack_sharing_enabled":true,"amp_enabled":true,"_links":{"self":[{"href":"https:\/\/armstrongyregion.com.ar\/diario\/wp-json\/wp\/v2\/posts\/33088","targetHints":{"allow":["GET"]}}],"collection":[{"href":"https:\/\/armstrongyregion.com.ar\/diario\/wp-json\/wp\/v2\/posts"}],"about":[{"href":"https:\/\/armstrongyregion.com.ar\/diario\/wp-json\/wp\/v2\/types\/post"}],"author":[{"embeddable":true,"href":"https:\/\/armstrongyregion.com.ar\/diario\/wp-json\/wp\/v2\/users\/1"}],"replies":[{"embeddable":true,"href":"https:\/\/armstrongyregion.com.ar\/diario\/wp-json\/wp\/v2\/comments?post=33088"}],"version-history":[{"count":1,"href":"https:\/\/armstrongyregion.com.ar\/diario\/wp-json\/wp\/v2\/posts\/33088\/revisions"}],"predecessor-version":[{"id":33090,"href":"https:\/\/armstrongyregion.com.ar\/diario\/wp-json\/wp\/v2\/posts\/33088\/revisions\/33090"}],"wp:featuredmedia":[{"embeddable":true,"href":"https:\/\/armstrongyregion.com.ar\/diario\/wp-json\/wp\/v2\/media\/33089"}],"wp:attachment":[{"href":"https:\/\/armstrongyregion.com.ar\/diario\/wp-json\/wp\/v2\/media?parent=33088"}],"wp:term":[{"taxonomy":"category","embeddable":true,"href":"https:\/\/armstrongyregion.com.ar\/diario\/wp-json\/wp\/v2\/categories?post=33088"},{"taxonomy":"post_tag","embeddable":true,"href":"https:\/\/armstrongyregion.com.ar\/diario\/wp-json\/wp\/v2\/tags?post=33088"}],"curies":[{"name":"wp","href":"https:\/\/api.w.org\/{rel}","templated":true}]}}