{"id":33048,"date":"2022-01-26T20:27:14","date_gmt":"2022-01-26T20:27:14","guid":{"rendered":"https:\/\/armstrongyregion.com.ar\/diario\/?p=33048"},"modified":"2022-01-26T20:27:16","modified_gmt":"2022-01-26T20:27:16","slug":"debemos-priorizar-la-defensa-de-quienes-producen-generan-empleo-y-cumplen-con-sus-obligaciones","status":"publish","type":"post","link":"https:\/\/armstrongyregion.com.ar\/diario\/debemos-priorizar-la-defensa-de-quienes-producen-generan-empleo-y-cumplen-con-sus-obligaciones\/","title":{"rendered":"\u201cDebemos priorizar la defensa de quienes producen, generan empleo y cumplen con sus obligaciones\u201d"},"content":{"rendered":"\n\n\n<p>Los presidentes del interbloque de la UCR provincial, senador Felipe Michlig y el diputado Maximiliano Pullaro (Evoluci\u00f3n), junto al presidente del Foro de Intendentes y Ptes. Comunales, Horacio Ciancio y el Pte. de la UCR provincial, Carlos Fascendini, concretaron un encuentro con titulares de gobiernos locales del departamento San Crist\u00f3bal donde trazaron l\u00edneas de trabajo frente a la inacci\u00f3n del gobierno provincial.<br>\nDe la reuni\u00f3n de trabajo convocada por el senador del Departamento San Crist\u00f3bal Felipe Michlig, participaron intendentes y otros legisladores provinciales para analizar la situaci\u00f3n de los gobiernos locales, planificar actividades y trazar l\u00edneas de acci\u00f3n frente a la ausencia del gobierno de Omar Perotti \u201cque se muestra sin reacci\u00f3n ante los problemas que tiene la provincia\u201d y avanzar en la construcci\u00f3n de una alternativa provincial que d\u00e9 respuesta al conjunto de los santafesinos.<br>\n<em>Trabajo territorial<\/em><br>\nEl senador Felipe Michlig afirm\u00f3 que se trat\u00f3 de \u201cuna reuni\u00f3n muy provechosa qu\u00e9 nos permiti\u00f3 planificar actividades para este a\u00f1o y puntear una agenda de temas para coordinar tanto desde la C\u00e1mara de Senadores como la de Diputados, teniendo en cuenta la representatividad que tiene el radicalismo\u201d.<br>\n\u201cEstamos recorriendo la provincia como lo hicimos siempre, escuchando a los diferentes sectores y enfocados en generar propuestas que tengan como eje la defensa de los que producen, generan empleo y de quienes cumplen con sus obligaciones\u201d remarc\u00f3 Pullaro, quien preside el bloque Evoluci\u00f3n en la C\u00e1mara de Diputados de Santa Fe.<br>\n\u201cEn cada lugar que visitamos, ya sea en comercios, empresas, con productores o con quienes tienen que conducir los ejecutivos locales nos plantean la necesidad de contar con pol\u00edticas p\u00fablicas que les permitan desarrollarse y tener sustentabilidad y previsibilidad en el tiempo, algo que hoy no pasa por la inacci\u00f3n del gobierno de Perotti y la falta de un plan econ\u00f3mico del gobierno kirchnerista de Alberto Fern\u00e1ndez\u201d agreg\u00f3 Pullaro.<br>\n<em>Junto a los gobiernos locales<\/em><br>\nCon la vista puesta en consolidar el espacio que en las \u00faltimas elecciones se mostr\u00f3 con fuerte representatividad en la provincia, Pullaro y Michlig acordar trabajar junto a los intendentes y presidentes comunales de toda la provincia para avanzar en propuestas que reflejen soluciones a los problemas reales de los santafesinos, entre ellos quienes hoy por hoy padecen la inseguridad, la falta de obra, la falta de programas de contenci\u00f3n para los sectores econ\u00f3micos afectados y la ausencia de contenci\u00f3n de los sectores vulnerables.Michlig cont\u00f3 que se comprometieron \u201ca acompa\u00f1ar y consolidar el apoyo hacia los gobiernos locales qu\u00e9 administran una gran cantidad de distritos a nivel provincial con una enorme responsabilidad institucional.<br>\nPor otra parte, Michlig y Pullaro coincidieron en se\u00f1alar que \u201cse avanz\u00f3 en la idea de seguir trabajando con todos los sectores de la oposici\u00f3n en vista a conformar un frente electoral potente que nos permita recuperar el gobierno de la provincia de Santa Fe para volver a recuperar la senda del progreso y mejorar la calidad de vida de todos los santafesinos\u201d.<br>\nDel encuentro, que se desarroll\u00f3 en la localidad de Ambrosetti, participaron la presidenta comunal Dianela Michlig, los diputados Marcelo Gonz\u00e1lez, Fabi\u00e1n Bastia y Juan Cruz C\u00e1ndido, Alejandra Dupouy (intendenta de Ceres), Hugo Boscarol (intendente de Suardi), Horacio Rigo (intendente de San Crist\u00f3bal), Horacio Ciancio (presidente del Foro de Intendentes y Presidentes Comunales de la UCR), Carlos Fascendini (presidente de la Uni\u00f3n C\u00edvica Radical Santa Fe) y Pablo Doro (secretario de gobierno de San Guillermo) entre otros. <\/p>\n","protected":false},"excerpt":{"rendered":"<p>Los presidentes del interbloque de la UCR provincial, senador Felipe Michlig y el diputado Maximiliano Pullaro (Evoluci\u00f3n), junto al presidente del Foro de Intendentes y Ptes. Comunales, Horacio Ciancio y el Pte. de la UCR provincial, Carlos Fascendini, concretaron un encuentro con titulares de gobiernos locales del departamento San Crist\u00f3bal donde trazaron l\u00edneas de trabajo <a href=\"https:\/\/armstrongyregion.com.ar\/diario\/debemos-priorizar-la-defensa-de-quienes-producen-generan-empleo-y-cumplen-con-sus-obligaciones\/\" title=\"Read more\" >&#8230;<\/a><\/p>\n","protected":false},"author":2,"featured_media":33049,"comment_status":"open","ping_status":"open","sticky":false,"template":"","format":"image","meta":{"_jetpack_memberships_contains_paid_content":false,"footnotes":"","jetpack_publicize_message":"","jetpack_publicize_feature_enabled":true,"jetpack_social_post_already_shared":true,"jetpack_social_options":{"image_generator_settings":{"template":"highway","default_image_id":0,"enabled":false},"version":2}},"categories":[1,3],"tags":[],"class_list":["post-33048","post","type-post","status-publish","format-image","has-post-thumbnail","hentry","category-diario-armstrong","category-region","post_format-post-format-image"],"jetpack_publicize_connections":[],"jetpack_featured_media_url":"https:\/\/armstrongyregion.com.ar\/diario\/wp-content\/uploads\/2022\/01\/IMG-20220126-WA0104.jpg","jetpack_shortlink":"https:\/\/wp.me\/p62QDO-8B2","jetpack_sharing_enabled":true,"amp_enabled":true,"_links":{"self":[{"href":"https:\/\/armstrongyregion.com.ar\/diario\/wp-json\/wp\/v2\/posts\/33048","targetHints":{"allow":["GET"]}}],"collection":[{"href":"https:\/\/armstrongyregion.com.ar\/diario\/wp-json\/wp\/v2\/posts"}],"about":[{"href":"https:\/\/armstrongyregion.com.ar\/diario\/wp-json\/wp\/v2\/types\/post"}],"author":[{"embeddable":true,"href":"https:\/\/armstrongyregion.com.ar\/diario\/wp-json\/wp\/v2\/users\/2"}],"replies":[{"embeddable":true,"href":"https:\/\/armstrongyregion.com.ar\/diario\/wp-json\/wp\/v2\/comments?post=33048"}],"version-history":[{"count":1,"href":"https:\/\/armstrongyregion.com.ar\/diario\/wp-json\/wp\/v2\/posts\/33048\/revisions"}],"predecessor-version":[{"id":33050,"href":"https:\/\/armstrongyregion.com.ar\/diario\/wp-json\/wp\/v2\/posts\/33048\/revisions\/33050"}],"wp:featuredmedia":[{"embeddable":true,"href":"https:\/\/armstrongyregion.com.ar\/diario\/wp-json\/wp\/v2\/media\/33049"}],"wp:attachment":[{"href":"https:\/\/armstrongyregion.com.ar\/diario\/wp-json\/wp\/v2\/media?parent=33048"}],"wp:term":[{"taxonomy":"category","embeddable":true,"href":"https:\/\/armstrongyregion.com.ar\/diario\/wp-json\/wp\/v2\/categories?post=33048"},{"taxonomy":"post_tag","embeddable":true,"href":"https:\/\/armstrongyregion.com.ar\/diario\/wp-json\/wp\/v2\/tags?post=33048"}],"curies":[{"name":"wp","href":"https:\/\/api.w.org\/{rel}","templated":true}]}}